{"id":374865,"date":"2025-09-08T09:06:10","date_gmt":"2025-09-08T09:06:10","guid":{"rendered":"https:\/\/www.europesays.com\/fr\/374865\/"},"modified":"2025-09-08T09:06:10","modified_gmt":"2025-09-08T09:06:10","slug":"idfood-2025-3-entreprises-adherentes-a-la-marque-produit-en-ile-de-france-laureates","status":"publish","type":"post","link":"https:\/\/www.europesays.com\/fr\/374865\/","title":{"rendered":"IDFood 2025 : 3 entreprises adh\u00e9rentes \u00e0 la marque Produit en \u00cele-de-France laur\u00e9ates"},"content":{"rendered":"<p><a href=\"https:\/\/www.iledefrance.fr\/toutes-les-actualites\/idfood-2025-le-concours-dinnovation-alimentaire-en-ile-de-france-est-ouvert-jusquau-15-mai-2025\" data-entity-type=\"node\" data-entity-uuid=\"739bb496-fa02-421f-8228-3424ac708e31\" data-entity-substitution=\"canonical\" rel=\"nofollow noopener\" target=\"_blank\">IdFood est un concours d\u2019innovation<\/a> dans le domaine de l&rsquo;alimentation organis\u00e9 par la<a href=\"https:\/\/www.cci-paris-idf.fr\/fr#1\" target=\"_blank\" rel=\"nofollow noopener\"> CCI Paris \u00cele-de-France<\/a> et l\u2019<a href=\"https:\/\/www.area-idf.net\/\" target=\"_blank\" rel=\"nofollow noopener\">AREA \u00cele-de-France<\/a>, en partenariat avec la R\u00e9gion \u00cele-de-France.<\/p>\n<p>Cr\u00e9\u00e9 en 2008, il s\u2019adresse aux entreprises de l\u2019agroalimentaire afin de <strong>pr\u00e9senter et de valoriser les innovations agroalimentaires en \u00cele-de-France<\/strong>.<\/p>\n<p>Une fois n\u2019est pas coutume, cette ann\u00e9e <strong>les 3 laur\u00e9ats \u00e9taient tous adh\u00e9rents de la marque <\/strong><a href=\"https:\/\/www.iledefrance.fr\/franciliens-vivre-en-ile-de-france\/produire-et-manger-local\/la-marque-produit-en-ile-de-france\" data-entity-type=\"node\" data-entity-uuid=\"8ae69c1b-9104-4bb8-b1f0-8d2c23d77b1e\" data-entity-substitution=\"canonical\" rel=\"nofollow noopener\" target=\"_blank\"><strong>\u00ab Produit en \u00cele-de-France \u00bb<\/strong><\/a>, cr\u00e9\u00e9e par la R\u00e9gion pour <strong>valoriser les produits locaux, favoriser la qualit\u00e9 et les circuits courts en \u00cele-de-France<\/strong>.<\/p>\n<p>\u200b\u00a0Les 3 laur\u00e9ats IDFood 2025<\/p>\n<p>Les 31 entreprises participantes \u00e0 cette 9e \u00e9dition ont \u00e9t\u00e9 soumises \u00e0 un jury d\u2019experts qui les ont \u00e9valu\u00e9es selon les crit\u00e8res suivants : caract\u00e8re innovant, d\u00e9veloppement durable, sant\u00e9, valorisation de l\u2019\u00cele-de-France et d\u00e9veloppement de l\u2019\u00e9conomie locale.<\/p>\n<p>C\u2019est lors de la grande finale d\u2019IDFood 2025, organis\u00e9e le 16 juin 2025 dans les locaux d\u2019AgroParisTech, la grande \u00e9cole d\u2019ing\u00e9nieurs sp\u00e9cialis\u00e9e dans l\u2019agronomie et les sciences du vivant bas\u00e9e \u00e0 Saclay (91), que les laur\u00e9ats ont donc \u00e9t\u00e9 annonc\u00e9s :<\/p>\n<ul>\n<li><strong>Cat\u00e9gorie start-up<\/strong> : <a href=\"https:\/\/maisondatus.com\/\" target=\"_blank\" rel=\"nofollow noopener\">Datus<\/a>, pour sa boisson innovante \u00e0 base de noyaux de dattes, alternative naturelle au caf\u00e9,<\/li>\n<li><strong>Cat\u00e9gorie PME\/ETI<\/strong> : <a href=\"https:\/\/www.fermedelatremblaye.com\/\" target=\"_blank\" rel=\"nofollow noopener\">la Ferme de la Tremblaye <\/a>pour le Pav\u00e9 de Paris, un fromage mixte vache-ch\u00e8vre en trompe-l\u2019\u0153il (repr\u00e9sentant les pav\u00e9s des rues parisiennes), 100\u00a0% local et artisanal,<\/li>\n<li><strong>Cat\u00e9gorie Marque \u00ab Produit en \u00cele-de-France \u00bb<\/strong> : <a href=\"https:\/\/h-o-c.fr\/\" rel=\"nofollow noopener\" target=\"_blank\">L&rsquo;Huilerie de l&rsquo;Orme Creux<\/a> pour ses produits \u00e0 base de sorgho (graine riche en prot\u00e9ine) cultiv\u00e9 en \u00cele-de-France, pour une alimentation durable et r\u00e9siliente.<\/li>\n<\/ul>\n<p>Les 3 entreprises laur\u00e9ates ont remport\u00e9 un stand d\u00e9di\u00e9 lors de la 3e \u00e9dition des Rencontres Commerce Agroalimentaires de l\u2019AREA \u00cele-de-France qui s\u2019est tenue le 8 juillet 2025.<\/p>\n","protected":false},"excerpt":{"rendered":"IdFood est un concours d\u2019innovation dans le domaine de l&rsquo;alimentation organis\u00e9 par la CCI Paris \u00cele-de-France et l\u2019AREA&hellip;\n","protected":false},"author":2,"featured_media":374866,"comment_status":"","ping_status":"","sticky":false,"template":"","format":"standard","meta":{"footnotes":""},"categories":[1592],"tags":[1111,11,1777,674,1011,27,662,12,626,25],"class_list":{"0":"post-374865","1":"post","2":"type-post","3":"status-publish","4":"format-standard","5":"has-post-thumbnail","7":"category-ile-de-france","8":"tag-actu","9":"tag-actualites","10":"tag-eu","11":"tag-europe","12":"tag-fr","13":"tag-france","14":"tag-ile-de-france","15":"tag-news","16":"tag-paris","17":"tag-republique-francaise"},"share_on_mastodon":{"url":"https:\/\/pubeurope.com\/@fr\/115167886314521629","error":""},"_links":{"self":[{"href":"https:\/\/www.europesays.com\/fr\/wp-json\/wp\/v2\/posts\/374865","targetHints":{"allow":["GET"]}}],"collection":[{"href":"https:\/\/www.europesays.com\/fr\/wp-json\/wp\/v2\/posts"}],"about":[{"href":"https:\/\/www.europesays.com\/fr\/wp-json\/wp\/v2\/types\/post"}],"author":[{"embeddable":true,"href":"https:\/\/www.europesays.com\/fr\/wp-json\/wp\/v2\/users\/2"}],"replies":[{"embeddable":true,"href":"https:\/\/www.europesays.com\/fr\/wp-json\/wp\/v2\/comments?post=374865"}],"version-history":[{"count":0,"href":"https:\/\/www.europesays.com\/fr\/wp-json\/wp\/v2\/posts\/374865\/revisions"}],"wp:featuredmedia":[{"embeddable":true,"href":"https:\/\/www.europesays.com\/fr\/wp-json\/wp\/v2\/media\/374866"}],"wp:attachment":[{"href":"https:\/\/www.europesays.com\/fr\/wp-json\/wp\/v2\/media?parent=374865"}],"wp:term":[{"taxonomy":"category","embeddable":true,"href":"https:\/\/www.europesays.com\/fr\/wp-json\/wp\/v2\/categories?post=374865"},{"taxonomy":"post_tag","embeddable":true,"href":"https:\/\/www.europesays.com\/fr\/wp-json\/wp\/v2\/tags?post=374865"}],"curies":[{"name":"wp","href":"https:\/\/api.w.org\/{rel}","templated":true}]}}