{"id":374867,"date":"2025-09-08T09:07:13","date_gmt":"2025-09-08T09:07:13","guid":{"rendered":"https:\/\/www.europesays.com\/fr\/374867\/"},"modified":"2025-09-08T09:07:13","modified_gmt":"2025-09-08T09:07:13","slug":"francois-bayrou-fait-une-erreur-politique-majeure-estime-benjamin-morel-politologue","status":"publish","type":"post","link":"https:\/\/www.europesays.com\/fr\/374867\/","title":{"rendered":"\u00ab\u00a0Fran\u00e7ois Bayrou fait une erreur politique majeure\u00a0\u00bb, estime Benjamin Morel, politologue"},"content":{"rendered":"<p>\n  En amont du vote de confiance et de la probable chute du gouvernement de Fran\u00e7ois Bayrou, le politologue Benjamin Morel d\u00e9crypte la situation dans \u00ab\u00a0La Matinale\u00a0\u00bb, lundi 8 septembre, estimant que le Premier ministre avait d&rsquo;autres cartes \u00e0 jouer plut\u00f4t que de mettre sa place en jeu.\n<\/p>\n<p>En milieu d&rsquo;apr\u00e8s-midi, Fran\u00e7ois Bayrou va monter \u00e0 la tribune de l&rsquo;Assembl\u00e9e nationale pour tenter de convaincre une derni\u00e8re fois les d\u00e9put\u00e9s, avant le <a href=\"https:\/\/www.franceinfo.fr\/politique\/gouvernement-de-francois-bayrou\/direct-francois-bayrou-affronte-un-vote-de-confiance-a-l-assemblee-nationale-la-chute-du-gouvernement-parait-ineluctable_7478794.html\" rel=\"nofollow noopener\" target=\"_blank\">vote de confiance<\/a> dont les r\u00e9sultats laissent peu de place au doute. Pour en parler, Benjamin Morel, politologue et ma\u00eetre de conf\u00e9rences \u00e0 l&rsquo;Universit\u00e9 Paris 2, analyse cette s\u00e9quence politique et ses enjeux, dans \u00ab\u00a0La Matinale\u00a0\u00bb du lundi 8 septembre.<\/p>\n<p><strong>Ce texte correspond \u00e0 une partie de la retranscription de l&rsquo;interview ci-dessus. Cliquez sur la vid\u00e9o pour la regarder en int\u00e9gralit\u00e9.<\/strong><\/p>\n<p><strong>Jean-Baptiste Marteau :<\/strong> C&rsquo;est donc le jour J pour Fran\u00e7ois Bayrou. Une chute annonc\u00e9e par tous les titres de la presse ce matin. D&rsquo;ailleurs, vous \u00e9tiez assez sceptique, d\u00e8s le d\u00e9but, sur ce choix de Fran\u00e7ois Bayrou, qui est assez in\u00e9dit dans la Ve R\u00e9publique. Aucun Premier ministre avant n&rsquo;avait fait le choix de cet article de la Constitution, quand on sait qu&rsquo;il n&rsquo;a aucune chance, ou presque, de le gagner&#8230;<\/p>\n<p><strong>Benjamin Morel :<\/strong> Exactement. C&rsquo;est-\u00e0-dire que lorsque vous utilisez le <a href=\"https:\/\/www.legifrance.gouv.fr\/loda\/article_lc\/LEGIARTI000006527529\/1999-07-09\" target=\"_blank\" rel=\"noopener nofollow\">49 alin\u00e9a premier<\/a>, c&rsquo;est que vous savez que vous aurez une majorit\u00e9 des d\u00e9put\u00e9s. Pour deux raisons. D&rsquo;abord, arithm\u00e9tiquement, ce n&rsquo;est pas comme une motion de censure, c&rsquo;est-\u00e0-dire qu&rsquo;il vous faut une majorit\u00e9 simple [des suffrages exprim\u00e9s]. Il faut tout b\u00eatement qu&rsquo;il y ait plus de d\u00e9put\u00e9s qui votent pour vous que de d\u00e9put\u00e9s contre vous. Alors qu&rsquo;avec une motion de censure, c&rsquo;est une majorit\u00e9 absolue [des membres composant l&rsquo;Assembl\u00e9e].<\/p>\n<p><strong>\u00c7a, le d\u00e9compte, il le savait, Fran\u00e7ois Bayrou, que sur le papier, il n&rsquo;y avait quasiment aucune chance d&rsquo;avoir la majorit\u00e9&#8230;<\/strong><\/p>\n<p>Sauf \u00e0 s&rsquo;illusionner sur une position du Rassemblement national qui, s&rsquo;il s&rsquo;abstenait, pourrait sauver Fran\u00e7ois Bayrou. Mais Marine Le Pen, depuis le mois d&rsquo;avril, est quand m\u00eame relativement claire quant \u00e0 sa strat\u00e9gie, qui est plut\u00f4t de pousser \u00e0 la dissolution. Ce n&rsquo;\u00e9tait donc pas extr\u00eamement \u00e9tonnant, d&rsquo;ailleurs, c&rsquo;est arriv\u00e9 dans les dix premi\u00e8res minutes. Sinon, il fallait que les socialistes votent pour, autrement dit qu&rsquo;ils disent : \u00ab\u00a0Regardez, Fran\u00e7ois Bayrou, on vous fait confiance et on est dans la majorit\u00e9\u00a0\u00bb, ce qui \u00e9videmment n&rsquo;\u00e9tait pas n\u00e9gociable.<\/p>\n<p><strong>Effectivement, si les socialistes avaient pu \u00eatre convaincus, si on avait n\u00e9goci\u00e9 vraiment avec eux, peut-\u00eatre qu&rsquo;ils auraient au moins vot\u00e9 cet apr\u00e8s-midi. Mais m\u00eame dans cette tourn\u00e9e d&rsquo;adieu, Fran\u00e7ois Bayrou n&rsquo;a quasiment rien l\u00e2ch\u00e9 aux socialistes. Il n&rsquo;a pas vraiment n\u00e9goci\u00e9 avec eux&#8230;<\/strong><\/p>\n<p>Il n&rsquo;a rien l\u00e2ch\u00e9 parce que, fondamentalement, aujourd&rsquo;hui, il est dans\u00a0: \u00ab\u00a0Comment est-ce que je soigne ma sortie, comment est-ce que je suis droit dans mes bottes et je t\u00e9moigne pour l&rsquo;histoire et pour l&rsquo;opinion publique\u00a0?\u00a0\u00bb, avec soit des ambitions pour 2027, soit au moins pour les livres d&rsquo;histoire. Sinon, il y aurait eu en effet des n\u00e9gociations claires en amont, ou au moins en aval, parce que fondamentalement, ce 49 alin\u00e9a premier, c&rsquo;est une erreur politique majeure.<\/p>\n<p><strong>Pour vous, c&rsquo;est une erreur politique\u00a0?<\/strong><\/p>\n<p>Oui, parce qu&rsquo;il va tomber. \u00c7a, \u00e7a para\u00eet \u00e0 peu pr\u00e8s \u00e9vident et on verra si je suis contredit ce soir, mais je ne pense pas. En revanche, il y avait des marges de n\u00e9gociation. Il y avait des marges, c&rsquo;est-\u00e0-dire qu&rsquo;il y avait clairement chez les socialistes une double crainte, crainte de la dissolution, et crainte d&rsquo;une forme de d\u00e9faite aux municipales. Pour \u00e7a, ils avaient besoin de quelques \u00e9l\u00e9ments tr\u00e8s forts qui leur permettaient de dire \u00ab\u00a0regardez, on a pu influencer ce budget\u00a0\u00bb.<\/p>\n<p><strong>Comme la taxation des tr\u00e8s hauts revenus ou ce genre de choses\u00a0?<\/strong><\/p>\n<p>Ou m\u00eame les fameux jours f\u00e9ri\u00e9s. Si vous l\u00e2chiez au Parti socialiste les jours f\u00e9ri\u00e9s, le PS pouvait dire \u00ab\u00a0on a sauv\u00e9 les Fran\u00e7ais de deux jours f\u00e9ri\u00e9s\u00a0\u00bb, \u00e7a pouvait \u00e9ventuellement faire bouger la donne. Donc, il fallait voir ce qui pouvait \u00eatre n\u00e9goci\u00e9 pour faire passer le budget. Et \u00e0 ce moment-l\u00e0, il y avait une possibilit\u00e9 qu&rsquo;il ne tombe pas. Et quand bien m\u00eame, il pouvait tomber en appliquant son budget par ordonnance \u00e0 la fin de l&rsquo;ann\u00e9e, ce qui lui permettait de donner un budget \u00e0 la France. Le fait de partir si t\u00f4t sans aucun bilan est un vrai probl\u00e8me pour lui.<\/p>\n<p><strong>J&rsquo;ai l&rsquo;impression que depuis un an, effectivement, depuis cette dissolution rat\u00e9e d&rsquo;Emmanuel Macron, on semble red\u00e9couvrir le fonctionnement parlementaire d&rsquo;une d\u00e9mocratie un peu classique en Europe, o\u00f9 il n&rsquo;y a pas de majorit\u00e9 absolue et o\u00f9 l&rsquo;on doit donc n\u00e9gocier avec les oppositions, faire des compromis. L\u00e0, on ne l&rsquo;a toujours pas fait. Michel Barnier ne l&rsquo;avait pas vraiment fait, Fran\u00e7ois Bayrou ne l&rsquo;a pas fait non plus.<\/strong><\/p>\n<p>On ne l&rsquo;a toujours pas fait pour des raisons conjoncturelles et des raisons structurelles. D&rsquo;un point de vue conjoncturel, si vous voulez, vous avez trois blocs politiques assez \u00e9tanches. Donc il est tr\u00e8s difficile pour ces blocs de faire des alliances. Vous mettez le m\u00eame h\u00e9micycle en Allemagne, en Italie, ce n&rsquo;est pas plus g\u00e9rable. Cette tripolarisation est quand m\u00eame tr\u00e8s compliqu\u00e9e \u00e0 mettre en place. Ensuite, vous avez des \u00e9l\u00e9ments structurels, le mode de scrutin par exemple, qui rend tr\u00e8s difficile la formation d&rsquo;alliances post-\u00e9lectorales en France, l\u00e0 o\u00f9 la proportionnelle le facilite. De l&rsquo;autre c\u00f4t\u00e9, vous avez l&rsquo;approche des municipales et de la pr\u00e9sidentielle, qui fait qu&rsquo;aujourd&rsquo;hui, personne n&rsquo;a int\u00e9r\u00eat fondamentalement \u00e0 assumer le bilan du gouvernement sortant. Tout le monde a int\u00e9r\u00eat \u00e0 s&rsquo;en distinguer, y compris d&rsquo;ailleurs au sein du socle commun, ce qui n&rsquo;entra\u00eene pas sa stabilit\u00e9.<\/p>\n<p><strong>Cliquez sur la vid\u00e9o pour regarder l&rsquo;entretien en int\u00e9gralit\u00e9.<\/strong><\/p>\n","protected":false},"excerpt":{"rendered":"En amont du vote de confiance et de la probable chute du gouvernement de Fran\u00e7ois Bayrou, le politologue&hellip;\n","protected":false},"author":2,"featured_media":374868,"comment_status":"","ping_status":"","sticky":false,"template":"","format":"standard","meta":{"footnotes":""},"categories":[1888],"tags":[1111,1928,11,1927,1777,674,1011,27,12,1926,626,1925,25],"class_list":{"0":"post-374867","1":"post","2":"type-post","3":"status-publish","4":"format-standard","5":"has-post-thumbnail","7":"category-paris","8":"tag-actu","9":"tag-actu-paris","10":"tag-actualites","11":"tag-actualites-paris","12":"tag-eu","13":"tag-europe","14":"tag-fr","15":"tag-france","16":"tag-news","17":"tag-news-paris","18":"tag-paris","19":"tag-paris-news","20":"tag-republique-francaise"},"share_on_mastodon":{"url":"https:\/\/pubeurope.com\/@fr\/115167890206965866","error":""},"_links":{"self":[{"href":"https:\/\/www.europesays.com\/fr\/wp-json\/wp\/v2\/posts\/374867","targetHints":{"allow":["GET"]}}],"collection":[{"href":"https:\/\/www.europesays.com\/fr\/wp-json\/wp\/v2\/posts"}],"about":[{"href":"https:\/\/www.europesays.com\/fr\/wp-json\/wp\/v2\/types\/post"}],"author":[{"embeddable":true,"href":"https:\/\/www.europesays.com\/fr\/wp-json\/wp\/v2\/users\/2"}],"replies":[{"embeddable":true,"href":"https:\/\/www.europesays.com\/fr\/wp-json\/wp\/v2\/comments?post=374867"}],"version-history":[{"count":0,"href":"https:\/\/www.europesays.com\/fr\/wp-json\/wp\/v2\/posts\/374867\/revisions"}],"wp:featuredmedia":[{"embeddable":true,"href":"https:\/\/www.europesays.com\/fr\/wp-json\/wp\/v2\/media\/374868"}],"wp:attachment":[{"href":"https:\/\/www.europesays.com\/fr\/wp-json\/wp\/v2\/media?parent=374867"}],"wp:term":[{"taxonomy":"category","embeddable":true,"href":"https:\/\/www.europesays.com\/fr\/wp-json\/wp\/v2\/categories?post=374867"},{"taxonomy":"post_tag","embeddable":true,"href":"https:\/\/www.europesays.com\/fr\/wp-json\/wp\/v2\/tags?post=374867"}],"curies":[{"name":"wp","href":"https:\/\/api.w.org\/{rel}","templated":true}]}}