{"id":374873,"date":"2025-09-08T09:10:15","date_gmt":"2025-09-08T09:10:15","guid":{"rendered":"https:\/\/www.europesays.com\/fr\/374873\/"},"modified":"2025-09-08T09:10:15","modified_gmt":"2025-09-08T09:10:15","slug":"si-tu-veux-en-decoudre-un-combattant-chauffe-benoit-saint-denis-apres-sa-victoire-contre-ruffy","status":"publish","type":"post","link":"https:\/\/www.europesays.com\/fr\/374873\/","title":{"rendered":"\u00ab\u00a0Si tu veux en d\u00e9coudre\u2026\u00a0\u00bb, un combattant chauffe Benoit Saint Denis apr\u00e8s sa victoire contre Ruffy"},"content":{"rendered":"<p>Sublime vainqueur du Br\u00e9silien Mauricio Ruffy lors de l\u2019UFC Paris 2025 samedi soir \u00e0 l\u2019Accor Arena, Benoit Saint Denis esp\u00e8re remonter rapidement dans la cage. Pr\u00e9sent \u00e0 l\u2019Accor Arena, le Polonais Mateusz Gamrot a interpell\u00e9 \u00ab\u00a0BSD\u00a0\u00bb sur les r\u00e9seaux pour lui donner rendez-vous en d\u00e9cembre.<\/p>\n<p>Quelle feuille de route r\u00eav\u00e9e pour <a href=\"https:\/\/rmcsport.bfmtv.com\/sports-de-combat\/combattants\/benoit-saint-denis_DN-202311140511.html\" title=\"Beno\u00eet Saint Denis\" class=\"internal_link\" rel=\"nofollow noopener\" target=\"_blank\">Benoit Saint Denis<\/a> apr\u00e8s son triomphe samedi soir \u00e0 Paris? Apr\u00e8s avoir <a href=\"https:\/\/rmcsport.bfmtv.com\/sports-de-combat\/mma\/ufc\/aller-beaucoup-plus-loin-benoit-saint-denis-affiche-ses-grosses-ambitions-apres-sa-belle-victoire-a-l-ufc-paris-2025_AV-202509070110.html\" title=\"&quot;J\u2019ai \u00e9t\u00e9 intelligent&quot;: Beno\u00eet Saint Denis savoure sa victoire et affiche ses grosses ambitions apr\u00e8s l&#039;UFC Paris 2025\" class=\"internal_link\" rel=\"nofollow noopener\" target=\"_blank\">marqu\u00e9 les esprits face \u00e0 Mauricio Ruffy<\/a>, battu pas soumission, \u00ab\u00a0God of War\u00a0\u00bb regarde \u00e0 nouveau vers les sommets. Lorsqu\u2019il a \u00e9t\u00e9 interrog\u00e9 sur ses souhaits pour ses prochains combats, \u00e0 chaud dans la cage, BSD a clairement indiqu\u00e9 viser le top 10, avec deux combattants dans sa ligne de mire: \u00ab\u00a0Si l\u2019UFC n\u2019arrive pas \u00e0 trouver un combattant pour Arman (Tsarukyan) ou Gamrot je suis partant.\u00a0\u00bb<\/p>\n<p><strong><a href=\"https:\/\/www.rmcsport.tv\/offre-digitale.html?sfrintid=rmcsport_hd_offre-offre-digitale&amp;utm_medium=partenariat&amp;utm_campaign=partenariat_ott_sabonner&amp;utm_source=rmc-sport-news&amp;utm_term=&amp;utm_content=\" target=\"_blank\" class=\"external_link\" rel=\"nofollow noopener\">&gt;&gt; Vivez le meilleur du MMA avec les offres RMC Sport<\/a><\/strong><\/p>\n<p>Pourtant pr\u00e9sent \u00e0 l\u2019Accor Arena et plac\u00e9 juste au bord de la cage, Mateusz Gamrot, pr\u00e9tendant n\u00b08 des -70kg, n\u2019\u00e9tait visiblement pas attentif \u00e0 cet instant. Car dimanche, le Polonais a reproch\u00e9 au Fran\u00e7ais de ne pas l\u2019avoir call out: \u00ab\u00a0J\u2019\u00e9tais tout pr\u00e8s hier et j\u2019ai attendu une r\u00e9action mais il y a eu qu\u2019un silence. Si tu veux en d\u00e9coudre, rendez-vous en d\u00e9cembre\u00a0\u00bb, a \u00e9crit Gamrot sur X.<\/p>\n<p>&gt;&gt; <a href=\"https:\/\/rmcsport.bfmtv.com\/sports-de-combat\/mma\/ufc\/ufc-gane-imavov-fiorot-saint-denis-quand-auront-lieu-les-prochains-combats-des-francais_AV-202501220757.html\" title=\"UFC: Gane, Imavov, Fiorot, Saint Denis... Quand auront lieu les prochains combats des Fran\u00e7ais?\" class=\"internal_link\" rel=\"nofollow noopener\" target=\"_blank\">UFC: Gane, Imavov, Fiorot, Saint Denis&#8230; Quand auront lieu les prochains combats des Fran\u00e7ais<\/a>?<\/p>\n<p>BSD pense aussi \u00e0 la ceinture BMF<\/p>\n<p>Ce n\u2019est pas la premi\u00e8re fois que les deux combattants se cherchent. \u00ab\u00a0Donnez moi le main event \u00e0 Paris\u00a0\u00bb, avait l\u00e2ch\u00e9 le Polonais au mois de juin apr\u00e8s <a href=\"https:\/\/rmcsport.bfmtv.com\/sports-de-combat\/mma\/ufc\/ufc-benoit-saint-denis-combat-facile-gamrot-defie-a-nouveau-bsd-apres-sa-victoire-face-a-klein_AV-202506010264.html\" title=\"UFC: &quot;Beno\u00eet Saint Denis? Combat facile&quot;, Gamrot d\u00e9fie \u00e0 nouveau BSD apr\u00e8s sa victoire face \u00e0 Klein\" class=\"internal_link\" rel=\"nofollow noopener\" target=\"_blank\">sa victoire face \u00e0 Ludovic Klein \u00e0 l&rsquo;UFC Vegas 107<\/a>. Et de se moquer de Benoit Saint Denis: \u00ab\u00a0Son surnom est &lsquo;God of War&rsquo;, je peux le changer en &lsquo;God of comfort zone&rsquo;. Il a re\u00e7u l&rsquo;offre pour se battre avec moi une semaine avant. Plusieurs fois, il a dit qu&rsquo;il voulait se battre avec moi. Il a eu l&rsquo;opportunit\u00e9 et il a dit non. What the fuck? God of comfort zone.\u00a0\u00bb BSD avait d\u00e9menti avoir refus\u00e9 de combattre face \u00e0 Gamrot.<\/p>\n<p>Samedi, en conf\u00e9rence de presse, celui qui aimerait remonter dans la cage au mois de novembre en a dit plus sur ses intentions: \u00ab\u00a0Des combats sont int\u00e9ressants pour la ceinture lightweight d\u2019autres pour la BMF parce ce que je pense \u00eatre aussi candidat pour cette ceinture (rires). Moi et Hooker en demi-finale pour la BMF, \u00e7a pourrait \u00eatre sympa. Ou Justin (Gaethje) s\u2019il n\u2019obtient pas le title shot, \u00e7a peut \u00eatre une id\u00e9e pour l\u2019UFC. Plein de choses sont envisageables. M\u00eame dans le top 20 il y a des combats qui m\u2019excitent.\u00a0\u00bb<\/p>\n","protected":false},"excerpt":{"rendered":"Sublime vainqueur du Br\u00e9silien Mauricio Ruffy lors de l\u2019UFC Paris 2025 samedi soir \u00e0 l\u2019Accor Arena, Benoit Saint&hellip;\n","protected":false},"author":2,"featured_media":374874,"comment_status":"","ping_status":"","sticky":false,"template":"","format":"standard","meta":{"footnotes":""},"categories":[1888],"tags":[11,1777,674,1011,27,12,626,25],"class_list":{"0":"post-374873","1":"post","2":"type-post","3":"status-publish","4":"format-standard","5":"has-post-thumbnail","7":"category-paris","8":"tag-actualites","9":"tag-eu","10":"tag-europe","11":"tag-fr","12":"tag-france","13":"tag-news","14":"tag-paris","15":"tag-republique-francaise"},"share_on_mastodon":{"url":"https:\/\/pubeurope.com\/@fr\/115167902040002468","error":""},"_links":{"self":[{"href":"https:\/\/www.europesays.com\/fr\/wp-json\/wp\/v2\/posts\/374873","targetHints":{"allow":["GET"]}}],"collection":[{"href":"https:\/\/www.europesays.com\/fr\/wp-json\/wp\/v2\/posts"}],"about":[{"href":"https:\/\/www.europesays.com\/fr\/wp-json\/wp\/v2\/types\/post"}],"author":[{"embeddable":true,"href":"https:\/\/www.europesays.com\/fr\/wp-json\/wp\/v2\/users\/2"}],"replies":[{"embeddable":true,"href":"https:\/\/www.europesays.com\/fr\/wp-json\/wp\/v2\/comments?post=374873"}],"version-history":[{"count":0,"href":"https:\/\/www.europesays.com\/fr\/wp-json\/wp\/v2\/posts\/374873\/revisions"}],"wp:featuredmedia":[{"embeddable":true,"href":"https:\/\/www.europesays.com\/fr\/wp-json\/wp\/v2\/media\/374874"}],"wp:attachment":[{"href":"https:\/\/www.europesays.com\/fr\/wp-json\/wp\/v2\/media?parent=374873"}],"wp:term":[{"taxonomy":"category","embeddable":true,"href":"https:\/\/www.europesays.com\/fr\/wp-json\/wp\/v2\/categories?post=374873"},{"taxonomy":"post_tag","embeddable":true,"href":"https:\/\/www.europesays.com\/fr\/wp-json\/wp\/v2\/tags?post=374873"}],"curies":[{"name":"wp","href":"https:\/\/api.w.org\/{rel}","templated":true}]}}