{"id":374877,"date":"2025-09-08T09:12:12","date_gmt":"2025-09-08T09:12:12","guid":{"rendered":"https:\/\/www.europesays.com\/fr\/374877\/"},"modified":"2025-09-08T09:12:12","modified_gmt":"2025-09-08T09:12:12","slug":"pourquoi-la-russie-a-frappe-le-siege-du-gouvernement-ukrainien","status":"publish","type":"post","link":"https:\/\/www.europesays.com\/fr\/374877\/","title":{"rendered":"pourquoi la Russie a frapp\u00e9 le si\u00e8ge du gouvernement ukrainien"},"content":{"rendered":"<p class=\"article-p mdl\">Vladimir Poutine est revenu \u00e0 Moscou apr\u00e8s un voyage diplomatique r\u00e9ussi \u00e0 P\u00e9kin et fait son retour sur la sc\u00e8ne internationale plus fort que jamais. Malgr\u00e9, une \u00e9conomie qui patine et des pertes sur le terrain qui avoisinent chaque jour le millier de soldats russes tu\u00e9s ou mis hors de combat.\u00a0<\/p>\n<p class=\"article-p mdl\">Encore une fois, la Russie a pilonn\u00e9 l&rsquo;<a class=\"link\" href=\"https:\/\/www.rtl.fr\/actu\/international\/guerre-en-ukraine-vers-un-envoi-de-troupes-europeennes-en-cas-de-cessez-le-feu-7900537460\" target=\"_blank\" rel=\"noopener\">Ukraine<\/a>\u00a0le 7 septembre, en ciblant le si\u00e8ge du gouvernement ukrainien avec une frappe \u00e0 seulement <strong>600 m\u00e8tres du Palais pr\u00e9sidentiel<\/strong>. Trois semaines apr\u00e8s\u00a0<a class=\"link\" href=\"https:\/\/www.rtl.fr\/actu\/international\/diaporama-sommet-sur-l-ukraine-les-images-marquantes-de-la-rencontre-entre-donald-trump-et-vladimir-poutine-7900531200\" title=\"DIAPORAMA - Sommet sur l&#039;Ukraine : les images marquantes de la rencontre entre Donald Trump et Vladimir Poutine\" target=\"_blank\" rel=\"noopener\">la rencontre entre Donald Trump et Vladimir Poutine,\u00a0<\/a>le chef du Kremlin n&rsquo;a pas peur de rien et veut prouver qu&rsquo;il a les mains libres.\u00a0<\/p>\n<p class=\"article-p mdl\">Depuis l&rsquo;arriv\u00e9e de Donald Trump \u00e0 la t\u00eate des \u00c9tats-Unis, Washington n&rsquo;aide plus l&rsquo;Ukraine et les sanctions am\u00e9ricaines se font attendre. N\u00e9anmoins, le 47e pr\u00e9sident des \u00c9tats-Unis a d\u00e9clar\u00e9 dans la nuit du 7 au 8 septembre ne pas \u00ab\u00a0\u00eatre content\u00a0\u00bb.\u00a0<\/p>\n<p>            Donald Trump va-t-il enfin sanctionner la Russie ?<\/p>\n<p class=\"article-p mdl\">Washington s&rsquo;est dit pr\u00eat \u00e0 augmenter la pression pour provoquer un effondrement de l&rsquo;\u00e9conomie russe. En v\u00e9rit\u00e9, il faudrait que la Slovaquie et la Hongrie cessent d&rsquo;acheter du gaz \u00e0 la Russie imm\u00e9diatement pour avoir un impact r\u00e9el.<\/p>\n<p class=\"article-p mdl\">De son c\u00f4t\u00e9, <strong>Vladimir Poutine reviendra \u00e0 la table des n\u00e9gociations quand il sera en train de perdre la guerre<\/strong>. En attendant, le chef du Kremlin frappe l&rsquo;Ukraine et le moral de ses habitants.\u00a0<\/p>\n<p>    La r\u00e9daction vous recommande<\/p>\n<p class=\"s-newsletter__title\">\n                L\u2019actualit\u00e9 par la r\u00e9daction de RTL dans votre bo\u00eete mail.\n            <\/p>\n<p class=\"s-newsletter__subtitle\">\n                Gr\u00e2ce \u00e0 votre compte RTL abonnez-vous \u00e0 la newsletter RTL info pour suivre toute l&rsquo;actualit\u00e9 au quotidien\n            <\/p>\n<p>\n                                    Lire la suite\n                                <\/p>\n","protected":false},"excerpt":{"rendered":"Vladimir Poutine est revenu \u00e0 Moscou apr\u00e8s un voyage diplomatique r\u00e9ussi \u00e0 P\u00e9kin et fait son retour sur&hellip;\n","protected":false},"author":2,"featured_media":374878,"comment_status":"","ping_status":"","sticky":false,"template":"","format":"standard","meta":{"footnotes":""},"categories":[1590],"tags":[11,1777,674,3483,107,131,12,362,220],"class_list":{"0":"post-374877","1":"post","2":"type-post","3":"status-publish","4":"format-standard","5":"has-post-thumbnail","7":"category-ukraine","8":"tag-actualites","9":"tag-eu","10":"tag-europe","11":"tag-extrait","12":"tag-fil-info","13":"tag-guerre-en-ukraine","14":"tag-news","15":"tag-replay","16":"tag-ukraine"},"share_on_mastodon":{"url":"https:\/\/pubeurope.com\/@fr\/115167909892639502","error":""},"_links":{"self":[{"href":"https:\/\/www.europesays.com\/fr\/wp-json\/wp\/v2\/posts\/374877","targetHints":{"allow":["GET"]}}],"collection":[{"href":"https:\/\/www.europesays.com\/fr\/wp-json\/wp\/v2\/posts"}],"about":[{"href":"https:\/\/www.europesays.com\/fr\/wp-json\/wp\/v2\/types\/post"}],"author":[{"embeddable":true,"href":"https:\/\/www.europesays.com\/fr\/wp-json\/wp\/v2\/users\/2"}],"replies":[{"embeddable":true,"href":"https:\/\/www.europesays.com\/fr\/wp-json\/wp\/v2\/comments?post=374877"}],"version-history":[{"count":0,"href":"https:\/\/www.europesays.com\/fr\/wp-json\/wp\/v2\/posts\/374877\/revisions"}],"wp:featuredmedia":[{"embeddable":true,"href":"https:\/\/www.europesays.com\/fr\/wp-json\/wp\/v2\/media\/374878"}],"wp:attachment":[{"href":"https:\/\/www.europesays.com\/fr\/wp-json\/wp\/v2\/media?parent=374877"}],"wp:term":[{"taxonomy":"category","embeddable":true,"href":"https:\/\/www.europesays.com\/fr\/wp-json\/wp\/v2\/categories?post=374877"},{"taxonomy":"post_tag","embeddable":true,"href":"https:\/\/www.europesays.com\/fr\/wp-json\/wp\/v2\/tags?post=374877"}],"curies":[{"name":"wp","href":"https:\/\/api.w.org\/{rel}","templated":true}]}}