{"id":374885,"date":"2025-09-08T09:16:11","date_gmt":"2025-09-08T09:16:11","guid":{"rendered":"https:\/\/www.europesays.com\/fr\/374885\/"},"modified":"2025-09-08T09:16:11","modified_gmt":"2025-09-08T09:16:11","slug":"leurope-achete-692-milliards-de-petrole-americain-cet-accord-energetique-geant-qui-abandonne-la-russie-divise-bruxelles-sur-lenvironnement","status":"publish","type":"post","link":"https:\/\/www.europesays.com\/fr\/374885\/","title":{"rendered":"\u00ab L&rsquo;Europe ach\u00e8te 692 milliards de p\u00e9trole am\u00e9ricain \u00bb : cet accord \u00e9nerg\u00e9tique g\u00e9ant qui abandonne la Russie divise Bruxelles sur l&rsquo;environnement"},"content":{"rendered":"<tr>\n<td><strong>EN BREF<\/strong><\/td>\n<\/tr>\n<tr>\n<td>\n<ul>\n<li>\ud83d\udd0c L\u2019UE s\u2019engage \u00e0 acheter des <strong>\u00e9nergies fossiles<\/strong> am\u00e9ricaines pour r\u00e9duire sa d\u00e9pendance \u00e0 la Russie.<\/li>\n<li>\ud83d\udcbc L\u2019accord pr\u00e9voit la <strong>suppression des droits de douane<\/strong> sur plusieurs biens strat\u00e9giques.<\/li>\n<li>\ud83c\udf0d Des questions se posent sur la <strong>compatibilit\u00e9 environnementale<\/strong> de ces importations massives.<\/li>\n<li>Le partenariat renforce les liens <strong>\u00e9conomiques transatlantiques<\/strong> et la souverainet\u00e9 \u00e9nerg\u00e9tique de l\u2019UE.<\/li>\n<\/ul>\n<\/td>\n<\/tr>\n<p>En juillet 2025, l\u2019Union europ\u00e9enne (UE) et les \u00c9tats-Unis ont franchi un cap significatif dans leur relation \u00e9nerg\u00e9tique. Un accord in\u00e9dit a \u00e9t\u00e9 sign\u00e9, marquant une nouvelle \u00e8re de coop\u00e9ration. Ce partenariat vise \u00e0 r\u00e9duire la d\u00e9pendance de l\u2019UE vis-\u00e0-vis des hydrocarbures russes. L\u2019accord, qui comprend des achats massifs de ressources \u00e9nerg\u00e9tiques am\u00e9ricaines, s\u2019inscrit dans une strat\u00e9gie plus large de diversification des sources d\u2019approvisionnement. Parall\u00e8lement, il renforce les liens \u00e9conomiques transatlantiques. Toutefois, cette d\u00e9marche soul\u00e8ve des questions sur la compatibilit\u00e9 avec les objectifs climatiques de l\u2019UE. Les implications \u00e9conomiques, politiques et environnementales de cet accord sont multiples et m\u00e9ritent une analyse approfondie.<\/p>\n<p>Un accord colossal pour r\u00e9duire la d\u00e9pendance \u00e9nerg\u00e9tique<\/p>\n<p>L\u2019Union europ\u00e9enne s\u2019est engag\u00e9e dans un accord d\u2019une ampleur sans pr\u00e9c\u00e9dent avec les \u00c9tats-Unis. D\u2019une valeur de 750 milliards de dollars, soit environ 692 milliards d\u2019euros, cet accord concerne l\u2019importation de gaz naturel liqu\u00e9fi\u00e9 (GNL), de p\u00e9trole brut et de combustibles nucl\u00e9aires. L\u2019objectif principal est de remplacer les volumes d\u2019\u00e9nergie que l\u2019UE importait de la Russie. Les tensions g\u00e9opolitiques actuelles ont accentu\u00e9 cette n\u00e9cessit\u00e9 strat\u00e9gique. Ce partenariat \u00e9nerg\u00e9tique est aussi un symbole de la volont\u00e9 de l\u2019UE de diversifier ses sources d\u2019approvisionnement.<\/p>\n<p>Les termes de l\u2019accord stipulent que les livraisons \u00e9nerg\u00e9tiques seront \u00ab significatives \u00bb. Cette initiative marque une d\u00e9connexion progressive entre Bruxelles et Moscou. Cependant, l\u2019origine am\u00e9ricaine des produits fossiles pose des questions sur la compatibilit\u00e9 avec les objectifs climatiques de l\u2019UE. La Commission europ\u00e9enne affirme que ces mesures sont temporaires et en phase avec la transition \u00e9nerg\u00e9tique \u00e0 long terme.<\/p>\n<blockquote class=\"wp-embedded-content\" data-secret=\"EqgxJsus8A\">\n<p><a href=\"https:\/\/www.le-gaz.fr\/2025\/06\/23\/un-ancien-tunnel-ferroviaire-cache-un-secret-explosif-cette-poche-de-gaz-naturel-force-lexpropriation-des-habitants-des-le-30-juin-2025\/\" rel=\"nofollow noopener\" target=\"_blank\">Un ancien tunnel ferroviaire cache un secret explosif : cette poche de gaz naturel force l\u2019expropriation des habitants d\u00e8s le 30 juin 2025<\/a><\/p>\n<\/blockquote>\n<p>Facilitation des flux commerciaux : un avantage bilat\u00e9ral<\/p>\n<p>Au-del\u00e0 de l\u2019\u00e9nergie, l\u2019accord entre l\u2019UE et les \u00c9tats-Unis comprend un important volet commercial. Il pr\u00e9voit la suppression r\u00e9ciproque des droits de douane sur plusieurs biens strat\u00e9giques. Les secteurs concern\u00e9s incluent l\u2019a\u00e9ronautique, l\u2019industrie chimique, les semi-conducteurs, les produits agricoles et les mati\u00e8res premi\u00e8res critiques. Ces mesures facilitent les \u00e9changes et stimulent la croissance \u00e9conomique des deux c\u00f4t\u00e9s de l\u2019Atlantique.<\/p>\n<p>Donald Trump a qualifi\u00e9 cet accord de \u00ab nouveau chapitre dans l\u2019amiti\u00e9 transatlantique \u00bb. Il a \u00e9galement salu\u00e9 les 600 milliards de dollars d\u2019investissements europ\u00e9ens attendus aux \u00c9tats-Unis. Cette lev\u00e9e des barri\u00e8res douani\u00e8res est per\u00e7ue comme un levier pour renforcer les liens \u00e9conomiques entre les deux continents. Elle vise \u00e0 consolider une interd\u00e9pendance commerciale align\u00e9e sur les int\u00e9r\u00eats strat\u00e9giques mutuels.<\/p>\n<blockquote class=\"wp-embedded-content\" data-secret=\"JrVRgLPeRs\">\n<p><a href=\"https:\/\/www.le-gaz.fr\/2025\/06\/28\/drame-en-ardeche-une-fuite-de-gaz-a-la-voulte-sur-rhone-force-levacuation-de-plus-de-300-habitants-collegiens-et-enseignants-effrayes\/\" rel=\"nofollow noopener\" target=\"_blank\">Drame en Ard\u00e8che : une fuite de gaz \u00e0 La-Voulte-sur-Rh\u00f4ne force l\u2019\u00e9vacuation de plus de 300 habitants, coll\u00e9giens et enseignants effray\u00e9s<\/a><\/p>\n<\/blockquote>\n<p>Un choix strat\u00e9gique pour la souverainet\u00e9 \u00e9nerg\u00e9tique<\/p>\n<p>Depuis 2022, l\u2019UE travaille \u00e0 r\u00e9duire sa d\u00e9pendance \u00e9nerg\u00e9tique vis-\u00e0-vis de la Russie. Cet accord avec les \u00c9tats-Unis s\u2019inscrit dans cette d\u00e9marche. Le Parlement europ\u00e9en a soulign\u00e9 la n\u00e9cessit\u00e9 de renforcer la \u00ab r\u00e9silience \u00e9nerg\u00e9tique \u00bb de l\u2019Union. L\u2019\u00e9nergie devient ainsi un outil de r\u00e9\u00e9quilibrage diplomatique. En se tournant vers les \u00c9tats-Unis, l\u2019UE opte pour un partenaire stable sur le plan g\u00e9opolitique.<\/p>\n<p>Cependant, certains d\u00e9put\u00e9s europ\u00e9ens ont exprim\u00e9 des r\u00e9serves sur la durabilit\u00e9 environnementale de cet accord. Les importations massives de combustibles fossiles am\u00e9ricains pourraient aller \u00e0 l\u2019encontre des engagements climatiques de l\u2019UE. Le d\u00e9bat reste ouvert sur les modalit\u00e9s de compensation carbone et l\u2019alignement sur la taxonomie verte. La question de la transparence des volumes import\u00e9s est \u00e9galement cruciale pour l\u2019avenir.<\/p>\n<p>Enjeux environnementaux et perspectives d\u2019avenir<\/p>\n<p>L\u2019accord \u00e9nerg\u00e9tique UE-USA soul\u00e8ve des pr\u00e9occupations environnementales. L\u2019importation de combustibles fossiles pourrait compromettre les objectifs climatiques de l\u2019UE. La Commission europ\u00e9enne insiste sur le caract\u00e8re transitoire de cet accord. Elle affirme que ces mesures s\u2019inscrivent dans une strat\u00e9gie globale de transition \u00e9nerg\u00e9tique. Cependant, l\u2019impact environnemental de ces importations doit \u00eatre soigneusement \u00e9valu\u00e9.<\/p>\n<p>La question de la compensation carbone est centrale pour concilier cet accord avec les engagements climatiques. L\u2019UE devra \u00e9galement veiller \u00e0 ce que cet accord ne compromette pas sa taxe carbone aux fronti\u00e8res. \u00c0 long terme, l\u2019Union devra explorer des solutions plus durables pour assurer sa s\u00e9curit\u00e9 \u00e9nerg\u00e9tique. Comment l\u2019UE pourra-t-elle concilier ses ambitions de d\u00e9carbonation avec sa strat\u00e9gie de diversification \u00e9nerg\u00e9tique\u202f?<\/p>\n<p>Cet article s\u2019appuie sur des sources v\u00e9rifi\u00e9es et l\u2019assistance de technologies \u00e9ditoriales.<\/p>\n<p id=\"rating\">\u00c7a vous a plu ?\u00a04.4\/5 (23)<\/p>\n","protected":false},"excerpt":{"rendered":"EN BREF \ud83d\udd0c L\u2019UE s\u2019engage \u00e0 acheter des \u00e9nergies fossiles am\u00e9ricaines pour r\u00e9duire sa d\u00e9pendance \u00e0 la Russie.&hellip;\n","protected":false},"author":2,"featured_media":374886,"comment_status":"","ping_status":"","sticky":false,"template":"","format":"standard","meta":{"footnotes":""},"categories":[1586],"tags":[11,1777,674,1011,27,12,25],"class_list":{"0":"post-374885","1":"post","2":"type-post","3":"status-publish","4":"format-standard","5":"has-post-thumbnail","7":"category-europe","8":"tag-actualites","9":"tag-eu","10":"tag-europe","11":"tag-fr","12":"tag-france","13":"tag-news","14":"tag-republique-francaise"},"share_on_mastodon":{"url":"https:\/\/pubeurope.com\/@fr\/115167925626388481","error":""},"_links":{"self":[{"href":"https:\/\/www.europesays.com\/fr\/wp-json\/wp\/v2\/posts\/374885","targetHints":{"allow":["GET"]}}],"collection":[{"href":"https:\/\/www.europesays.com\/fr\/wp-json\/wp\/v2\/posts"}],"about":[{"href":"https:\/\/www.europesays.com\/fr\/wp-json\/wp\/v2\/types\/post"}],"author":[{"embeddable":true,"href":"https:\/\/www.europesays.com\/fr\/wp-json\/wp\/v2\/users\/2"}],"replies":[{"embeddable":true,"href":"https:\/\/www.europesays.com\/fr\/wp-json\/wp\/v2\/comments?post=374885"}],"version-history":[{"count":0,"href":"https:\/\/www.europesays.com\/fr\/wp-json\/wp\/v2\/posts\/374885\/revisions"}],"wp:featuredmedia":[{"embeddable":true,"href":"https:\/\/www.europesays.com\/fr\/wp-json\/wp\/v2\/media\/374886"}],"wp:attachment":[{"href":"https:\/\/www.europesays.com\/fr\/wp-json\/wp\/v2\/media?parent=374885"}],"wp:term":[{"taxonomy":"category","embeddable":true,"href":"https:\/\/www.europesays.com\/fr\/wp-json\/wp\/v2\/categories?post=374885"},{"taxonomy":"post_tag","embeddable":true,"href":"https:\/\/www.europesays.com\/fr\/wp-json\/wp\/v2\/tags?post=374885"}],"curies":[{"name":"wp","href":"https:\/\/api.w.org\/{rel}","templated":true}]}}