{"id":374887,"date":"2025-09-08T09:17:16","date_gmt":"2025-09-08T09:17:16","guid":{"rendered":"https:\/\/www.europesays.com\/fr\/374887\/"},"modified":"2025-09-08T09:17:16","modified_gmt":"2025-09-08T09:17:16","slug":"bruxelles-propose-de-doubler-les-fonds-alloues-au-groenland","status":"publish","type":"post","link":"https:\/\/www.europesays.com\/fr\/374887\/","title":{"rendered":"Bruxelles propose de doubler les fonds allou\u00e9s au Groenland"},"content":{"rendered":"\n<p>La Commission europ\u00e9enne a propos\u00e9 de <strong>doubler l\u2019aide financi\u00e8re accord\u00e9e au Groenland<\/strong>, soit un total de 530 millions d\u2019euros dans le cadre du prochain budget septennal de l\u2019UE.<\/p>\n<p>L\u2019UE est d\u00e9j\u00e0 le deuxi\u00e8me contributeur au <strong>budget public du Groenland<\/strong>, avec un transfert de 49 millions d\u2019euros par an, apr\u00e8s le Danemark.<\/p>\n<p>Sur cette somme, 32 millions d\u2019euros\u00a0<a href=\"https:\/\/eur-lex.europa.eu\/legal-content\/EN\/TXT\/PDF\/?uri=CELEX:32021D1764\" target=\"_blank\" rel=\"noopener\"><strong>sont vers\u00e9s<\/strong><\/a>\u00a0au titre de l\u2019actuel budget \u00e0 long terme et 17 millions d\u2019euros\u00a0<a href=\"https:\/\/www.europarl.europa.eu\/RegData\/etudes\/ATAG\/2025\/775848\/EPRS_ATA(2025)775848_EN.pdf\" target=\"_blank\" rel=\"noopener\"><strong>au titre\u00a0<\/strong><\/a>de l\u2019accord\u00a0de p\u00eache conclu entre l\u2019UE et l\u2019\u00eele arctique, renouvel\u00e9 en d\u00e9cembre dernier.<\/p>\n<p>Selon le plan de la Commission, l\u2019enveloppe annuelle de 32 millions d\u2019euros passerait \u00e0 pr\u00e8s de 76 millions d\u2019euros \u00e0 partir de 2028, soit une augmentation de 130 % en termes r\u00e9els par rapport aux niveaux actuels.<\/p>\n<p>Les fonds permettront de <strong>renforcer la coop\u00e9ration<\/strong> sur les mati\u00e8res premi\u00e8res essentielles, l\u2019\u00e9nergie et l\u2019int\u00e9gration num\u00e9rique au Groenland, a expliqu\u00e9 Michael McGrath, responsable de la justice de l\u2019UE, lors de la pr\u00e9sentation de la proposition mercredi 3 septembre.<\/p>\n<p>Cette annonce fait partie de la derni\u00e8re tranche de la r\u00e9vision du budget \u00e0 long terme de la Commission, apr\u00e8s le premier paquet d\u00e9voil\u00e9 en juillet. De mani\u00e8re plus g\u00e9n\u00e9rale, la Commission propose de presque doubler son investissement global dans 13 pays et territoires d\u2019outre-mer, dont le Groenland, en le faisant passer de 500 millions d\u2019euros \u00e0 1 milliard d\u2019euros.<\/p>\n","protected":false},"excerpt":{"rendered":"La Commission europ\u00e9enne a propos\u00e9 de doubler l\u2019aide financi\u00e8re accord\u00e9e au Groenland, soit un total de 530 millions&hellip;\n","protected":false},"author":2,"featured_media":374888,"comment_status":"","ping_status":"","sticky":false,"template":"","format":"standard","meta":{"footnotes":""},"categories":[1586],"tags":[11,33,1777,674,1779,1011,27,146,20019,12,25,467,1778,364,308],"class_list":{"0":"post-374887","1":"post","2":"type-post","3":"status-publish","4":"format-standard","5":"has-post-thumbnail","7":"category-europe","8":"tag-actualites","9":"tag-economie","10":"tag-eu","11":"tag-europe","12":"tag-european-union","13":"tag-fr","14":"tag-france","15":"tag-groenland","16":"tag-lactu-des-expats","17":"tag-news","18":"tag-republique-francaise","19":"tag-trump","20":"tag-ue","21":"tag-union-europeenne","22":"tag-usa"},"share_on_mastodon":{"url":"https:\/\/pubeurope.com\/@fr\/115167929508494326","error":""},"_links":{"self":[{"href":"https:\/\/www.europesays.com\/fr\/wp-json\/wp\/v2\/posts\/374887","targetHints":{"allow":["GET"]}}],"collection":[{"href":"https:\/\/www.europesays.com\/fr\/wp-json\/wp\/v2\/posts"}],"about":[{"href":"https:\/\/www.europesays.com\/fr\/wp-json\/wp\/v2\/types\/post"}],"author":[{"embeddable":true,"href":"https:\/\/www.europesays.com\/fr\/wp-json\/wp\/v2\/users\/2"}],"replies":[{"embeddable":true,"href":"https:\/\/www.europesays.com\/fr\/wp-json\/wp\/v2\/comments?post=374887"}],"version-history":[{"count":0,"href":"https:\/\/www.europesays.com\/fr\/wp-json\/wp\/v2\/posts\/374887\/revisions"}],"wp:featuredmedia":[{"embeddable":true,"href":"https:\/\/www.europesays.com\/fr\/wp-json\/wp\/v2\/media\/374888"}],"wp:attachment":[{"href":"https:\/\/www.europesays.com\/fr\/wp-json\/wp\/v2\/media?parent=374887"}],"wp:term":[{"taxonomy":"category","embeddable":true,"href":"https:\/\/www.europesays.com\/fr\/wp-json\/wp\/v2\/categories?post=374887"},{"taxonomy":"post_tag","embeddable":true,"href":"https:\/\/www.europesays.com\/fr\/wp-json\/wp\/v2\/tags?post=374887"}],"curies":[{"name":"wp","href":"https:\/\/api.w.org\/{rel}","templated":true}]}}