{"id":374892,"date":"2025-09-08T09:20:10","date_gmt":"2025-09-08T09:20:10","guid":{"rendered":"https:\/\/www.europesays.com\/fr\/374892\/"},"modified":"2025-09-08T09:20:10","modified_gmt":"2025-09-08T09:20:10","slug":"goodbye-rick-davies-le-mythique-cofondateur-de-supertramp-vient-de-mourir","status":"publish","type":"post","link":"https:\/\/www.europesays.com\/fr\/374892\/","title":{"rendered":"Goodbye Rick Davies\u00a0: le mythique cofondateur de Supertramp vient de mourir"},"content":{"rendered":"<p class=\"PopSlotParagraph qg-tx2 qg-xtra-lh svelte-1r0pyek\">Il \u00e9tait l&rsquo;une des voix inoubliables du groupe de rock anglais Supertramp, \u00e9poque ann\u00e9es 70, cheveux longs et tuniques larges\u00a0: Rick Davis, le cofondateur du groupe, est d\u00e9c\u00e9d\u00e9 ce week-end, on l&rsquo;apprend ce lundi matin.<\/p>\n<p class=\"PopSlotParagraph qg-tx2 qg-xtra-lh svelte-1r0pyek\">Avec ses m\u00e9lodies planantes, ses paroles ent\u00eatantes, Rick Davies avait une ambition au tout d\u00e9but des ann\u00e9es 70 : r\u00e9volutionner le rock.<br \/>Il lui aura fallu seulement trois albums pour imprimer le style Supertramp, \u00e9paul\u00e9 de Roger Hudson, recrut\u00e9 \u00e0 l&rsquo;\u00e9poque sur une petite annonce dans le Melody Maker en Angleterre.<\/p>\n<p> Des tubes devenus des hymnes<\/p>\n<p class=\"qg-sr-only\" role=\"heading\" aria-level=\"3\">Pour voir ce contenu, acceptez les cookies.<\/p>\n<p class=\"ConsentNotice-description qg-tx3 svelte-m9wmt1\">Pour afficher ce contenu Youtube, vous devez accepter les cookies <b>Publicit\u00e9<\/b>.<br \/>Ces cookies permettent \u00e0 nos partenaires de vous proposer des publicit\u00e9s et des contenus personnalis\u00e9s en fonction de votre navigation, de votre profil et de vos centres d&rsquo;int\u00e9r\u00eat. <\/p>\n<p>  G\u00e9rer mes choix     J&rsquo;autorise  <\/p>\n<p class=\"PopSlotParagraph qg-tx2 qg-xtra-lh svelte-1r0pyek\">Ensemble, ils vendront plus de 70 millions de disques, \u00e9criront des tonnes de tubes, devenus des hymnes.\u00a0\u00ab\u00a0Goodbye Stranger\u00a0\u00bb, \u00ab\u00a0Rudy\u00a0\u00bb, \u00ab\u00a0Cannonball\u00a0\u00bb, \u00ab\u00a0Better Days\u00a0\u00bb ou encore \u00ab\u00a0Crime of the Century\u00a0\u00bb, du nom du disque qui les a propuls\u00e9s. Rick Davis avait timidement d\u00e9marr\u00e9 au chant, puis fini par s&rsquo;imposer et m\u00eame porter le groupe pendant pr\u00e8s de 50 ans.<\/p>\n<p class=\"PopSlotParagraph qg-tx2 qg-xtra-lh svelte-1r0pyek\">Apr\u00e8s le d\u00e9part de son comparse au milieu des ann\u00e9es 80, une p\u00e9riode creuse et quelques probl\u00e8mes financiers, il avait dissous, puis reform\u00e9 Supertramp, sorti des best-of et assur\u00e9 plusieurs tourn\u00e9es de stade, jusqu&rsquo;en 2015 o\u00f9 la maladie l&rsquo;avait contraint \u00e0 renoncer \u00e0 la sc\u00e8ne.<\/p>\n","protected":false},"excerpt":{"rendered":"Il \u00e9tait l&rsquo;une des voix inoubliables du groupe de rock anglais Supertramp, \u00e9poque ann\u00e9es 70, cheveux longs et&hellip;\n","protected":false},"author":2,"featured_media":374893,"comment_status":"","ping_status":"","sticky":false,"template":"","format":"standard","meta":{"footnotes":""},"categories":[4],"tags":[11,1011,27,12,25],"class_list":{"0":"post-374892","1":"post","2":"type-post","3":"status-publish","4":"format-standard","5":"has-post-thumbnail","7":"category-france","8":"tag-actualites","9":"tag-fr","10":"tag-france","11":"tag-news","12":"tag-republique-francaise"},"share_on_mastodon":{"url":"https:\/\/pubeurope.com\/@fr\/115167941239278153","error":""},"_links":{"self":[{"href":"https:\/\/www.europesays.com\/fr\/wp-json\/wp\/v2\/posts\/374892","targetHints":{"allow":["GET"]}}],"collection":[{"href":"https:\/\/www.europesays.com\/fr\/wp-json\/wp\/v2\/posts"}],"about":[{"href":"https:\/\/www.europesays.com\/fr\/wp-json\/wp\/v2\/types\/post"}],"author":[{"embeddable":true,"href":"https:\/\/www.europesays.com\/fr\/wp-json\/wp\/v2\/users\/2"}],"replies":[{"embeddable":true,"href":"https:\/\/www.europesays.com\/fr\/wp-json\/wp\/v2\/comments?post=374892"}],"version-history":[{"count":0,"href":"https:\/\/www.europesays.com\/fr\/wp-json\/wp\/v2\/posts\/374892\/revisions"}],"wp:featuredmedia":[{"embeddable":true,"href":"https:\/\/www.europesays.com\/fr\/wp-json\/wp\/v2\/media\/374893"}],"wp:attachment":[{"href":"https:\/\/www.europesays.com\/fr\/wp-json\/wp\/v2\/media?parent=374892"}],"wp:term":[{"taxonomy":"category","embeddable":true,"href":"https:\/\/www.europesays.com\/fr\/wp-json\/wp\/v2\/categories?post=374892"},{"taxonomy":"post_tag","embeddable":true,"href":"https:\/\/www.europesays.com\/fr\/wp-json\/wp\/v2\/tags?post=374892"}],"curies":[{"name":"wp","href":"https:\/\/api.w.org\/{rel}","templated":true}]}}