{"id":374894,"date":"2025-09-08T09:22:10","date_gmt":"2025-09-08T09:22:10","guid":{"rendered":"https:\/\/www.europesays.com\/fr\/374894\/"},"modified":"2025-09-08T09:22:10","modified_gmt":"2025-09-08T09:22:10","slug":"faire-briller-le-volley-francais-le-setois-benjamin-toniutti-et-les-bleus-visent-leur-premier-titre-mondial-aux-philippines","status":"publish","type":"post","link":"https:\/\/www.europesays.com\/fr\/374894\/","title":{"rendered":"\u00ab\u00a0Faire briller le volley fran\u00e7ais\u00a0\u00bb, le S\u00e9tois Benjamin Toniutti et les Bleus visent leur premier titre mondial aux Philippines"},"content":{"rendered":"<p>\n                                                                Entretien avec l\u2019embl\u00e9matique capitaine de l\u2019\u00e9quipe de France (36 ans) qui participe au championnat du monde \u00e0 partir du 12\u00a0septembre en Asie.\n                            <\/p>\n<p class=\"txt-question\">\u00c0 quel point l\u2019\u00e9pop\u00e9e des Bleues, battues en quart de finale du Mondial, vous a-t-elle inspir\u00e9e\u00a0?<\/p>\n<p>On a ressenti beaucoup de fiert\u00e9, bravo \u00e0 elles. Elles ont d\u00e9bloqu\u00e9 des choses sur l\u2019aspect mental lors de cette comp\u00e9tition. Elles ont pris conscience qu\u2019elles peuvent rivaliser avec les meilleures \u00e9quipes du monde. Petit \u00e0 petit, elles vont continuer de grandir.<\/p>\n<p class=\"txt-question\">Depuis la d\u00e9faite en Ligue des Nations contre la Slov\u00e9nie, fin juillet, comment se passe votre pr\u00e9paration pour le championnat du monde\u00a0?<\/p>\n<p>On fait une tr\u00e8s bonne pr\u00e9paration. \u00c0 Cannes, on a connu une grosse p\u00e9riode d\u2019entra\u00eenements physiques et techniques avec beaucoup de rythme, d\u2019intensit\u00e9 et de combativit\u00e9. On est arriv\u00e9s au Japon depuis une semaine, on est concentr\u00e9s sur ce qu\u2019on a \u00e0 faire. On a encore quelques jours pour \u00eatre pr\u00eats lors du premier match.<\/p>\n<p class=\"txt-question\">Pour vous, c\u2019est aussi une longue p\u00e9riode de s\u00e9paration avec vos familles. Est-ce difficile \u00e0 vivre\u00a0?<\/p>\n<p>Oui, ce n\u2019est pas simple du tout. Ma fille a\u00een\u00e9e a 10 ans, elle sait que c\u2019est mon m\u00e9tier et ma passion. Tous mes enfants sont fiers de moi, ma femme est solidaire et forte, je ne pourrais jamais assez la remercier\u2026 Mais quand on ram\u00e8ne des m\u00e9dailles et qu\u2019on voit le sourire de nos enfants, ce sont des moments inoubliables.<\/p>\n<p class=\"txt-question\">Vous avez l\u2019avantage de former une sorte de famille avec vos co\u00e9quipiers de l\u2019\u00e9quipe de France\u2026<\/p>\n<p>On se c\u00f4toie depuis presque 20 ans pour certains. C\u2019est plus facile de passer des \u00e9t\u00e9s loin de la famille quand on passe des bons moments avec cette \u00e9quipe qui est port\u00e9e par une \u00e9nergie folle.<\/p>\n<p class=\"txt-question\">Avant de rejoindre les Philippines pour la comp\u00e9tition, vous terminez la pr\u00e9paration au Japon, un pays avec lequel vous avez des liens forts\u2026<\/p>\n<p>On vient souvent au Japon, la premi\u00e8re fois en 2013 \u00e0 Kyoto mais aussi \u00e0 Osaka, Nagoya ou \u00e0 Tokyo pour les Jeux Olympiques en 2021. L\u00e0, nous sommes \u00e0 Okynawa, c\u2019est la troisi\u00e8me fois que nous venons ici. On se sent bien dans ce pays, on aime la culture, les conditions sont superbes.<\/p>\n<p>\u00ab\u00a0Ramener une m\u00e9daille\u00a0\u00bb<\/p>\n<p class=\"txt-question\">Quel est l\u2019objectif fix\u00e9 pour le championnat du monde\u00a0?<\/p>\n<p>L\u2019objectif est clairement de ramener une m\u00e9daille, on sait que ce sera difficile parce que la concurrence est forte dans le volley mondial. Il va falloir qu\u2019on soit nous-m\u00eames\u00a0: agressifs, aller chercher chaque ballon, \u00eatre concentr\u00e9s et jouer en \u00e9quipe. Il faut r\u00e9ussir \u00e0 cr\u00e9er \u00e7a d\u00e8s le d\u00e9but pour arriver sur les matchs couperets avec de la confiance.<\/p>\n<p class=\"txt-question\">\u00c0 titre personnel, comment vous sentez-vous avant d\u2019entamer la comp\u00e9tition\u00a0?<\/p>\n<p>Je me sens tr\u00e8s bien physiquement et techniquement. Nos entra\u00eenements sont de tr\u00e8s bonne qualit\u00e9, tous les feux sont au vert pour aider l\u2019\u00e9quipe du mieux possible.<\/p>\n<p class=\"txt-question\">Cet \u00e9t\u00e9, vous avez pass\u00e9 le cap des 400 s\u00e9lections et un gymnase porte d\u00e9sormais votre nom en Alsace. Que ressentez-vous\u00a0?<\/p>\n<p>Il y a beaucoup de fiert\u00e9. Quand les saisons s\u2019encha\u00eenent, on ne se rend pas compte de l\u2019impact d\u2019une carri\u00e8re. La ville o\u00f9 j\u2019ai grandi a renomm\u00e9 une salle \u00e0 mon nom, c\u2019est quelque chose qui m\u2019a vraiment touch\u00e9. Aussi, je suis content de cette longue carri\u00e8re en \u00e9quipe de France marqu\u00e9e par les 400 s\u00e9lections, j\u2019ai toujours ressenti du plaisir de porter ce maillot et j\u2019ai fait le maximum pour faire briller le volley fran\u00e7ais.<\/p>\n<p class=\"txt-question\">\u00c0 l\u2019image de Nicolas Le Goff, Earvin Ngapeth ou encore Quentin Jouffroy, avez-vous \u00e0 l\u2019esprit de revenir jouer dans un club du championnat fran\u00e7ais avant la fin de votre carri\u00e8re\u00a0?<\/p>\n<p>On est Fran\u00e7ais, on aime la France et on aimerait tous jouer en France. Je ne sais pas si cela pourra se faire, je suis encore sous contrat avec mon club polonais. On verra pour la suite\u2026 \u00c0 Montpellier, il y aura deux champions olympiques, il faut \u00eatre fier de \u00e7a.<\/p>\n<p class=\"txt-question\">Il n\u2019est donc pas exclu de vous voir porter \u00e0 nouveau le maillot de S\u00e8te, votre premier club professionnel\u00a0?<\/p>\n<p>S\u00e8te a une place importante dans ma vie, c\u2019est l\u2019endroit o\u00f9 j\u2019habite avec ma famille. Pour l\u2019instant, je n\u2019y pense pas, c\u2019est trop t\u00f4t.<\/p>\n<p>    Infos en +<\/p>\n<p>Bio express<br \/>N\u00e9 le 30\u00a0octobre 1989 \u00e0 Mulhouse<br \/>Poste\u00a0: passeur<br \/>Plus de 400 s\u00e9lections en \u00e9quipe de France<br \/>Parcours en club\u00a0: S\u00e8te (2009-2013), Ravenna (ITA, 2013-2014), Friedrichschafen (ALL, 2014), Kazan (RUS, 2015), Kedzieryn-Kozle (POL, 2016-2021), Jastrzebski (POL, depuis 2021).<\/p>\n<p>Programme des Bleus au Mondial\u00a0: France \u2013 Cor\u00e9e du Sud, 14\u00a0septembre (18h), France \u2013 Finlande, 16\u00a0septembre (18h), France \u2013 Argentine, 18\u00a0septembre (18h).<\/p>\n","protected":false},"excerpt":{"rendered":"Entretien avec l\u2019embl\u00e9matique capitaine de l\u2019\u00e9quipe de France (36 ans) qui participe au championnat du monde \u00e0 partir&hellip;\n","protected":false},"author":2,"featured_media":374895,"comment_status":"","ping_status":"","sticky":false,"template":"","format":"standard","meta":{"footnotes":""},"categories":[1417],"tags":[1011,27,60,1470,1469],"class_list":{"0":"post-374894","1":"post","2":"type-post","3":"status-publish","4":"format-standard","5":"has-post-thumbnail","7":"category-volley","8":"tag-fr","9":"tag-france","10":"tag-sports","11":"tag-volley","12":"tag-volleyball"},"share_on_mastodon":{"url":"https:\/\/pubeurope.com\/@fr\/115167949190253866","error":""},"_links":{"self":[{"href":"https:\/\/www.europesays.com\/fr\/wp-json\/wp\/v2\/posts\/374894","targetHints":{"allow":["GET"]}}],"collection":[{"href":"https:\/\/www.europesays.com\/fr\/wp-json\/wp\/v2\/posts"}],"about":[{"href":"https:\/\/www.europesays.com\/fr\/wp-json\/wp\/v2\/types\/post"}],"author":[{"embeddable":true,"href":"https:\/\/www.europesays.com\/fr\/wp-json\/wp\/v2\/users\/2"}],"replies":[{"embeddable":true,"href":"https:\/\/www.europesays.com\/fr\/wp-json\/wp\/v2\/comments?post=374894"}],"version-history":[{"count":0,"href":"https:\/\/www.europesays.com\/fr\/wp-json\/wp\/v2\/posts\/374894\/revisions"}],"wp:featuredmedia":[{"embeddable":true,"href":"https:\/\/www.europesays.com\/fr\/wp-json\/wp\/v2\/media\/374895"}],"wp:attachment":[{"href":"https:\/\/www.europesays.com\/fr\/wp-json\/wp\/v2\/media?parent=374894"}],"wp:term":[{"taxonomy":"category","embeddable":true,"href":"https:\/\/www.europesays.com\/fr\/wp-json\/wp\/v2\/categories?post=374894"},{"taxonomy":"post_tag","embeddable":true,"href":"https:\/\/www.europesays.com\/fr\/wp-json\/wp\/v2\/tags?post=374894"}],"curies":[{"name":"wp","href":"https:\/\/api.w.org\/{rel}","templated":true}]}}