{"id":374896,"date":"2025-09-08T09:23:09","date_gmt":"2025-09-08T09:23:09","guid":{"rendered":"https:\/\/www.europesays.com\/fr\/374896\/"},"modified":"2025-09-08T09:23:09","modified_gmt":"2025-09-08T09:23:09","slug":"top-14-les-mots-tres-forts-dugo-mola-sur-thomas-ramos-auteur-dun-match-enorme","status":"publish","type":"post","link":"https:\/\/www.europesays.com\/fr\/374896\/","title":{"rendered":"Top 14. Les mots tr\u00e8s forts d&rsquo;Ugo Mola sur Thomas Ramos, auteur d&rsquo;un match \u00e9norme"},"content":{"rendered":"<p>            Par<br \/>\n        <strong><br \/>\n            <a href=\"https:\/\/actu.fr\/auteur\/clement-mazella\" title=\"Consulter tous les articles de Cl\u00e9ment Mazella\" target=\"_blank\" rel=\"noopener\">Cl\u00e9ment Mazella<\/a><br \/>\n        <\/strong><\/p>\n<p>        Publi\u00e9 le<\/p>\n<p>            8 sept. 2025 \u00e0 10h10        <\/p>\n<p>Brillant depuis plusieurs saisons d\u00e9j\u00e0, <a href=\"https:\/\/actu.fr\/tag\/thomas-ramos\" target=\"_blank\" rel=\"noopener\">Thomas Ramos<\/a> est reparti de plus belle lors de la 1\u00e8re journ\u00e9e de Top 14 dimanche 7 septembre. Face \u00e0 Clermont (<a href=\"https:\/\/actu.fr\/occitanie\/toulouse_31555\/top-14-le-stade-toulousain-defait-clermont-au-terme-d-un-match-d-une-rare-intensite_63127554.html\" target=\"_blank\" rel=\"noopener\">24-34<\/a>), l\u2019arri\u00e8re international (30 ans ; 44 s\u00e9lections) de <a href=\"https:\/\/actu.fr\/tag\/stade-toulousain\" target=\"_blank\" rel=\"noopener\">Toulouse<\/a> a sign\u00e9 un match \u00e9norme, avec un 100% au pied (14 points au total), des relances bien senties, ou encore une passe au pied d\u2019anthologie. Ce que n\u2019a pas manqu\u00e9 de saluer son manager Ugo Mola.<\/p>\n<p>Ugo Mola \u00e9logieux au sujet de Thomas Ramos<\/p>\n<p class=\" wall-content\"><a href=\"https:\/\/rmcsport.bfmtv.com\/rugby\/top-14\/video-top-14-il-bascule-chez-les-joueurs-de-classe-mondiale-mola-tres-elogieux-envers-ramos_VN-202509080217.html\" target=\"_blank\" rel=\"noopener\">Face \u00e0 la presse<\/a> dans les trav\u00e9es de Marcel-Michelin, Ugo Mola n\u2019a pas h\u00e9sit\u00e9 \u00e0 classer Thomas Ramos parmi les joueurs \u00ab\u00a0de classe mondiale\u00a0\u00bb. \u00ab\u00a0Thomas est en ma\u00eetrise de son poste, de son activit\u00e9, de son statut. [\u2026] Quand il est comme \u00e7a, c\u2019est un joueur de classe\u00a0\u00bb.<\/p>\n<blockquote class=\"ac-article-quote wall-content\">\n<p>Thomas a longtemps \u00e9t\u00e9 un joueur de classe internationale, il bascule aujourd&rsquo;hui dans une autre \u00e8re, celle de la classe mondiale. J&rsquo;esp\u00e8re qu&rsquo;on continuera \u00e0 l&rsquo;avoir \u00e0 ce niveau encore longtemps.<\/p>\n<p>    <strong>Ugo Mola <\/strong><br \/>\n        Manager de Toulouse    <\/p><\/blockquote>\n<p class=\" wall-content\">S\u2019il n\u2019a parcouru \u00ab\u00a0que\u00a0\u00bb 37m ballon en mains, c\u2019est lui qui a le plus souvent impuls\u00e9 de l\u2019allant (6 d\u00e9fenseurs battus !) au sein de la ligne de 3\/4 de Toulouse. Surtout, Ramos a r\u00e9gal\u00e9 au pied, avec notamment deux 50\/22 fabuleux.<\/p>\n<p>Ramos ne s\u2019est pas pos\u00e9 de questions<\/p>\n<p class=\" wall-content\">Et la grosse image qui reste du match de Thomas Ramos, c\u2019est cette passe au pied de l\u2019ext\u00e9rieur pour Dimitri Delibes, qui apr\u00e8s 3 crochets, est all\u00e9 \u00e0 dame. \u00ab\u00a0Ce sont des gestes que l\u2019on fait \u00e0 la fin de l\u2019entra\u00eenement pour s\u2019amuser. Je ne me suis pas trop pos\u00e9 de questions. J\u2019ai eu de la chance, pas s\u00fbr que ce sera toujours le cas\u00a0\u00bb.<\/p>\n<p class=\" wall-content\">Quoi qu\u2019il en soit, avec un Thomas Ramos \u00e0 ce niveau, Toulouse peut voir venir\u2026\u00a0<\/p>\n<p class=\" wall-content\">Personnalisez votre actualit\u00e9 en ajoutant vos villes et m\u00e9dias en favori avec <a href=\"https:\/\/moncompte.actu.fr\" title=\"D\u00e9couvez Mon Actu\" rel=\"nofollow noopener\" data-trk=\"{&quot;cta&quot;:{&quot;action&quot;:&quot;https:\\\/\\\/moncompte.actu.fr&quot;,&quot;category&quot;:&quot;mon compte&quot;,&quot;from&quot;:&quot;article footer&quot;,&quot;name&quot;:&quot;Mon actu&quot;,&quot;type&quot;:&quot;cta&quot;}}\" target=\"_blank\">Mon Actu<\/a>.<\/p>\n","protected":false},"excerpt":{"rendered":"Par Cl\u00e9ment Mazella Publi\u00e9 le 8 sept. 2025 \u00e0 10h10 Brillant depuis plusieurs saisons d\u00e9j\u00e0, Thomas Ramos est&hellip;\n","protected":false},"author":2,"featured_media":374897,"comment_status":"","ping_status":"","sticky":false,"template":"","format":"standard","meta":{"footnotes":""},"categories":[1416],"tags":[1011,27,479,1468,60,476,8541,478,1088],"class_list":{"0":"post-374896","1":"post","2":"type-post","3":"status-publish","4":"format-standard","5":"has-post-thumbnail","7":"category-rugby","8":"tag-fr","9":"tag-france","10":"tag-rugby","11":"tag-rugby-football","12":"tag-sports","13":"tag-stade-toulousain","14":"tag-thomas-ramos","15":"tag-top-14","16":"tag-ugo-mola"},"share_on_mastodon":{"url":"https:\/\/pubeurope.com\/@fr\/115167953133569608","error":""},"_links":{"self":[{"href":"https:\/\/www.europesays.com\/fr\/wp-json\/wp\/v2\/posts\/374896","targetHints":{"allow":["GET"]}}],"collection":[{"href":"https:\/\/www.europesays.com\/fr\/wp-json\/wp\/v2\/posts"}],"about":[{"href":"https:\/\/www.europesays.com\/fr\/wp-json\/wp\/v2\/types\/post"}],"author":[{"embeddable":true,"href":"https:\/\/www.europesays.com\/fr\/wp-json\/wp\/v2\/users\/2"}],"replies":[{"embeddable":true,"href":"https:\/\/www.europesays.com\/fr\/wp-json\/wp\/v2\/comments?post=374896"}],"version-history":[{"count":0,"href":"https:\/\/www.europesays.com\/fr\/wp-json\/wp\/v2\/posts\/374896\/revisions"}],"wp:featuredmedia":[{"embeddable":true,"href":"https:\/\/www.europesays.com\/fr\/wp-json\/wp\/v2\/media\/374897"}],"wp:attachment":[{"href":"https:\/\/www.europesays.com\/fr\/wp-json\/wp\/v2\/media?parent=374896"}],"wp:term":[{"taxonomy":"category","embeddable":true,"href":"https:\/\/www.europesays.com\/fr\/wp-json\/wp\/v2\/categories?post=374896"},{"taxonomy":"post_tag","embeddable":true,"href":"https:\/\/www.europesays.com\/fr\/wp-json\/wp\/v2\/tags?post=374896"}],"curies":[{"name":"wp","href":"https:\/\/api.w.org\/{rel}","templated":true}]}}