{"id":374900,"date":"2025-09-08T09:26:12","date_gmt":"2025-09-08T09:26:12","guid":{"rendered":"https:\/\/www.europesays.com\/fr\/374900\/"},"modified":"2025-09-08T09:26:12","modified_gmt":"2025-09-08T09:26:12","slug":"le-grand-questionnement-de-quartararo-apres-son-week-end-a-barcelone","status":"publish","type":"post","link":"https:\/\/www.europesays.com\/fr\/374900\/","title":{"rendered":"le grand questionnement de Quartararo apr\u00e8s son week-end \u00e0 Barcelone"},"content":{"rendered":"<p>Fabio Quartararo a sorti un tr\u00e8s gros week-end avec Yamaha au Grand Prix de Catalogne et on comprend pourquoi le Fran\u00e7ais fait toujours partie des meilleurs pilotes de la grille en terme de pilotage. Deuxi\u00e8me de la course sprint le samedi, il a termin\u00e9 cinqui\u00e8me sur le Circuit de Barcelona-Catalunya dimanche, alors que sa Yamaha est clairement la moins bonne de la grille actuellement. Fort de ses performances, le Fran\u00e7ais a pris la parole hier aupr\u00e8s de GP One et il a fait savoir qu&rsquo;il ne comprenait pas comment il avait obtenu de telles places. Il voulait donc obtenir des r\u00e9ponses et l&rsquo;a fait comprendre \u00e0 son \u00e9curie.<\/p>\n<p>Quartararo en qu\u00eate de r\u00e9ponses<\/p>\n<p>\u00ab\u00a0C\u2019est notre place, mais je m\u2019attendais tout de m\u00eame \u00e0 finir plus proche de la t\u00eate de course. Il faudrait comprendre pourquoi les conditions de piste ont un aussi grand impact sur nos performances. Je ne sais pas pourquoi j\u2019ai termin\u00e9 le Sprint sur le podium, tout comme je ne sais pas pourquoi j\u2019ai fait cette course aujourd\u2019hui. C\u2019est la premi\u00e8re chose que nous devons r\u00e9soudre avec l\u2019\u00e9quipe\u00a0\u00bb, a confi\u00e9 le champion du monde 2021, qui reste l&rsquo;un des plus brillants pilotes de MotoGP actuellement mais doit toujours faire avec une machine capricieuse. Il veut donc savoir pourquoi des fois il brille et d&rsquo;autres fois il coule&#8230;<\/p>\n<p>    Partagez cette info avec vos amis et vos proches en cliquant ici  <\/p>\n<p> Podcasts \u00e0 la une MEN LIFE <\/p>\n<p>    Pour r\u00e9sumer<\/p>\n<p>Fabio Quartararo a sorti un tr\u00e8s gros week-end avec Yamaha au Grand Prix de Catalogne et on comprend pourquoi le Fran\u00e7ais fait toujours partie des meilleurs pilotes de la grille en terme de pilotage.<\/p>\n<p>R\u00e9dacteur<\/p>\n<p><img decoding=\"async\" width=\"76\" height=\"76\" loading=\"lazy\" src=\"https:\/\/www.europesays.com\/fr\/wp-content\/uploads\/2025\/04\/logo-victor-willems.jpg\" alt=\"Victor Willems\"\/><\/p>\n","protected":false},"excerpt":{"rendered":"Fabio Quartararo a sorti un tr\u00e8s gros week-end avec Yamaha au Grand Prix de Catalogne et on comprend&hellip;\n","protected":false},"author":2,"featured_media":374901,"comment_status":"","ping_status":"","sticky":false,"template":"","format":"standard","meta":{"footnotes":""},"categories":[1413],"tags":[1011,27,1457,1456,60],"class_list":{"0":"post-374900","1":"post","2":"type-post","3":"status-publish","4":"format-standard","5":"has-post-thumbnail","7":"category-moto","8":"tag-fr","9":"tag-france","10":"tag-moto","11":"tag-motocycle","12":"tag-sports"},"share_on_mastodon":{"url":"https:\/\/pubeurope.com\/@fr\/115167964936320953","error":""},"_links":{"self":[{"href":"https:\/\/www.europesays.com\/fr\/wp-json\/wp\/v2\/posts\/374900","targetHints":{"allow":["GET"]}}],"collection":[{"href":"https:\/\/www.europesays.com\/fr\/wp-json\/wp\/v2\/posts"}],"about":[{"href":"https:\/\/www.europesays.com\/fr\/wp-json\/wp\/v2\/types\/post"}],"author":[{"embeddable":true,"href":"https:\/\/www.europesays.com\/fr\/wp-json\/wp\/v2\/users\/2"}],"replies":[{"embeddable":true,"href":"https:\/\/www.europesays.com\/fr\/wp-json\/wp\/v2\/comments?post=374900"}],"version-history":[{"count":0,"href":"https:\/\/www.europesays.com\/fr\/wp-json\/wp\/v2\/posts\/374900\/revisions"}],"wp:featuredmedia":[{"embeddable":true,"href":"https:\/\/www.europesays.com\/fr\/wp-json\/wp\/v2\/media\/374901"}],"wp:attachment":[{"href":"https:\/\/www.europesays.com\/fr\/wp-json\/wp\/v2\/media?parent=374900"}],"wp:term":[{"taxonomy":"category","embeddable":true,"href":"https:\/\/www.europesays.com\/fr\/wp-json\/wp\/v2\/categories?post=374900"},{"taxonomy":"post_tag","embeddable":true,"href":"https:\/\/www.europesays.com\/fr\/wp-json\/wp\/v2\/tags?post=374900"}],"curies":[{"name":"wp","href":"https:\/\/api.w.org\/{rel}","templated":true}]}}