{"id":374904,"date":"2025-09-08T09:28:11","date_gmt":"2025-09-08T09:28:11","guid":{"rendered":"https:\/\/www.europesays.com\/fr\/374904\/"},"modified":"2025-09-08T09:28:11","modified_gmt":"2025-09-08T09:28:11","slug":"route-du-roc-louvigne-du-desert-7-septembre-2025-e3-classement-velopressecollection","status":"publish","type":"post","link":"https:\/\/www.europesays.com\/fr\/374904\/","title":{"rendered":"Route Du Roc Louvign\u00e9 Du D\u00e9sert 7 septembre 2025 E3 classement &#8211; Velopressecollection"},"content":{"rendered":"<ol>\n<li><a href=\"https:\/\/news.google.com\/rss\/articles\/CBMi0gFBVV95cUxPUHV5dnhNbnFrM2p3Y2JVaWlGOHJjYmp4YlZlU3pILUl3ZUlHR2JaSGpwWTdNUlZYaUx3bHZrZnpaQjh0M1NNOEMxNGxVZHZJOFREY2VTQ2QxeXVmbTFPVzhuZWtlSC0wZVZaTTFwSFZTdDdrWmlxZHNVZzlicGVqWkd0OHk3cWYtdThKTk05bXhKQ1lxZFNzNXRyaFM5QWZOZUhpRmxRNnZvX2U1aE1ZRzhRMDA5UUhWM2RVVkZMT1dFVUtPVmJhOW1aLU1QLXlZeGc?oc=5\" target=\"_blank\" rel=\"nofollow noopener\">Route Du Roc Louvign\u00e9 Du D\u00e9sert 7 septembre 2025 E3 classement<\/a>&nbsp;&nbsp;Velopressecollection<\/li>\n<li><a href=\"https:\/\/news.google.com\/rss\/articles\/CBMi0gFBVV95cUxNZXpvdEZKcHQwbTVSZEE2ejdLZ25VTThvd25aQkRVREZKTThRbjF6RmNva0NUN01SMVF4OGlUTmtyRHBvME4wRmo1RlBvampNbzlYRVg4WWxqazZQMnFUVEN2cVZ0ZUR2aEVVdWc3b25obWR1bUh0ci1kVGo5d2RyUlFaRnMwU25kckprNEtJWVJNRU92OGI0QXd0MTBhR0xqRVNLQ2VBNV9qNUNoX1ZWY3Y5bDJmUENQYnJFaDJWem5EcF9yZGVZOFJjcGRhTnQ2eVE?oc=5\" target=\"_blank\" rel=\"nofollow noopener\">Route Du Roc Louvign\u00e9 Du D\u00e9sert 7 septembre 2025 E2 classement<\/a>&nbsp;&nbsp;Velopressecollection<\/li>\n<li><a href=\"https:\/\/news.google.com\/rss\/articles\/CBMi0gFBVV95cUxNOWRISjlJVnV4WGxEbkxBZGFzeDJxc0dMN0l0Y3V4ekRJdTlqWWhVbE5iN3ZyTlRNMDNnRFpvRnF5YTVMNEhaNXcyQk8wdmxGZWcyUmx0dFlqMDBrRWVTUGJTb1BrbW9iQXVpN0U1SzRsV1FhTkRBRVlCeC0yZkhLM0hpV3dLb1hhVm04cTBhLTFuRmVSVGhHLXdpdTU0MUN3Q1VQaUstSGlGWVl6ZWZ2bmlmR0gwU0gydkljS0s4SVJJb0Z0NS00RVhndW5RdWpiSlE?oc=5\" target=\"_blank\" rel=\"nofollow noopener\">Louvign\u00e9 Du D\u00e9sert 7 septembre 2025 les engag\u00e9s de course cycliste<\/a>&nbsp;&nbsp;Velopressecollection<\/li>\n<li><a href=\"https:\/\/news.google.com\/rss\/articles\/CBMi0gFBVV95cUxPMElHQU9NMG1SM2JKZ2JMcko4cnU1aDQ5RG1RdHBtdWh0d2M2bjN0WEdyQ3VneE1lYmJncnlEWU5wbi04OGdUZzJMZnQ2V0RzMF9hNk5PbmdIdXcyN0pEUWNYSWV5OFBXZ2tTTHNYUWQxb0wtRlRZSS1LRDFHS3l0NkhLakl5TDl2cXRqRmxhdEVReUNkVTNKMDlac1MzeGV5aUVUQmRKVTJjLVFWVE9mZjRxeEpwVUJYWEtaX0JkUzg1OUt0QUQwRDNUbHRLeUNkdlE?oc=5\" target=\"_blank\" rel=\"nofollow noopener\">Route Du Roc Louvign\u00e9 Du D\u00e9sert 6 septembre 2025 E1 classement<\/a>&nbsp;&nbsp;Velopressecollection<\/li>\n<\/ol>\n","protected":false},"excerpt":{"rendered":"Route Du Roc Louvign\u00e9 Du D\u00e9sert 7 septembre 2025 E3 classement&nbsp;&nbsp;Velopressecollection Route Du Roc Louvign\u00e9 Du D\u00e9sert 7&hellip;\n","protected":false},"author":2,"featured_media":50939,"comment_status":"","ping_status":"","sticky":false,"template":"","format":"standard","meta":{"footnotes":""},"categories":[1411],"tags":[1154,207,1011,27,60],"class_list":{"0":"post-374904","1":"post","2":"type-post","3":"status-publish","4":"format-standard","5":"has-post-thumbnail","7":"category-cyclisme","8":"tag-cycling","9":"tag-cyclisme","10":"tag-fr","11":"tag-france","12":"tag-sports"},"share_on_mastodon":{"url":"https:\/\/pubeurope.com\/@fr\/115167972820076521","error":""},"_links":{"self":[{"href":"https:\/\/www.europesays.com\/fr\/wp-json\/wp\/v2\/posts\/374904","targetHints":{"allow":["GET"]}}],"collection":[{"href":"https:\/\/www.europesays.com\/fr\/wp-json\/wp\/v2\/posts"}],"about":[{"href":"https:\/\/www.europesays.com\/fr\/wp-json\/wp\/v2\/types\/post"}],"author":[{"embeddable":true,"href":"https:\/\/www.europesays.com\/fr\/wp-json\/wp\/v2\/users\/2"}],"replies":[{"embeddable":true,"href":"https:\/\/www.europesays.com\/fr\/wp-json\/wp\/v2\/comments?post=374904"}],"version-history":[{"count":0,"href":"https:\/\/www.europesays.com\/fr\/wp-json\/wp\/v2\/posts\/374904\/revisions"}],"wp:featuredmedia":[{"embeddable":true,"href":"https:\/\/www.europesays.com\/fr\/wp-json\/wp\/v2\/media\/50939"}],"wp:attachment":[{"href":"https:\/\/www.europesays.com\/fr\/wp-json\/wp\/v2\/media?parent=374904"}],"wp:term":[{"taxonomy":"category","embeddable":true,"href":"https:\/\/www.europesays.com\/fr\/wp-json\/wp\/v2\/categories?post=374904"},{"taxonomy":"post_tag","embeddable":true,"href":"https:\/\/www.europesays.com\/fr\/wp-json\/wp\/v2\/tags?post=374904"}],"curies":[{"name":"wp","href":"https:\/\/api.w.org\/{rel}","templated":true}]}}