{"id":374905,"date":"2025-09-08T09:29:07","date_gmt":"2025-09-08T09:29:07","guid":{"rendered":"https:\/\/www.europesays.com\/fr\/374905\/"},"modified":"2025-09-08T09:29:07","modified_gmt":"2025-09-08T09:29:07","slug":"om-feminines-de-la-deception-mais-beaucoup-de-bonnes-choses-pour-la-suite-apres-la-defaite-des-olympiennes-a-lyon-la-provence","status":"publish","type":"post","link":"https:\/\/www.europesays.com\/fr\/374905\/","title":{"rendered":"OM f\u00e9minines : &quot;de la d\u00e9ception&quot; mais &quot;beaucoup de bonnes choses pour la suite&quot; apr\u00e8s la d\u00e9faite des Olympiennes \u00e0 Lyon &#8211; La Provence"},"content":{"rendered":"<ol>\n<li><a href=\"https:\/\/news.google.com\/rss\/articles\/CBMi_AFBVV95cUxQTUk4TTlOS0o2UElqenozSG44Y3VSMTNpMDhVc0J5Wkxzd0NxREYtUU54bUd5UU0xZmxGcXlnOWdHelFzMTNodWVoUEdUMXF5LTJGd1FsU1FsaXhMU2w0c1lvNUE0SmpiMV81MVBhb3M3OWswcjdMOGFCS3Z4bDN1UlBkU19YWkQxR3Jsb1FiaFYxZzdwZ3RjY0poYkRSWElhejdoTWZtWjllOWozSkhUVlVzZ2tVdk9meWM4VWZWMlNMbzRpc2UwMHUzckhMZFExNzNUekhHY01ZVVN1SDlpazZma0RxYUFVR0RKX1JidGN1ZlI3cVJraHdqLTE?oc=5\" target=\"_blank\" rel=\"nofollow noopener\">OM f\u00e9minines : \u00ab\u00a0de la d\u00e9ception\u00a0\u00bb mais \u00ab\u00a0beaucoup de bonnes choses pour la suite\u00a0\u00bb apr\u00e8s la d\u00e9faite des Olympiennes \u00e0 Lyon<\/a>&nbsp;&nbsp;La Provence<\/li>\n<li><a href=\"https:\/\/news.google.com\/rss\/articles\/CBMizwFBVV95cUxON3VmcTh5eUdJWTdBSk4wSFFsV0ZteXlaSTJ1bVQtcENWT1B1VlVxS0JfSHk1RHlvZW1mM1haTmI5Q3g2R2UzOTctaWFWS2E3YkxqeXB2N3NPNnM1TVdXU1hCOUY0Y3Y5dEctQjdIb0daT2Y4cnYwQWdWTmJhRTRPdHNXUDJuYlVGLS0wd1d1OF9MUTFJclZVVy1LbXh3ZVNzTlF3enJUYVFDTmNPVUs2UzRMbUN1WVhfZmhqSmdtZVlPNkV0bUtBTWp6X2RnU3c?oc=5\" target=\"_blank\" rel=\"nofollow noopener\">OL Lyonnes surclasse l&rsquo;OM en cl\u00f4ture de la premi\u00e8re journ\u00e9e d&rsquo;Arkema Premi\u00e8re Ligue<\/a>&nbsp;&nbsp;L&rsquo;\u00c9quipe<\/li>\n<li><a href=\"https:\/\/news.google.com\/rss\/articles\/CBMi6wFBVV95cUxOSGtGNFMtbWN4NUJlSlcwQU1fWnNQTUhoX0FnZl81U1JQZUxjT3hWeWIzWFdTdldHUjEtZ0tLVUJzZU1qV3lJQ0swV1lrM21IeUZ1c2hoOEpjVWp0Y1BucU0xRkh2UDNMNUVsaTdWaTJkWDlzeXZDbWw4bXBOUFdFWXJjNHZham9pMnZuc3V4dzctUXA0anBJRFpwYnVxZU00X29CRTlVVFAxTDVkNTNKUmVWUTYyZnMxRG9YYU5Ua2F1VTNHQ3Bac3FXWFFEbE1RYlVNei1kYjJpRXg3dHFCa1RoOHpWTm9nUWxJ?oc=5\" target=\"_blank\" rel=\"nofollow noopener\">OM &#8211; D1 f\u00e9minine : les Olympiennes se sont battues comme des lionnes, mais s\u2019inclinent au Groupama Stadium<\/a>&nbsp;&nbsp;La Provence<\/li>\n<li><a href=\"https:\/\/news.google.com\/rss\/articles\/CBMimAFBVV95cUxOaVRwaGNIUjFNMDdGRFRGV1NjX1UxU2hCVUlKeTdoeU94R3RqSnFHSWZVTm1RUWMtRjV0XzNJbExYdVc5dGdXdk9zb2lDTHlQZExoQnRIVlFiSmdBUXhpNWZIbHJ6N2oyVF9EeGtuNkZNald3Z243UGw1NkVGbXVXSXlNdzFmNC1yZU45NVFRUEYtdUpXdE1Qaw?oc=5\" target=\"_blank\" rel=\"nofollow noopener\">OL Lyonnes &#8211; Marseille : Une ouverture de championnat r\u00e9ussie (3-1)<\/a>&nbsp;&nbsp;OL.fr<\/li>\n<li><a href=\"https:\/\/news.google.com\/rss\/articles\/CBMilgFBVV95cUxQUXFRNnhkUExhMDFXaWNhSGQweXZsOS1JRlByUzlFRklOUDFFRzdaeXM2RHA2WWFWcm5QVmdRMHljLTlRTEZ2RlBTWVN2X09WNFRCVVB4N0RTdEZ4Y3g0ZmhGZUJicWxjMzBSV0lHcWtRLXRoU1ZaSHJyUm1xSVhLUFRLUGdhYXRVY3NWRW5Zb0FEaFUwQWc?oc=5\" target=\"_blank\" rel=\"nofollow noopener\">Football. L\u2019OL Lyonnes r\u00e9ussit son entr\u00e9e et pose ses bases<\/a>&nbsp;&nbsp;Le Progr\u00e8s<\/li>\n<\/ol>\n","protected":false},"excerpt":{"rendered":"OM f\u00e9minines : \u00ab\u00a0de la d\u00e9ception\u00a0\u00bb mais \u00ab\u00a0beaucoup de bonnes choses pour la suite\u00a0\u00bb apr\u00e8s la d\u00e9faite des&hellip;\n","protected":false},"author":2,"featured_media":1445,"comment_status":"","ping_status":"","sticky":false,"template":"","format":"standard","meta":{"footnotes":""},"categories":[1410],"tags":[63,1011,27,60],"class_list":{"0":"post-374905","1":"post","2":"type-post","3":"status-publish","4":"format-standard","5":"has-post-thumbnail","7":"category-football","8":"tag-football","9":"tag-fr","10":"tag-france","11":"tag-sports"},"share_on_mastodon":{"url":"https:\/\/pubeurope.com\/@fr\/115167976804244619","error":""},"_links":{"self":[{"href":"https:\/\/www.europesays.com\/fr\/wp-json\/wp\/v2\/posts\/374905","targetHints":{"allow":["GET"]}}],"collection":[{"href":"https:\/\/www.europesays.com\/fr\/wp-json\/wp\/v2\/posts"}],"about":[{"href":"https:\/\/www.europesays.com\/fr\/wp-json\/wp\/v2\/types\/post"}],"author":[{"embeddable":true,"href":"https:\/\/www.europesays.com\/fr\/wp-json\/wp\/v2\/users\/2"}],"replies":[{"embeddable":true,"href":"https:\/\/www.europesays.com\/fr\/wp-json\/wp\/v2\/comments?post=374905"}],"version-history":[{"count":0,"href":"https:\/\/www.europesays.com\/fr\/wp-json\/wp\/v2\/posts\/374905\/revisions"}],"wp:featuredmedia":[{"embeddable":true,"href":"https:\/\/www.europesays.com\/fr\/wp-json\/wp\/v2\/media\/1445"}],"wp:attachment":[{"href":"https:\/\/www.europesays.com\/fr\/wp-json\/wp\/v2\/media?parent=374905"}],"wp:term":[{"taxonomy":"category","embeddable":true,"href":"https:\/\/www.europesays.com\/fr\/wp-json\/wp\/v2\/categories?post=374905"},{"taxonomy":"post_tag","embeddable":true,"href":"https:\/\/www.europesays.com\/fr\/wp-json\/wp\/v2\/tags?post=374905"}],"curies":[{"name":"wp","href":"https:\/\/api.w.org\/{rel}","templated":true}]}}