{"id":374910,"date":"2025-09-08T09:33:14","date_gmt":"2025-09-08T09:33:14","guid":{"rendered":"https:\/\/www.europesays.com\/fr\/374910\/"},"modified":"2025-09-08T09:33:14","modified_gmt":"2025-09-08T09:33:14","slug":"laura-smet-totalement-bluffante-dans-surface-oui-et-voici-pourquoi-selon-lauteur-du-roman-dont-la-serie-est-adaptee-programme-tv-net","status":"publish","type":"post","link":"https:\/\/www.europesays.com\/fr\/374910\/","title":{"rendered":"Laura Smet totalement bluffante dans Surface ? Oui, et voici pourquoi selon l&#039;auteur du roman dont la s\u00e9rie est adapt\u00e9e ! &#8211; programme-tv.net"},"content":{"rendered":"<ol>\n<li><a href=\"https:\/\/news.google.com\/rss\/articles\/CBMi_AFBVV95cUxPaVR5SnRyUkhCYVg5TndqZlM5VV9feEZ0ZFZRN3JPRWVIaHBpa0MtUlNfR2VGbVk1Q0lIV2VXQzRMZloweGthaWhKMjcwUnU1Vi00Z3g1UEZwb1dyNEhQUl90WGlwTTBBbWRJWm51VktNcDhXRWQ5OFlaR0dLMnVjX2ZzdC0yb1h2ZTRaUlZnRnFKbU4wTlkyNlhHLTd0eDJLdTRncEh1R2NRQWpEMm92ck5LMldzQ2gyMWJDeHN5OVdqZkkyT0pJbWx3LXFZdmJMdDdsY3Bzc1hRNzl3cFhuZDd4Y0JIMXZ3bVhXMXVydHkxSkZTVjZCcW1tdEE?oc=5\" target=\"_blank\" rel=\"nofollow noopener\">Laura Smet totalement bluffante dans Surface ? Oui, et voici pourquoi selon l&rsquo;auteur du roman dont la s\u00e9rie est adapt\u00e9e !<\/a>&nbsp;&nbsp;programme-tv.net<\/li>\n<li><a href=\"https:\/\/news.google.com\/rss\/articles\/CBMihgFBVV95cUxPaVZZbWF6SE04X2RPX3NGaFRCdl9mNHhzSms5WjB3c2M3ZWx2UnNVRkpvalZ0M2tMbVNSUy1hRzNfRUNfbXhIOWRoZUliUkU2am9mNGxOQV9qazU1NDdmb0tMRjhvX3Fja0ZZS3VPejh0SGtVbmMwRktTLVptQ3NycWhlS2hZZw?oc=5\" target=\"_blank\" rel=\"nofollow noopener\">\u00ab Surface \u00bb : le roman inspir\u00e9 d\u2019une histoire vraie qui a donn\u00e9 naissance \u00e0 la s\u00e9rie ph\u00e9nom\u00e8ne sur France 2<\/a>&nbsp;&nbsp;Yahoo Life France<\/li>\n<li><a href=\"https:\/\/news.google.com\/rss\/articles\/CBMilAJBVV95cUxNeDRsTG80OGhfSnQ2aGlIbFlNeXdqQmJNSWltV1FOa0tMMjlCbE54NVk3NE5FTzNqcGxQZGVQbEhiQ3RkSk5QNnFvSHlYU0g4Sk5TOXhxSmNKT0ppWFN1endRZmhiOXdEOTRPNzI5Ri1GMFluR3RZUFg4ZXZlcmc5MkpZaHY1QXEwQWpsN3NKZ3EwODRQNTZMZ3owc0NpbzFZckRFazRFN09zaFpPT1pVaXdkcC01S252bWVSckhJS3JFOGJERmR5Q2I4XzFPc1AyZzd6RUc5anVXSTExQ0dkWDlBQmhabVdpNVVIVUV3MDIwejNELWRnS1oxY2ZlY25NVGRqMnRUSHNUTFVNcmF2S1ZSV1o?oc=5\" target=\"_blank\" rel=\"nofollow noopener\">La joie d\u2019Olivier Norek face au succ\u00e8s de la s\u00e9rie \u00ab Surface \u00bb, adapt\u00e9e de son polar : \u00ab Laura Smet m\u2019a bluff\u00e9 \u00bb<\/a>&nbsp;&nbsp;Le Parisien<\/li>\n<li><a href=\"https:\/\/news.google.com\/rss\/articles\/CBMi6gFBVV95cUxNTW5NMGdkSUR4eWFwclVaN1NocG5CSlNHbEszZnhON1JOQnJUUVJZa2huUDN2ZW1TSlFDQV9TeXlYY0hzSFNpRm1QdlVBX1MxZEFVSTNQUHVvZFVUazN2VGM3V0FobVNTR2hoeVZHSnRYVUF2MlVfRW5NRlB3bTN0b3V1TndqUG9kalhHNFRrQmxqVDUwSmZrd1dIUmtvOFRmTVB1MnZCQ1ItdzNQMGVXRlFsd1dFcnBKYmd6U21KUHluTlNsZHhRVWNKdk5BTzFPRGhqekRZQVpBanF6YjA2V3k4ZUVscTE0SWc?oc=5\" target=\"_blank\" rel=\"nofollow noopener\">Quotidien : \u201cC\u2019\u00e9tait un requin\u201d, Laura Smet raconte ses vacances avec son p\u00e8re Johnny Hallyday o\u00f9 est n\u00e9e sa peur de l\u2019eau<\/a>&nbsp;&nbsp;Diverto<\/li>\n<li><a href=\"https:\/\/news.google.com\/rss\/articles\/CBMitwFBVV95cUxQaFhYb3RmcUtfZmZ2ZmNzbEdoSlRlMllzRXo2WVhBTkF2emFaQVZZS1I1N3c4TDZxNUxMWU9oUmRkRTR5OTQyS09tZkZLd2tWRUQtVXZZWlExSUxXaXB3Tmc4ZTNUZmFuY3ZwZnA4QVNSOFJMdXFEcGJ5LVFVOWVkQmRtN2VPeDNyRHg1Tmd4NGhJb2JRUm9POTl0UlVndURzZDJEWVFpV1IybG9NUEFnVGh6WWVndVE?oc=5\" target=\"_blank\" rel=\"nofollow noopener\">\u00abJ\u2019avais d\u00e9j\u00e0 plong\u00e9, mais&#8230;\u00bb : comment Laura Smet a vaincu sa peur de l\u2019eau dans Surface (France 2)<\/a>&nbsp;&nbsp;TV Magazine<\/li>\n<\/ol>\n","protected":false},"excerpt":{"rendered":"Laura Smet totalement bluffante dans Surface ? Oui, et voici pourquoi selon l&rsquo;auteur du roman dont la s\u00e9rie&hellip;\n","protected":false},"author":2,"featured_media":1445,"comment_status":"","ping_status":"","sticky":false,"template":"","format":"standard","meta":{"footnotes":""},"categories":[1356],"tags":[58,59,1011,27,252,1364],"class_list":{"0":"post-374910","1":"post","2":"type-post","3":"status-publish","4":"format-standard","5":"has-post-thumbnail","7":"category-television","8":"tag-divertissement","9":"tag-entertainment","10":"tag-fr","11":"tag-france","12":"tag-television","13":"tag-tv"},"share_on_mastodon":{"url":"https:\/\/pubeurope.com\/@fr\/115167992463665803","error":""},"_links":{"self":[{"href":"https:\/\/www.europesays.com\/fr\/wp-json\/wp\/v2\/posts\/374910","targetHints":{"allow":["GET"]}}],"collection":[{"href":"https:\/\/www.europesays.com\/fr\/wp-json\/wp\/v2\/posts"}],"about":[{"href":"https:\/\/www.europesays.com\/fr\/wp-json\/wp\/v2\/types\/post"}],"author":[{"embeddable":true,"href":"https:\/\/www.europesays.com\/fr\/wp-json\/wp\/v2\/users\/2"}],"replies":[{"embeddable":true,"href":"https:\/\/www.europesays.com\/fr\/wp-json\/wp\/v2\/comments?post=374910"}],"version-history":[{"count":0,"href":"https:\/\/www.europesays.com\/fr\/wp-json\/wp\/v2\/posts\/374910\/revisions"}],"wp:featuredmedia":[{"embeddable":true,"href":"https:\/\/www.europesays.com\/fr\/wp-json\/wp\/v2\/media\/1445"}],"wp:attachment":[{"href":"https:\/\/www.europesays.com\/fr\/wp-json\/wp\/v2\/media?parent=374910"}],"wp:term":[{"taxonomy":"category","embeddable":true,"href":"https:\/\/www.europesays.com\/fr\/wp-json\/wp\/v2\/categories?post=374910"},{"taxonomy":"post_tag","embeddable":true,"href":"https:\/\/www.europesays.com\/fr\/wp-json\/wp\/v2\/tags?post=374910"}],"curies":[{"name":"wp","href":"https:\/\/api.w.org\/{rel}","templated":true}]}}