{"id":374913,"date":"2025-09-08T09:36:19","date_gmt":"2025-09-08T09:36:19","guid":{"rendered":"https:\/\/www.europesays.com\/fr\/374913\/"},"modified":"2025-09-08T09:36:19","modified_gmt":"2025-09-08T09:36:19","slug":"maj-2-planning-des-romans-pocket-2025-actualites-romans-star-wars-universe","status":"publish","type":"post","link":"https:\/\/www.europesays.com\/fr\/374913\/","title":{"rendered":"[MAJ 2] Planning des romans Pocket 2025 \u2022 Actualit\u00e9s Romans \u2022 Star Wars Universe"},"content":{"rendered":"<p><b>[MAJ 2]<\/b><\/p>\n<p>&#8211; Planning complet de l&rsquo;ann\u00e9e ! \ud83d\ude42<\/p>\n<p>\u00a0<\/p>\n<p><b>[MAJ]<\/b><\/p>\n<p>&#8211; Synopsis VF et couverture de l&rsquo;\u00e9dition Pocket du roman <b>Le R\u00e8gne de l&rsquo;Empire, tome 1 &#8211; Le masque de la peur<\/b>, \u00e0 venir le 21\/08\/2025 ! \ud83d\ude42<\/p>\n<p>&#8211; Synopsis VF du roman <b>The Acolyte &#8211; Cheminante<\/b>, \u00e0 venir le 25\/09\/2025 ! \ud83d\ude42<\/p>\n<p>\u00a0<\/p>\n<p style=\"text-align: center;\">&#8212;&#8212;&#8212;&#8212;&#8212;&#8212;&#8212;&#8212;&#8212;&#8212;&#8212;&#8212;&#8212;&#8212;&#8212;&#8212;&#8212;&#8212;&#8212;&#8212;&#8212;&#8212;&#8212;&#8212;&#8212;&#8211;<\/p>\n<p>\u00a0<\/p>\n<p>Article d&rsquo;origine<\/p>\n<p>\u00a0<\/p>\n<p>Bonjour \u00e0 tous, vous trouverez ci-dessous <b>le planning Pocket pour l&rsquo;ann\u00e9e 2025<\/b> avec les derni\u00e8res annonces. De bonnes lectures en perspectives !<\/p>\n<p style=\"text-align: center;\"><b>La Tentation de la Force<\/b><\/p>\n<p style=\"text-align: center;\"><b><img loading=\"lazy\" decoding=\"async\" src=\"https:\/\/www.europesays.com\/fr\/wp-content\/uploads\/2025\/09\/tentationdelaforce_200.jpg\" alt=\"\" width=\"200\" height=\"327\"\/><\/b><\/p>\n<p style=\"text-align: left;\"><b>Sortie pr\u00e9vue le 13 F\u00e9vrier<\/b><br \/><b>Prix communiqu\u00e9 : 10,80\u20ac<\/b><\/p>\n<p style=\"text-align: left;\"><b>Synopsis :<\/b> Pendant plus d&rsquo;un an, le <a href=\"https:\/\/www.starwars-universe.com\/droide-272-rempart.html\" class=\"qtip_motcle\" tt_type=\"droide\" tt_id=\"272\" target=\"_blank\" rel=\"noopener\">Rempart<\/a> d&rsquo;orage des <a href=\"https:\/\/www.starwars-universe.com\/organisation-1191-nihil.html\" class=\"qtip_motcle\" tt_type=\"organisation\" tt_id=\"1191\" target=\"_blank\" rel=\"noopener\">Nihil<\/a> a s\u00e9par\u00e9 <a href=\"https:\/\/www.starwars-universe.com\/personnage-9844-avar-kriss.html\" class=\"qtip_motcle\" tt_type=\"personnage\" tt_id=\"9844\" target=\"_blank\" rel=\"noopener\">Avar Kriss<\/a> et <a href=\"https:\/\/www.starwars-universe.com\/personnage-9769-elzar-mann.html\" class=\"qtip_motcle\" tt_type=\"personnage\" tt_id=\"9769\" target=\"_blank\" rel=\"noopener\">Elzar Mann<\/a>. L&rsquo;\u00e9vasion d&rsquo;Avar depuis la Zone d&rsquo;Occlusion a enfin r\u00e9uni ces deux Jedi contre lesquels le destin s&rsquo;acharnait. Mais si la distance physique a disparu, ils demeurent l&rsquo;un comme l&rsquo;autre tenaill\u00e9s par le remords d&rsquo;avoir \u00e9chou\u00e9 \u00e0 prot\u00e9ger la galaxie contre la menace nihil.<br \/>Pour mobiliser l&rsquo;Ordre Jedi et la R\u00e9publique, Avar et Elzar se raccrochent \u00e0 leur devoir envers la lumi\u00e8re et la vie. Ensemble, ils dirigent une audacieuse mission pour lib\u00e9rer la plan\u00e8te <a href=\"https:\/\/www.starwars-universe.com\/planete-27-naboo.html\" class=\"qtip_motcle\" tt_type=\"planete\" tt_id=\"27\" target=\"_blank\" rel=\"noopener\">Naboo<\/a> et montrer aux prisonniers du Rempart que les Jedi ne les abandonneront jamais. De nouveau c\u00f4te \u00e0 c\u00f4te, les deux Ma\u00eetres Jedi ne peuvent d\u00e9sormais nier plus longtemps le lien qui les rapproche et les renforce depuis toujours. Avec <a href=\"https:\/\/www.starwars-universe.com\/personnage-9758-bell-zettifar.html\" class=\"qtip_motcle\" tt_type=\"personnage\" tt_id=\"9758\" target=\"_blank\" rel=\"noopener\">Bell Zettifar<\/a>, Burryaga et <a href=\"https:\/\/www.starwars-universe.com\/personnage-9663-vernestra-rwoh.html\" class=\"qtip_motcle\" tt_type=\"personnage\" tt_id=\"9663\" target=\"_blank\" rel=\"noopener\">Vernestra Rwoh<\/a>, ils s&rsquo;efforcent de localiser <a href=\"https:\/\/www.starwars-universe.com\/personnage-9702-marchion-ro.html\" class=\"qtip_motcle\" tt_type=\"personnage\" tt_id=\"9702\" target=\"_blank\" rel=\"noopener\">Marchion Ro<\/a>. Mais pour trouver le dangereux chef des Nihil, il leur faudra survivre aux horreurs sans nom face auxquelles ils se sont jusqu&rsquo;ici r\u00e9v\u00e9l\u00e9s impuissants.<\/p>\n<p style=\"text-align: left;\"><a href=\"https:\/\/www.starwars-universe.com\/livre-3136-la-tentation-de-la-force.html\" target=\"_blank\" rel=\"noopener\">Les critiques StarWars-Universe.<\/a><\/p>\n<p style=\"text-align: center;\"><b>La Force Vivante<\/b><\/p>\n<p style=\"text-align: left;\"><img loading=\"lazy\" decoding=\"async\" style=\"display: block; margin-left: auto; margin-right: auto;\" src=\"https:\/\/www.europesays.com\/fr\/wp-content\/uploads\/2025\/09\/Forcevivante_Pocket.jpg\" alt=\"\" width=\"200\" height=\"328\"\/><\/p>\n<p style=\"text-align: left;\"><b>Sortie pr\u00e9vue le 27 Mars<\/b><br \/><b>Prix communiqu\u00e9 : 10,70\u20ac<\/b><\/p>\n<p style=\"text-align: left;\"><b>Synopsis :\u00a0<\/b><b>Dans l&rsquo;ann\u00e9e qui pr\u00e9c\u00e8de\u00a0La Menace Fant\u00f4me, <a href=\"https:\/\/www.starwars-universe.com\/personnage-1517-yoda.html\" class=\"qtip_motcle\" tt_type=\"personnage\" tt_id=\"1517\" target=\"_blank\" rel=\"noopener\">Yoda<\/a> et le reste du <a href=\"https:\/\/www.starwars-universe.com\/organisation-486-conseil-jedi.html\" class=\"qtip_motcle\" tt_type=\"organisation\" tt_id=\"486\" target=\"_blank\" rel=\"noopener\">Conseil Jedi<\/a> sont confront\u00e9s \u00e0 une galaxie au bord du changement<\/b><\/p>\n<p>Les Jedi ont toujours voyag\u00e9 \u00e0 travers les \u00e9toiles pour d\u00e9fendre la paix et la justice. Mais la galaxie est en train de changer, et l&rsquo;Ordre Jedi avec elle. De plus en plus focalis\u00e9 sur l&rsquo;avenir de la R\u00e9publique, l&rsquo;Ordre est reclus sur <a href=\"https:\/\/www.starwars-universe.com\/planete-4-coruscant.html\" class=\"qtip_motcle\" tt_type=\"planete\" tt_id=\"4\" target=\"_blank\" rel=\"noopener\">Coruscant<\/a> o\u00f9 les douze membres du Conseil doivent g\u00e9rer toute sorte de crises galactiques.<br \/>Alors qu&rsquo;un autre avant-poste Jedi datant de l&rsquo;\u00e2ge d&rsquo;or de la R\u00e9publique est sur le point d&rsquo;\u00eatre ferm\u00e9 sur la plan\u00e8te Kwenn, <a href=\"https:\/\/www.starwars-universe.com\/personnage-35-qui-gon-jinn.html\" class=\"qtip_motcle\" tt_type=\"personnage\" tt_id=\"35\" target=\"_blank\" rel=\"noopener\">Qui-Gon Jinn<\/a> interpelle le Conseil \u00e0 propos de son isolement croissant. <a href=\"https:\/\/www.starwars-universe.com\/personnage-155-mace-windu.html\" class=\"qtip_motcle\" tt_type=\"personnage\" tt_id=\"155\" target=\"_blank\" rel=\"noopener\">Mace Windu<\/a> sugg\u00e8re une id\u00e9e audacieuse : les douze ma\u00eetres se rendront sur place pour venir en aide \u00e0 la plan\u00e8te, et rappeler aux peuples de la galaxie que les Jedi restent aussi loyaux et pr\u00e9sents qu&rsquo;ils l&rsquo;ont toujours \u00e9t\u00e9.<br \/>Mais leur arriv\u00e9e n&rsquo;est pas du go\u00fbt de tous. Plusieurs factions de pirates ont infest\u00e9 le secteur, profitant de la rar\u00e9faction des Jedi pour s&rsquo;imposer. Inquiets, les pillards d\u00e9cident alors de s&rsquo;unir pour assassiner les ma\u00eetres du Conseil. Et ce, m\u00eame au prix de nombreuses vies innocentes.<\/p>\n<p style=\"text-align: left;\"><a href=\"https:\/\/www.starwars-universe.com\/livre-3120-la-force-vivante.html\" target=\"_blank\" rel=\"noopener\">Les critiques StarWars-Universe.<\/a><\/p>\n<p style=\"text-align: center;\"><b>Les Larmes des Sans-Noms<\/b><\/p>\n<p style=\"text-align: center;\"><b><img loading=\"lazy\" decoding=\"async\" src=\"https:\/\/www.europesays.com\/fr\/wp-content\/uploads\/2025\/09\/LarmesSansNoms_Pocket.jpg\" alt=\"\" width=\"200\" height=\"328\"\/><\/b><\/p>\n<p style=\"text-align: left;\"><b>Sortie pr\u00e9vue le 24 Avril<\/b><br \/><b>Prix communiqu\u00e9 : 10,70\u20ac<\/b><\/p>\n<p style=\"text-align: left;\"><b>Synopsis :\u00a0<\/b><b>Le Chevalier Jedi <a href=\"https:\/\/www.starwars-universe.com\/personnage-9867-reath-silas.html\" class=\"qtip_motcle\" tt_type=\"personnage\" tt_id=\"9867\" target=\"_blank\" rel=\"noopener\">Reath Silas<\/a> est de retour pour lutter contre les Sans-noms dans cette suite palpitante de\u00a0Braver la temp\u00eate<\/b><\/p>\n<p>LE C\u00d4T\u00c9 OBSCUR N&rsquo;EST JAMAIS LA SOLUTION. \u00c0 MOINS QUE&#8230; ?<br \/>Plus d&rsquo;un an s&rsquo;est \u00e9coul\u00e9 depuis la chute du <a href=\"https:\/\/www.starwars-universe.com\/vehicule-1131-flambeau-stellaire.html\" class=\"qtip_motcle\" tt_type=\"vehicule\" tt_id=\"1131\" target=\"_blank\" rel=\"noopener\">Flambeau Stellaire<\/a> et le d\u00e9but de l&rsquo;occupation nihil d&rsquo;une partie de l&rsquo;Espace R\u00e9publicain, baptis\u00e9e Zone d&rsquo;Occlusion. Aid\u00e9 par son nouvel ami le Padawan Amadeo Azzazzo, le Chevalier Jedi Reath <a href=\"https:\/\/www.starwars-universe.com\/personnage-1446-silas.html\" class=\"qtip_motcle\" tt_type=\"personnage\" tt_id=\"1446\" target=\"_blank\" rel=\"noopener\">Silas<\/a> travaille d&rsquo;arrache-pied pour relever le plus grand d\u00e9fi auquel sont confront\u00e9s la R\u00e9publique et les Jedi : trouver le moyen d&rsquo;arr\u00eater les Sans-noms, des cr\u00e9atures capables de drainer la Force. Pr\u00eat \u00e0 tout pour obtenir des r\u00e9ponses, Reath consulte Azlin <a href=\"https:\/\/www.starwars-universe.com\/personnage-422-rell.html\" class=\"qtip_motcle\" tt_type=\"personnage\" tt_id=\"422\" target=\"_blank\" rel=\"noopener\">Rell<\/a>, un Jedi d\u00e9chu qui lui explique que pour survivre \u00e0 ces monstres, il lui faut embrasser sa peur \u2013 ce qui le rapprocherait dangereusement du c\u00f4t\u00e9 obscur.<\/p>\n<p style=\"text-align: left;\"><a href=\"https:\/\/www.starwars-universe.com\/livre-3180-les-larmes-des-sans-noms.html\" target=\"_blank\" rel=\"noopener\">Les critiques StarWars-Universe.<\/a><\/p>\n<p style=\"text-align: center;\"><b>La Princesse et le Vaurien<\/b><\/p>\n<p style=\"text-align: left;\"><img loading=\"lazy\" decoding=\"async\" style=\"display: block; margin-left: auto; margin-right: auto;\" src=\"https:\/\/www.europesays.com\/fr\/wp-content\/uploads\/2025\/09\/Princesse_vaurien.jpg\" alt=\"\" width=\"200\" height=\"328\"\/><\/p>\n<p style=\"text-align: left;\"><b>Sortie pr\u00e9vue le 26 Juin<\/b><br \/><b>Prix communiqu\u00e9 : 10,70\u20ac<\/b><\/p>\n<p style=\"text-align: left;\"><b>Synopsis :<\/b><b>Vous \u00eates cordialement invit\u00e9s au mariage de la Princesse Leia et de <a href=\"https:\/\/www.starwars-universe.com\/personnage-152-han-solo.html\" class=\"qtip_motcle\" tt_type=\"personnage\" tt_id=\"152\" target=\"_blank\" rel=\"noopener\">Han Solo<\/a> !<\/b><\/p>\n<p>L&rsquo;\u00c9toile de la Mort est d\u00e9truite. <a href=\"https:\/\/www.starwars-universe.com\/personnage-709-dark-vador.html\" class=\"qtip_motcle\" tt_type=\"personnage\" tt_id=\"709\" target=\"_blank\" rel=\"noopener\">Dark Vador<\/a> est mort. L&rsquo;Empire est d\u00e9vast\u00e9. Mais sur la lune foresti\u00e8re d&rsquo;Endor, dans le chaos d&rsquo;une galaxie en plein changement, le temps s&rsquo;est arr\u00eat\u00e9 pour une princesse et son vaurien.<br \/>Toutefois, le bonheur \u00e9ternel ne s\u2019obtient pas toujours facilement. Lorsqu\u2019apr\u00e8s une c\u00e9r\u00e9monie idyllique, Han et Leia partent en lune de miel, ils se retrouvent \u00e0 l&rsquo;endroit le plus grandiose et le plus prestigieux qui soit : le\u00a0Halcyon, un vaisseau de luxe voyageant vers les mondes les plus merveilleux de la galaxie. Leur mariage, ainsi que l\u2019espoir de paix et de prosp\u00e9rit\u00e9 qu&rsquo;il repr\u00e9sente, devient un point de mire pour tous, y compris pour les vestiges de l&rsquo;Empire qui continuent de s\u2019accrocher au pouvoir.<br \/>Confront\u00e9es \u00e0 une situation d\u00e9sesp\u00e9r\u00e9e, les forces imp\u00e9riales se sont dispers\u00e9es \u00e0 travers la galaxie, se retranchant sur des plan\u00e8tes isol\u00e9es vuln\u00e9rables et influen\u00e7ables. Alors que le\u00a0Halcyon\u00a0voyage de monde en monde, une chose devient absolument claire : la guerre n&rsquo;est pas termin\u00e9e. Cern\u00e9s par le danger, Han et Leia vont d\u00e9couvrir que c\u2019est en tant que mari et femme qu\u2019ils se d\u00e9fendent le mieux.<\/p>\n<p style=\"text-align: left;\"><a href=\"https:\/\/www.starwars-universe.com\/livre-2913-the-princess-and-the-scoundrel.html\" target=\"_blank\" rel=\"noopener\">Les critiques StarWars-Universe.<\/a><\/p>\n<p style=\"text-align: center;\"><b>Le R\u00e8gne de l&rsquo;Empire T1<\/b><br \/><b>Le Masque de la Peur<\/b><\/p>\n<p style=\"text-align: center;\"><img loading=\"lazy\" decoding=\"async\" src=\"https:\/\/www.europesays.com\/fr\/wp-content\/uploads\/2025\/09\/RegneEmpire_t1_Pocket.jpg\" alt=\"\" width=\"200\" height=\"304\"\/><\/p>\n<p style=\"text-align: left;\"><b>Sortie pr\u00e9vue le 21 Ao\u00fbt<\/b><br \/><b>Prix communiqu\u00e9 : 10,70 \u20ac<\/b><\/p>\n<p style=\"text-align: left;\"><b>Synopsis :<\/b><\/p>\n<p><b>Un livre compagnon de la s\u00e9rie\u00a0<\/b><b>Andor\u00a0<\/b><b>disponible sur Disney + !<\/b><\/p>\n<p>D&rsquo;un simple discours et sous une pluie d&rsquo;applaudissements, le Chancelier Palpatine a brutalement mis fin \u00e0 l&rsquo;\u00e8re de la R\u00e9publique. \u00c0 sa place s&rsquo;est \u00e9lev\u00e9 l&rsquo;Empire Galactique. Dans toute la galaxie, les gens se sont r\u00e9jouis et ont c\u00e9l\u00e9br\u00e9 la fin de la guerre \u2013 ainsi que la promesse de meilleurs lendemains. Mais ces derniers ne sont jamais venus et la galaxie a bascul\u00e9 dans la cruaut\u00e9 et la peur, sous le joug de l&rsquo;Empereur.<br \/>Durant cette terrifiante premi\u00e8re ann\u00e9e de tyrannie, <a href=\"https:\/\/www.starwars-universe.com\/vehicule-781-mon-mothma.html\" class=\"qtip_motcle\" tt_type=\"vehicule\" tt_id=\"781\" target=\"_blank\" rel=\"noopener\">Mon Mothma<\/a>, <a href=\"https:\/\/www.starwars-universe.com\/personnage-2091-saw-gerrera.html\" class=\"qtip_motcle\" tt_type=\"personnage\" tt_id=\"2091\" target=\"_blank\" rel=\"noopener\">Saw Gerrera<\/a> et <a href=\"https:\/\/www.starwars-universe.com\/personnage-136-bail-organa.html\" class=\"qtip_motcle\" tt_type=\"personnage\" tt_id=\"136\" target=\"_blank\" rel=\"noopener\">Bail Organa<\/a> font face \u00e0 une obscurit\u00e9 croissante. Un jour, ils seront tous les trois des architectes de l&rsquo;Alliance Rebelle. Cependant, chacun d&rsquo;entre eux devra d&rsquo;abord trouver son r\u00f4le et sa voie dans une galaxie en mutation, tout en dissimulant ses secrets, ses peurs et ses espoirs pour un avenir qui, sans leur intervention, ne verra peut-\u00eatre jamais le jour.<\/p>\n<p style=\"text-align: left;\"><b\/><a href=\"https:\/\/www.starwars-universe.com\/livre-3212-the-mask-of-fear.html\" target=\"_blank\" rel=\"noopener\">Les critiques StarWars-Universe.<\/a><\/p>\n<p style=\"text-align: center;\"><b>The Acolyte<\/b><br \/><b>Cheminante<\/b><\/p>\n<p style=\"text-align: left;\"><img loading=\"lazy\" decoding=\"async\" style=\"display: block; margin-left: auto; margin-right: auto;\" src=\"https:\/\/www.europesays.com\/fr\/wp-content\/uploads\/2025\/09\/Cheminante_Pocket.jpg\" alt=\"\" width=\"200\" height=\"304\"\/><\/p>\n<p style=\"text-align: left;\"><b>Sortie pr\u00e9vue le 25 Septembre<\/b><br \/><b>Prix communiqu\u00e9 : 10,70 \u20ac<\/b><\/p>\n<p style=\"text-align: justify;\"><b>Synopsis :<\/b><\/p>\n<p style=\"text-align: justify;\"><b>Plusieurs d\u00e9cennies avant les \u00e9v\u00e9nements de\u00a0Star Wars : The Acolyte, Vernestra Rwoh doit red\u00e9couvrir sa place au sein de l&rsquo;Ordre Jedi<\/b><b\/><\/p>\n<p>Le Ma\u00eetre Jedi Vernestra Rwoh a pass\u00e9 des ann\u00e9es \u00e0 explorer la Bordure Ext\u00e9rieure en tant que Cheminante, avec pour seule autorit\u00e9 la Force elle-m\u00eame. Lorsque le Conseil Jedi lui ordonne de retourner sur Coruscant, Vernestra pr\u00e9f\u00e8re ignorer la convocation, estimant que les \u00eatres qu&rsquo;elle sert d\u00e9j\u00e0 constituent sa seule priorit\u00e9.<\/p>\n<p>Le Conseil envoie donc la Jedi Indara \u00e0 sa recherche pour lui transmettre un message urgent : un s\u00e9nateur de la R\u00e9publique a demand\u00e9 l&rsquo;aide des Jedi et r\u00e9clam\u00e9 l&rsquo;assistance sp\u00e9cifique de Vernestra. Intrigu\u00e9e, la Cheminante retourne sur Coruscant et se retrouve brutalement entra\u00een\u00e9e dans le monde complexe de la politique et des milieux criminels.<\/p>\n<p>En d\u00e9pit de tout ce qui les s\u00e9pare, Vernestra et Indara vont devoir travailler ensemble pour d\u00e9terminer ce qui relie le s\u00e9nateur \u00e0 une piste d&rsquo;armes dangereuses mena\u00e7ant de faire des ravages dans la galaxie. Au fur et \u00e0 mesure qu&rsquo;elles avancent dans leur enqu\u00eate, la fronti\u00e8re entre Jedi et R\u00e9publique se brouille, et Vernestra doit red\u00e9couvrir ce que signifie servir la lumi\u00e8re et la vie.<\/p>\n<p style=\"text-align: left;\">\u00a0<\/p>\n<p style=\"text-align: center;\"><b>Int\u00e9grale Dark Vador &#8211; La trilogie du Seigneur Noir<\/b><\/p>\n<p style=\"text-align: center;\"><b><img loading=\"lazy\" decoding=\"async\" src=\"https:\/\/www.europesays.com\/fr\/wp-content\/uploads\/2025\/09\/Trilogie Vador_Pocket.jpg\" alt=\"\" width=\"200\" height=\"328\"\/><\/b><\/p>\n<p style=\"text-align: left;\"><b>Sortie pr\u00e9vue le 20 Novembre<\/b><br \/><b>Prix communiqu\u00e9 : 13,50 \u20ac<\/b><\/p>\n<p style=\"text-align: left;\"><b>Contient :\u00a0<\/b><\/p>\n<p style=\"text-align: left;\"><b>Synopsis :<\/b><\/p>\n<p><b>\u00c0 l&rsquo;occasion des 20 ans de\u00a0La Revanche des Sith, r\u00e9\u00e9dition des trois romans qui narrent la transformation d&rsquo;Anakin Skywalker en Dark Vador !<\/b><\/p>\n<p>Rassembl\u00e9s pour la premi\u00e8re fois en une int\u00e9grale unique \u00e0 l&rsquo;occasion des 20 ans de\u00a0Star Wars\u00a0:\u00a0\u00c9pisode III, ces trois romans \u2013\u00a0Le Labyrinthe du Mal,\u00a0La Revanche des Sith\u00a0et\u00a0Dark Lord\u00a0:\u00a0L&rsquo;Ascension de Dark Vador \u2013 d\u00e9crivent une succession d&rsquo;\u00e9v\u00e9nements aussi \u00e9piques que tragiques : les derniers jours de la R\u00e9publique, la cr\u00e9ation de l&rsquo;Empire et la transformation ultime du Jedi <a href=\"https:\/\/www.starwars-universe.com\/personnage-529-anakin-skywalker.html\" class=\"qtip_motcle\" tt_type=\"personnage\" tt_id=\"529\" target=\"_blank\" rel=\"noopener\">Anakin Skywalker<\/a> en bras arm\u00e9 de l&rsquo;Empereur Palpatine et serviteur damn\u00e9 du c\u00f4t\u00e9 obscur.<\/p>\n<p style=\"text-align: center;\">\u00a0<\/p>\n<p style=\"text-align: center;\"><b>Le dernier Ordre<\/b><\/p>\n<p><b><img loading=\"lazy\" decoding=\"async\" style=\"display: block; margin-left: auto; margin-right: auto;\" src=\"https:\/\/www.europesays.com\/fr\/wp-content\/uploads\/2025\/09\/DernierOrdre_Pocket.jpg\" alt=\"\" width=\"200\" height=\"327\"\/><\/b><\/p>\n<p style=\"text-align: left;\"><b>Sortie pr\u00e9vue le 04 D\u00e9cembre<\/b><br \/><b>Prix communiqu\u00e9 : 10,30 \u20ac<\/b><\/p>\n<p style=\"text-align: left;\"><b>Synopsis :<\/b><b> <\/b><\/p>\n<p><b>\u00c0 l&rsquo;occasion des 10 ans de\u00a0L&rsquo;Ascension de Skywalker, les personnages de <a href=\"https:\/\/www.starwars-universe.com\/personnage-2910-finn.html\" class=\"qtip_motcle\" tt_type=\"personnage\" tt_id=\"2910\" target=\"_blank\" rel=\"noopener\">Finn<\/a> et <a href=\"https:\/\/www.starwars-universe.com\/personnage-9215-jannah.html\" class=\"qtip_motcle\" tt_type=\"personnage\" tt_id=\"9215\" target=\"_blank\" rel=\"noopener\">Jannah<\/a>, d\u00e9couverts dans la derni\u00e8re trilogie\u00a0Star Wars, sont d\u00e9velopp\u00e9s dans un roman YA<\/b><\/p>\n<p>Apr\u00e8s\u00a0L&rsquo;Ascension de Skywalker, Finn et Jannah, anciens stormtroopers du <a href=\"https:\/\/www.starwars-universe.com\/organisation-543-premier-ordre.html\" class=\"qtip_motcle\" tt_type=\"organisation\" tt_id=\"543\" target=\"_blank\" rel=\"noopener\">Premier Ordre<\/a>, n&rsquo;ont d&rsquo;autre choix que d&rsquo;affronter leur pass\u00e9 alors qu&rsquo;ils partent en mission pour retrouver un ancien sup\u00e9rieur.<\/p>\n<p style=\"text-align: left;\"><b>Et en 2026 ?<\/b><\/p>\n<p style=\"text-align: left;\">Pour information Pocket a annonc\u00e9 que la fin de la troisi\u00e8me Phase de la Haute R\u00e9publique sera publi\u00e9e d\u00e9but 2026 et que les int\u00e9grales X-Wing devraient reprendre.<\/p>\n<p style=\"text-align: left;\">\u00a0<\/p>\n<p style=\"text-align: left;\">A tr\u00e8s vite pour <a href=\"http:\/\/www.starwars-universe.com\/forum\/post1487589.html#p1487589\" target=\"_blank\" rel=\"noopener\">d&rsquo;autres actualit\u00e9s litt\u00e9rature Star Wars<\/a>.<\/p>\n","protected":false},"excerpt":{"rendered":"[MAJ 2] &#8211; Planning complet de l&rsquo;ann\u00e9e ! \ud83d\ude42 \u00a0 [MAJ] &#8211; Synopsis VF et couverture de l&rsquo;\u00e9dition&hellip;\n","protected":false},"author":2,"featured_media":2002,"comment_status":"","ping_status":"","sticky":false,"template":"","format":"standard","meta":{"footnotes":""},"categories":[1354],"tags":[50898,1573,1519,1548,11,1557,1505,1501,1571,1545,1525,1497,1488,1523,1543,1524,1510,1511,58,1555,1574,1495,1496,1494,59,1564,1565,1566,1567,1568,1569,1558,1559,1560,1561,1562,1563,1500,1346,1547,1011,27,1538,1492,1487,1549,1544,1526,1532,1553,1520,1552,1508,1577,1576,1499,1503,1529,1351,1493,1537,1531,1535,1533,1530,1541,1540,1534,1502,1517,1551,1512,1360,1522,1550,1507,1504,1515,1518,1509,1556,1575,1572,1539,1479,1528,1004,521,1554,1506,1536,974,1480,1542,1481,1484,1486,1485,1521,1489,1490,1498,1570,1491,1483,1514,1513,1482,1546,1527,1516],"class_list":{"0":"post-374913","1":"post","2":"type-post","3":"status-publish","4":"format-standard","5":"has-post-thumbnail","7":"category-films","8":"tag-maj-2-planning-des-romans-pocket-2025","9":"tag-a-new-hope","10":"tag-ackbar","11":"tag-activision","12":"tag-actualites","13":"tag-alliance","14":"tag-amidala","15":"tag-anakin","16":"tag-attack-of-the-clones","17":"tag-attakus","18":"tag-bespin","19":"tag-chronologie","20":"tag-clone-wars","21":"tag-coruscant","22":"tag-courleciel","23":"tag-dagobah","24":"tag-dark","25":"tag-darth","26":"tag-divertissement","27":"tag-empire","28":"tag-empire-strikes-back","29":"tag-encyclopaedia","30":"tag-encyclopedia","31":"tag-encyclopedie","32":"tag-entertainment","33":"tag-episode-1","34":"tag-episode-2","35":"tag-episode-3","36":"tag-episode-4","37":"tag-episode-5","38":"tag-episode-6","39":"tag-episode-i","40":"tag-episode-ii","41":"tag-episode-iii","42":"tag-episode-iv","43":"tag-episode-v","44":"tag-episode-vi","45":"tag-fate-of-the-jedi","46":"tag-films","47":"tag-fleuve-noir","48":"tag-fr","49":"tag-france","50":"tag-george","51":"tag-guerre-des-clones","52":"tag-guerre-des-etoiles","53":"tag-harisson-ford","54":"tag-hasbro","55":"tag-hoth","56":"tag-ilm","57":"tag-jedi","58":"tag-kamino","59":"tag-kenny-baker","60":"tag-kenobi","61":"tag-l","62":"tag-la-menace-fantome","63":"tag-legacy-of-the-force","64":"tag-leia","65":"tag-lightsaber","66":"tag-litterature","67":"tag-live-serie","68":"tag-lucas","69":"tag-lucasarts","70":"tag-lucasbooks","71":"tag-lucasdigital","72":"tag-lucasfilm","73":"tag-lucasfilm-magazine","74":"tag-lucasmag","75":"tag-lucasonline","76":"tag-luke","77":"tag-mace-windu","78":"tag-mark-hamill","79":"tag-maul","80":"tag-movies","81":"tag-naboo","82":"tag-natalie-portman","83":"tag-obi-wan","84":"tag-padme","85":"tag-palpatine","86":"tag-piett","87":"tag-qui-gon-jinn","88":"tag-rebellion","89":"tag-return-of-the-jedi","90":"tag-revenge-of-the-sith","91":"tag-rick-mc-callum","92":"tag-romans","93":"tag-sabre-laser","94":"tag-senat","95":"tag-serie","96":"tag-sith","97":"tag-skywalker","98":"tag-skywalker-ranch","99":"tag-star","100":"tag-star-wars","101":"tag-star-wars-magazine","102":"tag-starwars","103":"tag-starwars-universe","104":"tag-swoo","105":"tag-swu","106":"tag-tatooine","107":"tag-the-clone-wars","108":"tag-the-force-unleashed","109":"tag-the-old-republic","110":"tag-the-phantom-menace","111":"tag-univers-etendu","112":"tag-universe","113":"tag-vader","114":"tag-vador","115":"tag-wars","116":"tag-wizard","117":"tag-yavin","118":"tag-yoda"},"share_on_mastodon":{"url":"","error":"Validation failed: Text character limit of 500 exceeded"},"_links":{"self":[{"href":"https:\/\/www.europesays.com\/fr\/wp-json\/wp\/v2\/posts\/374913","targetHints":{"allow":["GET"]}}],"collection":[{"href":"https:\/\/www.europesays.com\/fr\/wp-json\/wp\/v2\/posts"}],"about":[{"href":"https:\/\/www.europesays.com\/fr\/wp-json\/wp\/v2\/types\/post"}],"author":[{"embeddable":true,"href":"https:\/\/www.europesays.com\/fr\/wp-json\/wp\/v2\/users\/2"}],"replies":[{"embeddable":true,"href":"https:\/\/www.europesays.com\/fr\/wp-json\/wp\/v2\/comments?post=374913"}],"version-history":[{"count":0,"href":"https:\/\/www.europesays.com\/fr\/wp-json\/wp\/v2\/posts\/374913\/revisions"}],"wp:featuredmedia":[{"embeddable":true,"href":"https:\/\/www.europesays.com\/fr\/wp-json\/wp\/v2\/media\/2002"}],"wp:attachment":[{"href":"https:\/\/www.europesays.com\/fr\/wp-json\/wp\/v2\/media?parent=374913"}],"wp:term":[{"taxonomy":"category","embeddable":true,"href":"https:\/\/www.europesays.com\/fr\/wp-json\/wp\/v2\/categories?post=374913"},{"taxonomy":"post_tag","embeddable":true,"href":"https:\/\/www.europesays.com\/fr\/wp-json\/wp\/v2\/tags?post=374913"}],"curies":[{"name":"wp","href":"https:\/\/api.w.org\/{rel}","templated":true}]}}