{"id":374917,"date":"2025-09-08T09:39:10","date_gmt":"2025-09-08T09:39:10","guid":{"rendered":"https:\/\/www.europesays.com\/fr\/374917\/"},"modified":"2025-09-08T09:39:10","modified_gmt":"2025-09-08T09:39:10","slug":"rick-davies-le-cofondateur-du-groupe-supertramp-est-decede-a-lage-de-81-ans","status":"publish","type":"post","link":"https:\/\/www.europesays.com\/fr\/374917\/","title":{"rendered":"Rick Davies, le cofondateur du groupe Supertramp, est d\u00e9c\u00e9d\u00e9 \u00e0 l\u2019\u00e2ge de 81 ans"},"content":{"rendered":"<p>Le rock\u2019n\u2019roll perd (encore) l\u2019une de ses voix. Rick Davies, le chanteur de <a href=\"https:\/\/www.20minutes.fr\/arts-stars\/culture\/4147086-20250421-musique-pourquoi-faut-aller-voir-vieux-groupes-rock-concert\" class=\"c-link c-link--is-underlined\" target=\"_blank\" rel=\"noopener\">Supertramp<\/a>, est d\u00e9c\u00e9d\u00e9 vendredi \u00e0 l\u2019\u00e2ge de 81 ans <a href=\"https:\/\/www.20minutes.fr\/culture\/1662211-20150804-supertramp-annule-tournee-europeenne-raison-maladie-rick-davies\" class=\"c-link c-link--is-underlined\" target=\"_blank\" rel=\"noopener\">apr\u00e8s s\u2019\u00eatre battu contre un cancer<\/a>, a fait savoir le groupe britannique dans un communiqu\u00e9. Richard Davies, de son vrai nom, a pouss\u00e9 son dernier souffle \u00e0 son domicile de Long Island, dans l\u2019\u00c9tat de New York, aux <a href=\"https:\/\/www.20minutes.fr\/monde\/etats-unis\/\" class=\"c-link c-link--is-underlined\" target=\"_blank\" rel=\"noopener\">Etats-Unis<\/a>.<\/p>\n<\/p>\n<p>\u00ab\u00a0The Supertramp Partnership a la grande tristesse d\u2019annoncer le d\u00e9c\u00e8s du fondateur de Supertramp, Rick Davies, apr\u00e8s une longue maladie\u00a0\u00bb, indique le communiqu\u00e9. \u00ab\u00a0Nous avons eu le privil\u00e8ge de le conna\u00eetre et de jouer avec lui pendant plus de cinquante ans. Nous pr\u00e9sentons nos sinc\u00e8res condol\u00e9ances \u00e0 Sue Davies.\u00a0\u00bb<\/p>\n<p>Dix ann\u00e9es de gloire<\/p>\n<p>Le musicien britannique a cofond\u00e9 Supertramp (\u00ab superclochard\u00a0\u00bb) en\u00a01960 avec Roger Hodgson. The Logical Song, Goodbye Stranger, Breakfast In America\u2026 Le groupe a encha\u00een\u00e9 les succ\u00e8s dans les ann\u00e9es\u00a01970. Des titres souvent utilis\u00e9s dans les publicit\u00e9s. Roger Hodgson quitte le groupe apr\u00e8s la sortie de l\u2019album Famous last words en novembre\u00a01982. Le groupe s\u2019arr\u00eate six ans plus tard.<\/p>\n","protected":false},"excerpt":{"rendered":"Le rock\u2019n\u2019roll perd (encore) l\u2019une de ses voix. Rick Davies, le chanteur de Supertramp, est d\u00e9c\u00e9d\u00e9 vendredi \u00e0&hellip;\n","protected":false},"author":2,"featured_media":374918,"comment_status":"","ping_status":"","sticky":false,"template":"","format":"standard","meta":{"footnotes":""},"categories":[8],"tags":[251,2715,58,59,73,1011,27,873,7040],"class_list":{"0":"post-374917","1":"post","2":"type-post","3":"status-publish","4":"format-standard","5":"has-post-thumbnail","7":"category-divertissement","8":"tag-culture","9":"tag-disparition","10":"tag-divertissement","11":"tag-entertainment","12":"tag-etats-unis","13":"tag-fr","14":"tag-france","15":"tag-musique","16":"tag-rock"},"share_on_mastodon":{"url":"https:\/\/pubeurope.com\/@fr\/115168015972780123","error":""},"_links":{"self":[{"href":"https:\/\/www.europesays.com\/fr\/wp-json\/wp\/v2\/posts\/374917","targetHints":{"allow":["GET"]}}],"collection":[{"href":"https:\/\/www.europesays.com\/fr\/wp-json\/wp\/v2\/posts"}],"about":[{"href":"https:\/\/www.europesays.com\/fr\/wp-json\/wp\/v2\/types\/post"}],"author":[{"embeddable":true,"href":"https:\/\/www.europesays.com\/fr\/wp-json\/wp\/v2\/users\/2"}],"replies":[{"embeddable":true,"href":"https:\/\/www.europesays.com\/fr\/wp-json\/wp\/v2\/comments?post=374917"}],"version-history":[{"count":0,"href":"https:\/\/www.europesays.com\/fr\/wp-json\/wp\/v2\/posts\/374917\/revisions"}],"wp:featuredmedia":[{"embeddable":true,"href":"https:\/\/www.europesays.com\/fr\/wp-json\/wp\/v2\/media\/374918"}],"wp:attachment":[{"href":"https:\/\/www.europesays.com\/fr\/wp-json\/wp\/v2\/media?parent=374917"}],"wp:term":[{"taxonomy":"category","embeddable":true,"href":"https:\/\/www.europesays.com\/fr\/wp-json\/wp\/v2\/categories?post=374917"},{"taxonomy":"post_tag","embeddable":true,"href":"https:\/\/www.europesays.com\/fr\/wp-json\/wp\/v2\/tags?post=374917"}],"curies":[{"name":"wp","href":"https:\/\/api.w.org\/{rel}","templated":true}]}}