{"id":374921,"date":"2025-09-08T09:42:12","date_gmt":"2025-09-08T09:42:12","guid":{"rendered":"https:\/\/www.europesays.com\/fr\/374921\/"},"modified":"2025-09-08T09:42:12","modified_gmt":"2025-09-08T09:42:12","slug":"prudence-en-vue-en-europe-sur-fond-de-crise-politique-en-france-08-09-2025-a-0841","status":"publish","type":"post","link":"https:\/\/www.europesays.com\/fr\/374921\/","title":{"rendered":"Prudence en vue en Europe sur fond de crise politique en France &#8211; 08\/09\/2025 \u00e0 08:41"},"content":{"rendered":"<p>\n (AOF) &#8211; Les march\u00e9s actions europ\u00e9ens sont attendus sur une note positive \u00e0 l&rsquo;ouverture de la premi\u00e8re s\u00e9ance de la semaine. La politique sera au centre des attentions ce lundi. Le locataire de Matignon Fran\u00e7ois Bayrou ne devrait pas obtenir, sauf coup de th\u00e9\u00e2tre, le vote de confiance des d\u00e9put\u00e9s. De quoi alimenter l&rsquo;incertitude politique budg\u00e9taire en France.Le spread franco-allemand se maintient en-dessous des 80 points de base. La BCE livrera ce jeudi sa d\u00e9cision et devrait maintenir ses taux directeurs inchang\u00e9s \u00e0 2%.\n<\/p>\n<p>\n <strong><br \/>\n  Les valeurs \u00e0 suivre aujourd&rsquo;hui<br \/>\n <\/strong>\n<\/p>\n<p>\n <strong><br \/>\n  Alstom<br \/>\n <\/strong>\n<\/p>\n<p>\n Alstom, sp\u00e9cialiste de la mobilit\u00e9 durable et intelligente, a remport\u00e9 un contrat de 538 millions d&rsquo;euros attribu\u00e9 par le Conseil r\u00e9gional du Grand Wellington pour la conception, la fabrication et la livraison de 18 unit\u00e9s multiples \u00e9lectriques \u00e0 batterie (BEMU) de 5 voitures Adessia Stream B et 35 ans de maintenance FlexCare Perform pour cette flotte. Il s&rsquo;agira des premiers trains p\u00e9riurbains BEMU \u00e0 entrer en service en Nouvelle-Z\u00e9lande. Ils permettront des op\u00e9rations sans \u00e9missions sur les segments non-\u00e9lectrifi\u00e9s du r\u00e9seau ferroviaire de Wellington.\n<\/p>\n<p>\n Atos\n<\/p>\n<p>\n Eviden (la branche produits du groupe Atos, leader dans le calcul avanc\u00e9, les produits de cybers\u00e9curit\u00e9, les syst\u00e8mes critiques de mission, et l\u2019analyse vid\u00e9o augment\u00e9e par l\u2019IA) annonce l\u2019inauguration du module Booster de Jupiter, une partition con\u00e7ue pour les simulations \u00e0 grande \u00e9chelle et l&rsquo;entra\u00eenement de l&rsquo;IA. L&rsquo;\u00e9v\u00e9nement s&rsquo;est d\u00e9roul\u00e9 au Centre de supercalcul de J\u00fclich (JSC), en Allemagne.\n<\/p>\n<p>\n <strong><br \/>\n  Medincell<br \/>\n <\/strong>\n<\/p>\n<p>\n Medincell a annonc\u00e9 que Christophe Douat, son directeur g\u00e9n\u00e9ral et le Dr Grace Kim, directrice de la strat\u00e9gie, participeront \u00e0 deux conf\u00e9rences aux \u00c9tats-Unis, qui se tiendront toutes les deux du 8 au 10 septembre. Il y aura la 27\u00e8me conf\u00e9rence annuelle H.C. Wainwright Global Investment et la 23\u00e8me conf\u00e9rence annuelle de Morgan Stanley Global Healthcare.\n<\/p>\n<p>\n <strong><br \/>\n  Safran<br \/>\n <\/strong>\n<\/p>\n<p>\n Vendredi, Safran a affich\u00e9 une des plus fortes hausses de l&rsquo;indice CAC 40 apr\u00e8s des informations rapport\u00e9es par le Financial Times, citant trois sources proches du dossier. L&rsquo;\u00e9quipementier a\u00e9ronautique r\u00e9fl\u00e9chirait \u00e0 c\u00e9der une partie de ses activit\u00e9s dans l\u2019am\u00e9nagement int\u00e9rieur d\u2019avions (Safran Cabin). Cependant, l&rsquo;activit\u00e9 de fabrication de si\u00e8ges de cabines (Safran Seats), qui fait partie de cette division, ne serait pas concern\u00e9e par cette potentielle vente. Selon le quotidien financier britannique, l&rsquo;op\u00e9ration pourrait \u00eatre valoris\u00e9e \u00e0 1,5 milliard d&rsquo;euros.\n<\/p>\n<p>\n <strong><br \/>\n  Les chiffres macro\u00e9conomiques<br \/>\n <\/strong>\n<\/p>\n<p>\n La production industrielle a progress\u00e9 de 1,3% en juillet en Allemagne apr\u00e8s avoir recul\u00e9 de 0,1% en juin. Elle \u00e9tait attendue en hausse de 1,1%.\n<\/p>\n<p>\n L&rsquo;exc\u00e9dent de la balance commerciale en Allemagne ressort \u00e0 14,7 milliards d&rsquo;euros en juillet alors que le consensus tablait sur 15,7 milliards d&rsquo;euros. Il \u00e9tait de 15,4 milliards d&rsquo;euros en d\u00e9cembre.\n<\/p>\n<p>\n L&rsquo;indice Sentix en septembre en zone euro sera connu \u00e0 10h30.\n<\/p>\n<p>\n Vers 8h30, l&rsquo;euro progresse de 0,63% \u00e0 1,1717 dollar.\n<\/p>\n<p>\n <strong><br \/>\n  Vendredi \u00e0 Paris<br \/>\n <\/strong>\n<\/p>\n<p>\n Les march\u00e9s actions europ\u00e9ens ont termin\u00e9 sous pression apr\u00e8s un rapport mensuel sur l&#8217;emploi en ao\u00fbt sugg\u00e9rant un ralentissement du march\u00e9 du travail am\u00e9ricain. Ces donn\u00e9es tr\u00e8s attendues valident le sc\u00e9nario d&rsquo;une baisse des taux de la Fed, le 17 septembre prochain. En Allemagne, les commandes \u00e0 l&rsquo;industrie ont connu une baisse surprise en juillet. C\u00f4t\u00e9 valeurs, STMicroelectronics s&rsquo;est illustr\u00e9 en t\u00eate du principal indice parisien, soutenu par un rel\u00e8vement de recommandation. Le CAC 40 a recul\u00e9 de 0,31% \u00e0 7674 points et l&rsquo;EuroStoxx 50 de 0,65% \u00e0 5312 points.\n<\/p>\n<p>\n <strong><br \/>\n  Vendredi \u00e0 Wall Street<br \/>\n <\/strong>\n<\/p>\n<p>\n Les march\u00e9s actions am\u00e9ricains ont cl\u00f4tur\u00e9 la derni\u00e8re s\u00e9ance de la semaine en recul sur fond de d\u00e9gradation du march\u00e9 du travail en ao\u00fbt. Les cr\u00e9ations de postes dans le secteur non agricole ont \u00e9t\u00e9 largement inf\u00e9rieures aux attentes des analystes. Ce rapport sur l&#8217;emploi donne aussi le feu vert \u00e0 un assouplissement mon\u00e9taire de la part de la Fed le 17 septembre. C\u00f4t\u00e9 valeurs, Broadcom a brill\u00e9 apr\u00e8s un robuste troisi\u00e8me trimestre et des pr\u00e9visions favorables pour son quatri\u00e8me trimestre. Le Dow Jones s&rsquo;est repli\u00e9 de 0,48% \u00e0 45400 points tandis que le Nasdaq a c\u00e9d\u00e9 0,03% \u00e0 21700 points.<\/p>\n","protected":false},"excerpt":{"rendered":"(AOF) &#8211; Les march\u00e9s actions europ\u00e9ens sont attendus sur une note positive \u00e0 l&rsquo;ouverture de la premi\u00e8re s\u00e9ance&hellip;\n","protected":false},"author":2,"featured_media":7013,"comment_status":"","ping_status":"","sticky":false,"template":"","format":"standard","meta":{"footnotes":""},"categories":[6],"tags":[400,398,408,35,405,33,34,1011,27,403,402,399,404,401,406,407],"class_list":{"0":"post-374921","1":"post","2":"type-post","3":"status-publish","4":"format-standard","5":"has-post-thumbnail","7":"category-economie","8":"tag-action-cac-40","9":"tag-bourse-de-paris","10":"tag-boursorama","11":"tag-business","12":"tag-cotations","13":"tag-economie","14":"tag-economy","15":"tag-fr","16":"tag-france","17":"tag-indices-devises","18":"tag-investir","19":"tag-investissement","20":"tag-marche-boursier","21":"tag-sicav","22":"tag-trackers","23":"tag-warrants"},"share_on_mastodon":{"url":"","error":""},"_links":{"self":[{"href":"https:\/\/www.europesays.com\/fr\/wp-json\/wp\/v2\/posts\/374921","targetHints":{"allow":["GET"]}}],"collection":[{"href":"https:\/\/www.europesays.com\/fr\/wp-json\/wp\/v2\/posts"}],"about":[{"href":"https:\/\/www.europesays.com\/fr\/wp-json\/wp\/v2\/types\/post"}],"author":[{"embeddable":true,"href":"https:\/\/www.europesays.com\/fr\/wp-json\/wp\/v2\/users\/2"}],"replies":[{"embeddable":true,"href":"https:\/\/www.europesays.com\/fr\/wp-json\/wp\/v2\/comments?post=374921"}],"version-history":[{"count":0,"href":"https:\/\/www.europesays.com\/fr\/wp-json\/wp\/v2\/posts\/374921\/revisions"}],"wp:featuredmedia":[{"embeddable":true,"href":"https:\/\/www.europesays.com\/fr\/wp-json\/wp\/v2\/media\/7013"}],"wp:attachment":[{"href":"https:\/\/www.europesays.com\/fr\/wp-json\/wp\/v2\/media?parent=374921"}],"wp:term":[{"taxonomy":"category","embeddable":true,"href":"https:\/\/www.europesays.com\/fr\/wp-json\/wp\/v2\/categories?post=374921"},{"taxonomy":"post_tag","embeddable":true,"href":"https:\/\/www.europesays.com\/fr\/wp-json\/wp\/v2\/tags?post=374921"}],"curies":[{"name":"wp","href":"https:\/\/api.w.org\/{rel}","templated":true}]}}