{"id":374922,"date":"2025-09-08T09:43:11","date_gmt":"2025-09-08T09:43:11","guid":{"rendered":"https:\/\/www.europesays.com\/fr\/374922\/"},"modified":"2025-09-08T09:43:11","modified_gmt":"2025-09-08T09:43:11","slug":"drapeaux-palestiniens-rima-hassan-ferveur-pres-de-tunis-pour-la-flottille-allant-vers-gaza","status":"publish","type":"post","link":"https:\/\/www.europesays.com\/fr\/374922\/","title":{"rendered":"Drapeaux palestiniens, Rima Hassan\u2026 Ferveur pr\u00e8s de Tunis pour la flottille allant vers Gaza"},"content":{"rendered":"<p><a href=\"https:\/\/www.20minutes.fr\/politique\/rima-hassan\/\" target=\"_blank\" class=\"c-link c-link--is-underlined\" rel=\"noopener\">Rima Hassan<\/a> aura pour l\u2019occasion fait le d\u00e9placement. La flottille partie de Barcelone avec \u00e0 son bord des militants et de l\u2019aide humanitaire pour <a href=\"https:\/\/www.20minutes.fr\/monde\/gaza\/\" target=\"_blank\" class=\"c-link c-link--is-underlined\" rel=\"noopener\">Gaza<\/a>, a re\u00e7u de la part de plus d\u2019un millier de personnes un gros accueil, particuli\u00e8rement fervent, dimanche en <a href=\"https:\/\/www.20minutes.fr\/dossier\/tunisie\" target=\"_blank\" class=\"c-link c-link--is-underlined\" rel=\"noopener\">Tunisie<\/a>.<\/p>\n<p>Plusieurs bateaux devaient quitter Tunis dimanche pour rejoindre la \u00ab\u00a0Global Sumud Flotilla\u00a0\u00bb, mais leur d\u00e9part a \u00e9t\u00e9 report\u00e9 \u00e0 mercredi pour des \u00ab\u00a0raisons techniques et logistiques\u00a0\u00bb selon les organisateurs. La flottille dit avoir pour objectif \u00ab\u00a0d\u2019ouvrir un corridor humanitaire et de mettre fin au g\u00e9nocide en cours du peuple palestinien\u00a0\u00bb.<\/p>\n<p>Rima Hassan critique \u00ab\u00a0la l\u00e2chet\u00e9 des Etats\u00a0\u00bb<\/p>\n<p>A Sidi Bou Sa\u00efd, pr\u00e8s de Tunis, plus d\u2019un millier de personnes munies de drapeaux palestiniens, de banderoles de soutien \u00e0 la flottille et de fumig\u00e8nes se sont rassembl\u00e9es pour accueillir les bateaux.<\/p>\n<\/p>\n<p>Lors d\u2019une conf\u00e9rence de presse sur la plage, Rima Hassan a insist\u00e9 sur \u00ab\u00a0le r\u00f4le que jouent aujourd\u2019hui les peuples face \u00e0 la l\u00e2chet\u00e9 des Etats [\u2026] qui emp\u00eachent toute solidarit\u00e9 envers le peuple palestinien\u00a0\u00bb. \u00ab\u00a0Quand nous \u00e9tions sur le Madleen, on a \u00e9t\u00e9 intercept\u00e9s par plusieurs dizaines de militaires, et on s\u2019est fait la promesse d\u00e8s notre arriv\u00e9e de renvoyer imm\u00e9diatement un maximum de bateaux\u00a0\u00bb, a ajout\u00e9 l\u2019eurod\u00e9put\u00e9e. Le voilier Madleen, avec 12 militants \u00e0 bord, avait \u00e9t\u00e9 intercept\u00e9 le 9\u00a0juin par les forces isra\u00e9liennes \u00e0 environ 185 kilom\u00e8tres \u00e0 l\u2019ouest des c\u00f4tes de Gaza.<\/p>\n<p>Greta Thunberg d\u00e9nonce un \u00ab\u00a0g\u00e9nocide\u00a0\u00bb<\/p>\n<p>\u00ab\u00a0Nous savons tous pourquoi nous sommes ici. De l\u2019autre c\u00f4t\u00e9 de la mer, il y a un g\u00e9nocide en cours, <a href=\"https:\/\/www.20minutes.fr\/monde\/israel\/4169771-20250827-guerre-gaza-seuil-malnutrition-trafique-onu-declarer-famine-faux\" target=\"_blank\" class=\"c-link c-link--is-underlined\" rel=\"noopener\">une famine de masse<\/a> provoqu\u00e9e par la machine \u00e0 tuer d\u2019Isra\u00ebl\u00a0\u00bb, a d\u00e9nonc\u00e9 la militante su\u00e9doise Greta Thunberg aux c\u00f4t\u00e9s de Rima Hassan, juste apr\u00e8s son arriv\u00e9e en bateau de Barcelone.<\/p>\n<p><a href=\"https:\/\/www.20minutes.fr\/monde\/conflit_israelo-palestinien\/\" target=\"_blank\" class=\"c-link c-btn c-btn--primary\" rel=\"noopener\">Notre dossier sur le Conflit isra\u00e9lo-palestinien<\/a><\/p>\n<p>La flottille devrait en outre se renforcer apr\u00e8s cette escale. Quelque 130 personnes de diff\u00e9rents pays se sont en effet inscrites pour monter \u00e0 bord des bateaux devant partir de Tunisie, ont d\u00e9clar\u00e9 les organisateurs.<\/p>\n","protected":false},"excerpt":{"rendered":"Rima Hassan aura pour l\u2019occasion fait le d\u00e9placement. La flottille partie de Barcelone avec \u00e0 son bord des&hellip;\n","protected":false},"author":2,"featured_media":374923,"comment_status":"","ping_status":"","sticky":false,"template":"","format":"standard","meta":{"footnotes":""},"categories":[5],"tags":[47,11,952,3259,1011,27,665,26418,14,664,74,12,15442,2028,133,28],"class_list":{"0":"post-374922","1":"post","2":"type-post","3":"status-publish","4":"format-standard","5":"has-post-thumbnail","7":"category-international","8":"tag-actualite","9":"tag-actualites","10":"tag-benyamin-netanyahou","11":"tag-conflit-israelo-palestinien","12":"tag-fr","13":"tag-france","14":"tag-gaza","15":"tag-greta-thunberg","16":"tag-international","17":"tag-israel","18":"tag-monde","19":"tag-news","20":"tag-rima-hassan","21":"tag-tunisie","22":"tag-video","23":"tag-world"},"share_on_mastodon":{"url":"https:\/\/pubeurope.com\/@fr\/115168031754380858","error":""},"_links":{"self":[{"href":"https:\/\/www.europesays.com\/fr\/wp-json\/wp\/v2\/posts\/374922","targetHints":{"allow":["GET"]}}],"collection":[{"href":"https:\/\/www.europesays.com\/fr\/wp-json\/wp\/v2\/posts"}],"about":[{"href":"https:\/\/www.europesays.com\/fr\/wp-json\/wp\/v2\/types\/post"}],"author":[{"embeddable":true,"href":"https:\/\/www.europesays.com\/fr\/wp-json\/wp\/v2\/users\/2"}],"replies":[{"embeddable":true,"href":"https:\/\/www.europesays.com\/fr\/wp-json\/wp\/v2\/comments?post=374922"}],"version-history":[{"count":0,"href":"https:\/\/www.europesays.com\/fr\/wp-json\/wp\/v2\/posts\/374922\/revisions"}],"wp:featuredmedia":[{"embeddable":true,"href":"https:\/\/www.europesays.com\/fr\/wp-json\/wp\/v2\/media\/374923"}],"wp:attachment":[{"href":"https:\/\/www.europesays.com\/fr\/wp-json\/wp\/v2\/media?parent=374922"}],"wp:term":[{"taxonomy":"category","embeddable":true,"href":"https:\/\/www.europesays.com\/fr\/wp-json\/wp\/v2\/categories?post=374922"},{"taxonomy":"post_tag","embeddable":true,"href":"https:\/\/www.europesays.com\/fr\/wp-json\/wp\/v2\/tags?post=374922"}],"curies":[{"name":"wp","href":"https:\/\/api.w.org\/{rel}","templated":true}]}}