{"id":374924,"date":"2025-09-08T09:44:23","date_gmt":"2025-09-08T09:44:23","guid":{"rendered":"https:\/\/www.europesays.com\/fr\/374924\/"},"modified":"2025-09-08T09:44:23","modified_gmt":"2025-09-08T09:44:23","slug":"dans-le-portable-des-presidents-sur-france-5","status":"publish","type":"post","link":"https:\/\/www.europesays.com\/fr\/374924\/","title":{"rendered":"\u00ab\u00a0Dans le portable des pr\u00e9sidents\u00a0\u00bb, sur France 5"},"content":{"rendered":"<p>                         <img loading=\"lazy\" decoding=\"async\" src=\"https:\/\/www.europesays.com\/fr\/wp-content\/uploads\/2025\/09\/9272c87_upload-1-aks6zy9ac1bv-dansleportabledesprc389sidents-5.png\" alt=\"Emmanuel Macron \u00e0 l\u2019Elys\u00e9e, \u00e0 Paris. Image extraite du documentaire \u00ab\u00a0Dans le portable des pr\u00e9sidents\u00a0\u00bb, de Sylvain Pierron.\"   width=\"664\" height=\"443\"\/>    Emmanuel Macron \u00e0 l\u2019Elys\u00e9e, \u00e0 Paris. Image extraite du documentaire \u00ab\u00a0Dans le portable des pr\u00e9sidents\u00a0\u00bb, de Sylvain Pierron.  NATIVE\/FRANCE T\u00c9L\u00c9VISIONS                <\/p>\n<blockquote class=\"article__catchphrase\">\n<p class=\"article__quote\">FRANCE 5 \u2013 DIMANCHE 7\u00a0SEPTEMBRE<br \/>\u00c0 21\u00a0HEURES \u2013 DOCUMENTAIRE<\/p>\n<\/blockquote>\n<p class=\"article__paragraph  \">Elys\u00e9e, le 24\u00a0juin\u00a02017. Alors qu\u2019Emmanuel Macron pose pour son portrait officiel, un d\u00e9tail \u00e9chappe \u00e0 beaucoup\u00a0: \u00e0 c\u00f4t\u00e9 de sa main droite, ses deux iPhone\u00a0sont empil\u00e9s, symboles discrets d\u2019un pr\u00e9sident qui se veut jeune et connect\u00e9 \u2013 \u00e0 des ann\u00e9es-lumi\u00e8re du t\u00e9l\u00e9phone de Giscard d\u2019Estaing, dont la sonnerie oscillait entre \u00ab\u00a0le sifflement du train et la bouilloire\u00a0\u00bb, commente en voix off le r\u00e9alisateur, Sylvain Pierron.<\/p>\n<p class=\"article__paragraph  \">\u00ab\u00a0Dis-moi comment tu utilises ton t\u00e9l\u00e9phone portable, je te dirai quel leader tu es\u00a0\u00bb, r\u00e9sume Elodie Mielczareck, s\u00e9miologue. A partir de cette boutade, le documentaire Dans le portable des pr\u00e9sidents devient progressivement plus s\u00e9rieux, voire inqui\u00e9tant. Extension du pouvoir, le smartphone peut devenir un outil de propagande, un espion, voire une arme.<\/p>\n<p class=\"article__paragraph  \">Communiquer directement avec le \u00ab\u00a0peuple\u00a0\u00bb \u2013 et sans journaliste \u2013, c\u2019est ce qui pla\u00eet, tant \u00e0 Emmanuel Macron qu\u2019\u00e0 Donald Trump. Ce dernier peut envoyer jusqu\u2019\u00e0 1\u00a0000\u00a0tweets par mois (en juin\u00a02020)\u00a0: le jour, sa collaboratrice l\u2019assiste, mais la nuit, il est sans filtre. \u00ab\u00a0Vous savez quand il a r\u00e9ellement tap\u00e9 un tweet, car il y a des fautes d\u2019orthographe\u00a0\u00bb, cafte Marc Fisher, du Washington Post.<\/p>\n<p class=\"reading-mode-only \"><strong>Il vous reste 66.49% de cet article \u00e0 lire. La suite est r\u00e9serv\u00e9e aux abonn\u00e9s.<\/strong><\/p>\n","protected":false},"excerpt":{"rendered":"Emmanuel Macron \u00e0 l\u2019Elys\u00e9e, \u00e0 Paris. Image extraite du documentaire \u00ab\u00a0Dans le portable des pr\u00e9sidents\u00a0\u00bb, de Sylvain Pierron.&hellip;\n","protected":false},"author":2,"featured_media":374925,"comment_status":"","ping_status":"","sticky":false,"template":"","format":"standard","meta":{"footnotes":""},"categories":[4],"tags":[11,1011,27,12,25],"class_list":{"0":"post-374924","1":"post","2":"type-post","3":"status-publish","4":"format-standard","5":"has-post-thumbnail","7":"category-france","8":"tag-actualites","9":"tag-fr","10":"tag-france","11":"tag-news","12":"tag-republique-francaise"},"share_on_mastodon":{"url":"https:\/\/pubeurope.com\/@fr\/115168035757345669","error":""},"_links":{"self":[{"href":"https:\/\/www.europesays.com\/fr\/wp-json\/wp\/v2\/posts\/374924","targetHints":{"allow":["GET"]}}],"collection":[{"href":"https:\/\/www.europesays.com\/fr\/wp-json\/wp\/v2\/posts"}],"about":[{"href":"https:\/\/www.europesays.com\/fr\/wp-json\/wp\/v2\/types\/post"}],"author":[{"embeddable":true,"href":"https:\/\/www.europesays.com\/fr\/wp-json\/wp\/v2\/users\/2"}],"replies":[{"embeddable":true,"href":"https:\/\/www.europesays.com\/fr\/wp-json\/wp\/v2\/comments?post=374924"}],"version-history":[{"count":0,"href":"https:\/\/www.europesays.com\/fr\/wp-json\/wp\/v2\/posts\/374924\/revisions"}],"wp:featuredmedia":[{"embeddable":true,"href":"https:\/\/www.europesays.com\/fr\/wp-json\/wp\/v2\/media\/374925"}],"wp:attachment":[{"href":"https:\/\/www.europesays.com\/fr\/wp-json\/wp\/v2\/media?parent=374924"}],"wp:term":[{"taxonomy":"category","embeddable":true,"href":"https:\/\/www.europesays.com\/fr\/wp-json\/wp\/v2\/categories?post=374924"},{"taxonomy":"post_tag","embeddable":true,"href":"https:\/\/www.europesays.com\/fr\/wp-json\/wp\/v2\/tags?post=374924"}],"curies":[{"name":"wp","href":"https:\/\/api.w.org\/{rel}","templated":true}]}}