{"id":374926,"date":"2025-09-08T09:45:20","date_gmt":"2025-09-08T09:45:20","guid":{"rendered":"https:\/\/www.europesays.com\/fr\/374926\/"},"modified":"2025-09-08T09:45:20","modified_gmt":"2025-09-08T09:45:20","slug":"les-reactions-du-coach-des-joueurs-et-de-ladversaire","status":"publish","type":"post","link":"https:\/\/www.europesays.com\/fr\/374926\/","title":{"rendered":"Les r\u00e9actions du coach, des joueurs et de l&rsquo;adversaire"},"content":{"rendered":"<p>La France quitte l\u2019Eurobasket 2025 par la plus petite des portes. Battus 80-70 par la G\u00e9orgie en huiti\u00e8mes de finale, les Bleus laissent derri\u00e8re eux une impression d\u2019\u00e9quipe inachev\u00e9e, incapable d\u2019imposer son rythme et de r\u00e9pondre \u00e0 l\u2019agressivit\u00e9 adverse.<\/p>\n<p>\u00ab On ne s\u2019est pas mis dans l\u2019intensit\u00e9 n\u00e9cessaire \u00bb<\/p>\n<p>L\u2019entra\u00eeneur Fr\u00e9d\u00e9ric Fauthoux n\u2019a pas tourn\u00e9 autour du pot apr\u00e8s le match au micro de nos confr\u00e8res de <a href=\"https:\/\/www.lequipe.fr\/Basket\/Actualites\/Frederic-fauthoux-apres-la-desillusion-des-bleus-a-l-euro-on-ne-s-est-pas-mis-dans-l-intensite-necessaire\/1591300\" rel=\"nofollow noopener\" target=\"_blank\">l&rsquo;Equipe <\/a>: \u00ab On ne s\u2019est pas mis dans l\u2019intensit\u00e9 n\u00e9cessaire \u00bb. Un constat qui r\u00e9sume la soir\u00e9e. Si la France avait montr\u00e9 par s\u00e9quences qu\u2019elle pouvait perturber la d\u00e9fense g\u00e9orgienne en attaquant le cercle, l\u2019\u00e9quipe a finalement c\u00e9d\u00e9 trop souvent \u00e0 la facilit\u00e9 du tir \u00e0 trois points, avec un d\u00e9sastreux 6 sur 36 derri\u00e8re l\u2019arc. L\u2019impression d\u2019une \u00e9quipe en retard dans l\u2019engagement et incapable de s\u2019adapter.<\/p>\n<blockquote>\n<p>\u00ab Il y a un manque d&rsquo;exp\u00e9rience et un manque de gestion \u00e9motionnelle de ces matches-l\u00e0. Mais les gars ont mouill\u00e9 le maillot \u00bb<\/p>\n<\/blockquote>\n<p>Jaiteh : \u00ab Ils ont montr\u00e9 qu\u2019ils en voulaient plus que nous \u00bb<\/p>\n<p>Seul int\u00e9rieur de m\u00e9tier, Mouhammadou Jaiteh a livr\u00e9 un match solide, mais n\u2019a pas pu masquer le d\u00e9ficit collectif. Son constat est sans appel : \u00ab D\u00e8s le d\u00e9but du match, ils ont montr\u00e9 qu\u2019ils en voulaient plus que nous. Ils ont jou\u00e9 avec beaucoup plus d\u2019envie, beaucoup plus d\u2019intensit\u00e9 \u00bb. Le pivot a aussi regrett\u00e9 de ne pas avoir vu plus de ballons \u00e0 l\u2019int\u00e9rieur, alors que les rares s\u00e9quences o\u00f9 les Bleus ont mis du drive et de l\u2019agressivit\u00e9 leur ont permis de repasser devant au score.<\/p>\n<p>M\u00eame son de cloche du c\u00f4t\u00e9 de Yabusele :<\/p>\n<blockquote>\n<p>\u00ab Ils ont \u00e9t\u00e9 plus durs que nous. On a bien jou\u00e9, mais on a rat\u00e9 beaucoup de shoots ouverts. C&rsquo;\u00e9tait des bons tirs, il fallait continuer \u00e0 les prendre. Voil\u00e0, on est tr\u00e8s d\u00e9\u00e7us mais ce groupe est sp\u00e9cial, on va apprendre, on reviendra plus fort.\u00bb<\/p>\n<\/blockquote>\n<p>Okobo : \u00ab Ils ont jou\u00e9 beaucoup plus dur que nous \u00bb<\/p>\n<p>M\u00eame son de cloche du c\u00f4t\u00e9 d\u2019\u00c9lie Okobo, qui reconna\u00eet que la France a \u00e9t\u00e9 domin\u00e9e physiquement : \u00ab Ils ont jou\u00e9 beaucoup plus dur que nous. On leur a donn\u00e9 trop de paniers faciles. \u00bb Pour le meneur, l\u2019incapacit\u00e9 des Bleus \u00e0 verrouiller leur d\u00e9fense dans les moments cl\u00e9s a pes\u00e9 lourd, d\u2019autant que l\u2019adresse ext\u00e9rieure ne r\u00e9pondait pas. Quand la G\u00e9orgie a continu\u00e9 \u00e0 sanctionner, la France n\u2019a jamais trouv\u00e9 d\u2019alternative cr\u00e9dible.<\/p>\n<p>Mamukelashvili : \u00ab La France se projetait peut-\u00eatre d\u00e9j\u00e0 sur la Finlande \u00bb<\/p>\n<p>C\u00f4t\u00e9 g\u00e9orgien, la victoire a \u00e9t\u00e9 v\u00e9cue comme un moment historique. Sandro Mamukelashvili a savour\u00e9, tout en pointant une faille mentale chez les Bleus : \u00ab La France se projetait peut-\u00eatre d\u00e9j\u00e0 sur la Finlande \u00bb. Une phrase lourde de sens, qui laisse entendre que les Tricolores ont manqu\u00e9 d\u2019humilit\u00e9 et de concentration, pensant d\u00e9j\u00e0 au quart de finale suivant plut\u00f4t qu\u2019\u00e0 l\u2019obstacle imm\u00e9diat.<\/p>\n<p>Entre une adresse catastrophique, un manque d\u2019intensit\u00e9 r\u00e9p\u00e9t\u00e9 dans les discours des joueurs et une \u00e9quipe de G\u00e9orgie qui a jou\u00e9 avec plus de constance et de c\u0153ur, le verdict ne souffre d\u2019aucune contestation. Les Bleus sortent avec une impression de g\u00e2chis, mais aussi avec des le\u00e7ons \u00e0 retenir : le talent ne suffit pas sans engagement total, surtout dans un tournoi aussi relev\u00e9.<\/p>\n<p><a class=\"read-too\" href=\"https:\/\/www.basketsession.com\/NBA\/debat-trop-de-tirs-a-trois-points-le-peche-capital-des-bleus-face-a-la-georgie-748211\/\" rel=\"nofollow noopener\" target=\"_blank\">D\u00e9bat : Trop de tirs \u00e0 trois points, le p\u00e9ch\u00e9 capital des Bleus face \u00e0 la G\u00e9orgie ?<\/a><\/p>\n","protected":false},"excerpt":{"rendered":"La France quitte l\u2019Eurobasket 2025 par la plus petite des portes. Battus 80-70 par la G\u00e9orgie en huiti\u00e8mes&hellip;\n","protected":false},"author":2,"featured_media":374927,"comment_status":"","ping_status":"","sticky":false,"template":"","format":"standard","meta":{"footnotes":""},"categories":[2],"tags":[11,1011,27,12],"class_list":{"0":"post-374926","1":"post","2":"type-post","3":"status-publish","4":"format-standard","5":"has-post-thumbnail","7":"category-actualites","8":"tag-actualites","9":"tag-fr","10":"tag-france","11":"tag-news"},"share_on_mastodon":{"url":"https:\/\/pubeurope.com\/@fr\/115168039704418180","error":""},"_links":{"self":[{"href":"https:\/\/www.europesays.com\/fr\/wp-json\/wp\/v2\/posts\/374926","targetHints":{"allow":["GET"]}}],"collection":[{"href":"https:\/\/www.europesays.com\/fr\/wp-json\/wp\/v2\/posts"}],"about":[{"href":"https:\/\/www.europesays.com\/fr\/wp-json\/wp\/v2\/types\/post"}],"author":[{"embeddable":true,"href":"https:\/\/www.europesays.com\/fr\/wp-json\/wp\/v2\/users\/2"}],"replies":[{"embeddable":true,"href":"https:\/\/www.europesays.com\/fr\/wp-json\/wp\/v2\/comments?post=374926"}],"version-history":[{"count":0,"href":"https:\/\/www.europesays.com\/fr\/wp-json\/wp\/v2\/posts\/374926\/revisions"}],"wp:featuredmedia":[{"embeddable":true,"href":"https:\/\/www.europesays.com\/fr\/wp-json\/wp\/v2\/media\/374927"}],"wp:attachment":[{"href":"https:\/\/www.europesays.com\/fr\/wp-json\/wp\/v2\/media?parent=374926"}],"wp:term":[{"taxonomy":"category","embeddable":true,"href":"https:\/\/www.europesays.com\/fr\/wp-json\/wp\/v2\/categories?post=374926"},{"taxonomy":"post_tag","embeddable":true,"href":"https:\/\/www.europesays.com\/fr\/wp-json\/wp\/v2\/tags?post=374926"}],"curies":[{"name":"wp","href":"https:\/\/api.w.org\/{rel}","templated":true}]}}