{"id":374928,"date":"2025-09-08T09:46:13","date_gmt":"2025-09-08T09:46:13","guid":{"rendered":"https:\/\/www.europesays.com\/fr\/374928\/"},"modified":"2025-09-08T09:46:13","modified_gmt":"2025-09-08T09:46:13","slug":"a-novacieries-lappart-fitness-devient-bella-studios","status":"publish","type":"post","link":"https:\/\/www.europesays.com\/fr\/374928\/","title":{"rendered":"\u00e0 Novaci\u00e9ries, L\u2019Appart Fitness devient Bella Studios"},"content":{"rendered":"<p>Ouverte en septembre\u00a02018 \u00e0 Novaci\u00e9ries, la salle L\u2019Appart Fitness s\u2019appr\u00eate \u00e0 tourner une page. Son responsable, Alexandre Gammino, a d\u00e9cid\u00e9 de mettre fin \u00e0 la franchise pour cr\u00e9er une enseigne 100\u00a0% saint-chamondaise, sous le nom de Bella Studios.<\/p>\n<p>\u00ab\u00a0Lorsqu\u2019on a ouvert, on a battu le record de fr\u00e9quentation tout sports confondus, avec jusqu\u2019\u00e0 mille passages par jour\u00a0\u00bb, se souvient Alexandre Gammino. Mais, <a href=\"https:\/\/www.leprogres.fr\/loire-42-edition-gier\/2018\/10\/22\/a-novacieries-l-appart-fitness-demarre-tres-fort\" target=\"_blank\" rel=\"nofollow noopener\">apr\u00e8s sept ann\u00e9es de&#8230;<\/a><\/p>\n","protected":false},"excerpt":{"rendered":"Ouverte en septembre\u00a02018 \u00e0 Novaci\u00e9ries, la salle L\u2019Appart Fitness s\u2019appr\u00eate \u00e0 tourner une page. Son responsable, Alexandre Gammino,&hellip;\n","protected":false},"author":2,"featured_media":374929,"comment_status":"","ping_status":"","sticky":false,"template":"","format":"standard","meta":{"footnotes":""},"categories":[9653],"tags":[1111,11,2430,4406,33,7539,1777,674,1011,27,12,25,9669,9670,4001],"class_list":{"0":"post-374928","1":"post","2":"type-post","3":"status-publish","4":"format-standard","5":"has-post-thumbnail","7":"category-saint-etienne","8":"tag-actu","9":"tag-actualites","10":"tag-auvergne-rhone-alpes","11":"tag-commerce-et-services","12":"tag-economie","13":"tag-edition-loire-sud","14":"tag-eu","15":"tag-europe","16":"tag-fr","17":"tag-france","18":"tag-news","19":"tag-republique-francaise","20":"tag-saint-chamond","21":"tag-saint-chamond-ville","22":"tag-saint-etienne"},"share_on_mastodon":{"url":"https:\/\/pubeurope.com\/@fr\/115168043518112983","error":""},"_links":{"self":[{"href":"https:\/\/www.europesays.com\/fr\/wp-json\/wp\/v2\/posts\/374928","targetHints":{"allow":["GET"]}}],"collection":[{"href":"https:\/\/www.europesays.com\/fr\/wp-json\/wp\/v2\/posts"}],"about":[{"href":"https:\/\/www.europesays.com\/fr\/wp-json\/wp\/v2\/types\/post"}],"author":[{"embeddable":true,"href":"https:\/\/www.europesays.com\/fr\/wp-json\/wp\/v2\/users\/2"}],"replies":[{"embeddable":true,"href":"https:\/\/www.europesays.com\/fr\/wp-json\/wp\/v2\/comments?post=374928"}],"version-history":[{"count":0,"href":"https:\/\/www.europesays.com\/fr\/wp-json\/wp\/v2\/posts\/374928\/revisions"}],"wp:featuredmedia":[{"embeddable":true,"href":"https:\/\/www.europesays.com\/fr\/wp-json\/wp\/v2\/media\/374929"}],"wp:attachment":[{"href":"https:\/\/www.europesays.com\/fr\/wp-json\/wp\/v2\/media?parent=374928"}],"wp:term":[{"taxonomy":"category","embeddable":true,"href":"https:\/\/www.europesays.com\/fr\/wp-json\/wp\/v2\/categories?post=374928"},{"taxonomy":"post_tag","embeddable":true,"href":"https:\/\/www.europesays.com\/fr\/wp-json\/wp\/v2\/tags?post=374928"}],"curies":[{"name":"wp","href":"https:\/\/api.w.org\/{rel}","templated":true}]}}