{"id":374930,"date":"2025-09-08T09:47:17","date_gmt":"2025-09-08T09:47:17","guid":{"rendered":"https:\/\/www.europesays.com\/fr\/374930\/"},"modified":"2025-09-08T09:47:17","modified_gmt":"2025-09-08T09:47:17","slug":"greve-le-10-septembre-2025-les-services-municipaux-perturbes-ville-de-saint-etienne-du-rouvray","status":"publish","type":"post","link":"https:\/\/www.europesays.com\/fr\/374930\/","title":{"rendered":"Gr\u00e8ve le 10 septembre 2025 : les services municipaux perturb\u00e9s &#8211; Ville de Saint-\u00c9tienne-du-Rouvray"},"content":{"rendered":"<p class=\"article-date\">\n\t\t\t\t\tMouvement social\t\t\t\t\t\t\t\t\t\t\t&#8211; 8 septembre 2025\t\t\t\t\t\t\t\t\t<\/p>\n<p><strong>Derni\u00e8re mise \u00e0 jour : 8 septembre 2025, 11h.<\/strong><\/p>\n<p><strong>Mercredi 10 septembre 2025, un mouvement de gr\u00e8ve national impactera certains services municipaux :<\/strong><\/p>\n<p>Centres de loisirs et restauration<\/p>\n<ul>\n<li>Roland-Leroy : ferm\u00e9<\/li>\n<li>Langevin et La Houssi\u00e8re : ouverts, sans restauration ni go\u00fbter<\/li>\n<li>Restaurants seniors Croizat et Bourdon : ferm\u00e9s<\/li>\n<\/ul>\n<p>Pour les cantines scolaires, un changement de menu est op\u00e9r\u00e9 pour le jeudi midi.<\/p>\n<p>Cr\u00e8che municipale<\/p>\n<p>Cr\u00e8che Anne-Frank : ferm\u00e9e.<\/p>\n","protected":false},"excerpt":{"rendered":"Mouvement social &#8211; 8 septembre 2025 Derni\u00e8re mise \u00e0 jour : 8 septembre 2025, 11h. Mercredi 10 septembre&hellip;\n","protected":false},"author":2,"featured_media":79297,"comment_status":"","ping_status":"","sticky":false,"template":"","format":"standard","meta":{"footnotes":""},"categories":[9653],"tags":[1111,11,2430,1777,674,1011,27,12,25,4001],"class_list":{"0":"post-374930","1":"post","2":"type-post","3":"status-publish","4":"format-standard","5":"has-post-thumbnail","7":"category-saint-etienne","8":"tag-actu","9":"tag-actualites","10":"tag-auvergne-rhone-alpes","11":"tag-eu","12":"tag-europe","13":"tag-fr","14":"tag-france","15":"tag-news","16":"tag-republique-francaise","17":"tag-saint-etienne"},"share_on_mastodon":{"url":"https:\/\/pubeurope.com\/@fr\/115168047521036835","error":""},"_links":{"self":[{"href":"https:\/\/www.europesays.com\/fr\/wp-json\/wp\/v2\/posts\/374930","targetHints":{"allow":["GET"]}}],"collection":[{"href":"https:\/\/www.europesays.com\/fr\/wp-json\/wp\/v2\/posts"}],"about":[{"href":"https:\/\/www.europesays.com\/fr\/wp-json\/wp\/v2\/types\/post"}],"author":[{"embeddable":true,"href":"https:\/\/www.europesays.com\/fr\/wp-json\/wp\/v2\/users\/2"}],"replies":[{"embeddable":true,"href":"https:\/\/www.europesays.com\/fr\/wp-json\/wp\/v2\/comments?post=374930"}],"version-history":[{"count":0,"href":"https:\/\/www.europesays.com\/fr\/wp-json\/wp\/v2\/posts\/374930\/revisions"}],"wp:featuredmedia":[{"embeddable":true,"href":"https:\/\/www.europesays.com\/fr\/wp-json\/wp\/v2\/media\/79297"}],"wp:attachment":[{"href":"https:\/\/www.europesays.com\/fr\/wp-json\/wp\/v2\/media?parent=374930"}],"wp:term":[{"taxonomy":"category","embeddable":true,"href":"https:\/\/www.europesays.com\/fr\/wp-json\/wp\/v2\/categories?post=374930"},{"taxonomy":"post_tag","embeddable":true,"href":"https:\/\/www.europesays.com\/fr\/wp-json\/wp\/v2\/tags?post=374930"}],"curies":[{"name":"wp","href":"https:\/\/api.w.org\/{rel}","templated":true}]}}