{"id":374935,"date":"2025-09-08T09:50:11","date_gmt":"2025-09-08T09:50:11","guid":{"rendered":"https:\/\/www.europesays.com\/fr\/374935\/"},"modified":"2025-09-08T09:50:11","modified_gmt":"2025-09-08T09:50:11","slug":"lurgence-des-luttes-en-debat-a-la-cride","status":"publish","type":"post","link":"https:\/\/www.europesays.com\/fr\/374935\/","title":{"rendered":"L\u2019urgence des luttes en d\u00e9bat \u00e0 la Cride"},"content":{"rendered":"\n<p>Il faut canaliser ces col\u00e8res et leur donner un contenu. Notre boulot, c\u2019est \u00e7a\u00a0!\u00a0\u00bb Durant les \u00e9changes, dimanche matin, sous l\u2019ombre agr\u00e9able des pins du parc Victorin-Blanc, quartier de la Cride, Pierre Daspre, secr\u00e9taire de la f\u00e9d\u00e9ration PCF du Var, termine ainsi son intervention. Quelques instants auparavant, Jean-Pierre Meyer, secr\u00e9taire de la section PCF ouest Var et \u00e9lu au conseil national du PCF, avait plant\u00e9 le d\u00e9cor\u00a0: \u00ab\u00a0Cette f\u00eate se situe dans une p\u00e9riode de toutes les pr\u00e9occupations. C\u2019est une situation ouverte sur toutes les possibilit\u00e9s, les meilleures comme les pires. Le 8\u00a0septembre, un certain Premier ministre va devoir rendre ses affaires, puis il y aura les 10 et 18\u00a0septembre\u00a0\u00bb, pr\u00e9sente-t-il.<\/p>\n<p> Pour un imp\u00f4t plus juste\n              <\/p>\n<p>Certains dans le public, comme Amaryllis, ne voient pas d\u2019un bon \u0153il le fait de rallier le mouvement du 10\u00a0septembre, cette n\u00e9buleuse. Sylvie Vinceneux, membre du conseil national du PCF, d\u00e9clare\u00a0: \u00ab\u00a0Vous avez vu cet \u00e9t\u00e9 que la p\u00e9tition contre la loi Duplomb a rassembl\u00e9 2\u00a0millions de signatures. C\u2019est pour \u00e7a qu\u2019on ne peut pas rejeter le 10\u00a0septembre en disant \u00ab\u00a0c\u2019est tous des fachos\u00a0\u00bb. Le probl\u00e8me principal aujourd\u2019hui, c\u2019est que le travail ne paie plus, les salari\u00e9s ne peuvent plus se loger, partir en vacances&#8230;\u00a0\u00bb Pr\u00e9sent dimanche \u00e0 la f\u00eate, J\u00e9r\u00e9my Bacchi, s\u00e9nateur PCF des Bouches-du-Rh\u00f4ne, rappelle la position de son parti\u00a0: \u00ab\u00a0Nous pensons que nous devons \u00eatre de toutes les mobilisations qui participent \u00e0 la construction du progr\u00e8s social. Je crois que l\u2019heure est venue de la convergence de toutes celles et de tous ceux qui veulent plus de justice et d\u2019\u00e9galit\u00e9, encart\u00e9s ou non dans une organisation.\u00a0\u00bb Sur la dette et la mani\u00e8re de renflouer le bateau France, le s\u00e9nateur communiste a une vision radicalement oppos\u00e9e \u00e0 celle de Fran\u00e7ois Bayrou. \u00ab\u00a0On n\u2019a pas un probl\u00e8me de d\u00e9penses, qui sert pour lui \u00e0 justifier de devoir faire 44\u00a0milliards d\u2019\u00e9conomies, en ciblant les services publics et les collectivit\u00e9s, mais un probl\u00e8me de recettes\u00a0\u00bb, pose-t-il. \u00ab\u00a0Le patrimoine des 500\u00a0familles les plus riches en France atteint 1\u00a0300\u00a0milliards, l\u2019\u00e9quivalent de 40% de la dette fran\u00e7aise qui s\u2019\u00e9l\u00e8ve \u00e0 3\u00a0000\u00a0milliards.\u00a0\u00bb Pour le PCF, il faut \u00ab\u00a0r\u00e9former la fiscalit\u00e9, pour faire payer moins d\u2019imp\u00f4ts aux classes populaires et moyennes, et mettre davantage \u00e0 contribution les plus hauts revenus\u00a0\u00bb.<\/p>\n","protected":false},"excerpt":{"rendered":"Il faut canaliser ces col\u00e8res et leur donner un contenu. Notre boulot, c\u2019est \u00e7a\u00a0!\u00a0\u00bb Durant les \u00e9changes, dimanche&hellip;\n","protected":false},"author":2,"featured_media":374936,"comment_status":"","ping_status":"","sticky":false,"template":"","format":"standard","meta":{"footnotes":""},"categories":[9619],"tags":[1111,11,1777,674,1011,27,431,12,882,25,2310],"class_list":{"0":"post-374935","1":"post","2":"type-post","3":"status-publish","4":"format-standard","5":"has-post-thumbnail","7":"category-toulon","8":"tag-actu","9":"tag-actualites","10":"tag-eu","11":"tag-europe","12":"tag-fr","13":"tag-france","14":"tag-francois-bayrou","15":"tag-news","16":"tag-provence-alpes-cote-dazur","17":"tag-republique-francaise","18":"tag-toulon"},"share_on_mastodon":{"url":"https:\/\/pubeurope.com\/@fr\/115168059292647932","error":""},"_links":{"self":[{"href":"https:\/\/www.europesays.com\/fr\/wp-json\/wp\/v2\/posts\/374935","targetHints":{"allow":["GET"]}}],"collection":[{"href":"https:\/\/www.europesays.com\/fr\/wp-json\/wp\/v2\/posts"}],"about":[{"href":"https:\/\/www.europesays.com\/fr\/wp-json\/wp\/v2\/types\/post"}],"author":[{"embeddable":true,"href":"https:\/\/www.europesays.com\/fr\/wp-json\/wp\/v2\/users\/2"}],"replies":[{"embeddable":true,"href":"https:\/\/www.europesays.com\/fr\/wp-json\/wp\/v2\/comments?post=374935"}],"version-history":[{"count":0,"href":"https:\/\/www.europesays.com\/fr\/wp-json\/wp\/v2\/posts\/374935\/revisions"}],"wp:featuredmedia":[{"embeddable":true,"href":"https:\/\/www.europesays.com\/fr\/wp-json\/wp\/v2\/media\/374936"}],"wp:attachment":[{"href":"https:\/\/www.europesays.com\/fr\/wp-json\/wp\/v2\/media?parent=374935"}],"wp:term":[{"taxonomy":"category","embeddable":true,"href":"https:\/\/www.europesays.com\/fr\/wp-json\/wp\/v2\/categories?post=374935"},{"taxonomy":"post_tag","embeddable":true,"href":"https:\/\/www.europesays.com\/fr\/wp-json\/wp\/v2\/tags?post=374935"}],"curies":[{"name":"wp","href":"https:\/\/api.w.org\/{rel}","templated":true}]}}