{"id":374939,"date":"2025-09-08T09:52:10","date_gmt":"2025-09-08T09:52:10","guid":{"rendered":"https:\/\/www.europesays.com\/fr\/374939\/"},"modified":"2025-09-08T09:52:10","modified_gmt":"2025-09-08T09:52:10","slug":"des-policiers-nationaux-essuient-des-jets-de-projectiles","status":"publish","type":"post","link":"https:\/\/www.europesays.com\/fr\/374939\/","title":{"rendered":"des policiers nationaux essuient des jets de projectiles"},"content":{"rendered":"<p>            Par<br \/>\n        <strong><br \/>\n            <a href=\"https:\/\/actu.fr\/auteur\/jm-aubert\" title=\"Consulter tous les articles de Jean-Marc Aubert\" rel=\"nofollow noopener\" target=\"_blank\">Jean-Marc Aubert<\/a><br \/>\n        <\/strong><\/p>\n<p>        Publi\u00e9 le<\/p>\n<p>            8 sept. 2025 \u00e0 10h51        <\/p>\n<p>La direction interd\u00e9partementale de la <strong>police nationale de l\u2019H\u00e9rault<\/strong> -DIPN 34- maintient la pression contre les <strong>narcotrafiquants<\/strong> : ce samedi 6 septembre 2025, plusieurs unit\u00e9s a essuy\u00e9 des jets de projectiles, lors de nouvelles descentes dans le lotissement des Marels, \u00e0 <strong>Montpellier,<\/strong> consid\u00e9r\u00e9 comme un des trois plus importants points de deal permanents.<\/p>\n<p class=\" wall-content\">La DIPN 34 n\u2019a pas laiss\u00e9 les dealers tranquilles, puisque plusieurs unit\u00e9s ont \u00e9t\u00e9 mobilis\u00e9s \u00e0 quatre reprises dans la m\u00eame journ\u00e9e, avec la saisie de <strong>deux kilos de drogue<\/strong> et de 4 000\u20ac de num\u00e9raire, Sans communication officielle des autorit\u00e9s, ce lundi 8 septembre, qui ne pr\u00e9cisent pas si une ou des gardes \u00e0 vue sont en cours, o\u00f9 si cette vague de perquisitions n\u2019a pas d\u00e9bouch\u00e9 sur une ou des interpellations.<\/p>\n<p>    <a href=\"https:\/\/www.google.com\/maps\/embed?pb=!1m18!1m12!1m3!1d4807.43701254392!2d3.922750210934005!3d43.61914283584913!2m3!1f0!2f0!3f0!3m2!1i1024!2i768!4f13.1!3m3!1m2!1s0x12b6a5bd669594c3%3A0xbe3197f5469c672c!2sRue%20des%20Marels%2C%2034000!5e0!3m2!1sfr!2sfr!4v1757320916316!5m2!1sfr!2sfr\" title=\"Ouvrie le lien\" rel=\"nofollow noopener\" target=\"_blank\">Cliquez ici pour visualiser le contenu<\/a><\/p>\n<p class=\" wall-content\">Visiblement en col\u00e8re apr\u00e8s les quatre op\u00e9rations successives dans ce lotissement du quartier dru Mill\u00e9naire, <strong>des dealers ont lanc\u00e9 divers projectiles<\/strong> sur des policiers du commissariat central, sans faire de bless\u00e9, fort heureusement, et sur des v\u00e9hicules d\u2019intervention.<\/p>\n<p class=\" wall-content\">Les dealers des Marels pensaient sans doute rester tranquilles pour quelques jours, en sachant qu\u2019u<a href=\"https:\/\/actu.fr\/occitanie\/montpellier_34172\/montpellier-narcotrafic-une-operation-de-police-d-envergure-de-dix-jours-lancee-a-la-mosson_63108521.html\" rel=\"nofollow noopener\" target=\"_blank\">ne vaste op\u00e9ration est en cours depuis une semaine<\/a> et pour trois jours encore avec des contr\u00f4les massifs dans le quartier de la Mosson, quadrill\u00e9 par plus de cent policiers, dont des CRS, le premier soir de mardi 2 septembre 2025, sur r\u00e9quisition du procureur de la R\u00e9publique.<\/p>\n<p>Vid\u00e9os : en ce moment sur Actu<\/p>\n<p class=\" wall-content\">Dans le collimateur de plusieurs services partenaires, dont les Imp\u00f4ts et l\u2019Urssaf, des commerces, comme les \u00e9piceries, les snacks, les bars \u00e0 chicha, etc. Pour l\u2019heure, aucun bilan n\u2019a encore \u00e9t\u00e9 communiqu\u00e9, mais la pr\u00e9fecture de l\u2019H\u00e9rault devrait le faire d\u2019ici la fin de la semaine, sauf cette sc\u00e8ne insolite d\u2019un policier en civil de la Bac, approch\u00e9 par un SDF qui voulait lui vendre un ordinateur vol\u00e9 !\u00a0<\/p>\n<p class=\" wall-content\">Personnalisez votre actualit\u00e9 en ajoutant vos villes et m\u00e9dias en favori avec <a href=\"https:\/\/moncompte.actu.fr\" title=\"D\u00e9couvez Mon Actu\" rel=\"nofollow noopener\" data-trk=\"{&quot;cta&quot;:{&quot;action&quot;:&quot;https:\\\/\\\/moncompte.actu.fr&quot;,&quot;category&quot;:&quot;mon compte&quot;,&quot;from&quot;:&quot;article footer&quot;,&quot;name&quot;:&quot;Mon actu&quot;,&quot;type&quot;:&quot;cta&quot;}}\" target=\"_blank\">Mon Actu<\/a>.<\/p>\n","protected":false},"excerpt":{"rendered":"Par Jean-Marc Aubert Publi\u00e9 le 8 sept. 2025 \u00e0 10h51 La direction interd\u00e9partementale de la police nationale de&hellip;\n","protected":false},"author":2,"featured_media":374940,"comment_status":"","ping_status":"","sticky":false,"template":"","format":"standard","meta":{"footnotes":""},"categories":[9599],"tags":[1111,11,1052,1777,674,118,1011,27,2208,813,12,2680,1072,25],"class_list":{"0":"post-374939","1":"post","2":"type-post","3":"status-publish","4":"format-standard","5":"has-post-thumbnail","7":"category-montpellier","8":"tag-actu","9":"tag-actualites","10":"tag-drogue","11":"tag-eu","12":"tag-europe","13":"tag-faits-divers","14":"tag-fr","15":"tag-france","16":"tag-montpellier","17":"tag-narcotrafiquants","18":"tag-news","19":"tag-occitanie","20":"tag-police","21":"tag-republique-francaise"},"share_on_mastodon":{"url":"https:\/\/pubeurope.com\/@fr\/115168067147462270","error":""},"_links":{"self":[{"href":"https:\/\/www.europesays.com\/fr\/wp-json\/wp\/v2\/posts\/374939","targetHints":{"allow":["GET"]}}],"collection":[{"href":"https:\/\/www.europesays.com\/fr\/wp-json\/wp\/v2\/posts"}],"about":[{"href":"https:\/\/www.europesays.com\/fr\/wp-json\/wp\/v2\/types\/post"}],"author":[{"embeddable":true,"href":"https:\/\/www.europesays.com\/fr\/wp-json\/wp\/v2\/users\/2"}],"replies":[{"embeddable":true,"href":"https:\/\/www.europesays.com\/fr\/wp-json\/wp\/v2\/comments?post=374939"}],"version-history":[{"count":0,"href":"https:\/\/www.europesays.com\/fr\/wp-json\/wp\/v2\/posts\/374939\/revisions"}],"wp:featuredmedia":[{"embeddable":true,"href":"https:\/\/www.europesays.com\/fr\/wp-json\/wp\/v2\/media\/374940"}],"wp:attachment":[{"href":"https:\/\/www.europesays.com\/fr\/wp-json\/wp\/v2\/media?parent=374939"}],"wp:term":[{"taxonomy":"category","embeddable":true,"href":"https:\/\/www.europesays.com\/fr\/wp-json\/wp\/v2\/categories?post=374939"},{"taxonomy":"post_tag","embeddable":true,"href":"https:\/\/www.europesays.com\/fr\/wp-json\/wp\/v2\/tags?post=374939"}],"curies":[{"name":"wp","href":"https:\/\/api.w.org\/{rel}","templated":true}]}}