{"id":374941,"date":"2025-09-08T09:53:27","date_gmt":"2025-09-08T09:53:27","guid":{"rendered":"https:\/\/www.europesays.com\/fr\/374941\/"},"modified":"2025-09-08T09:53:27","modified_gmt":"2025-09-08T09:53:27","slug":"une-fille-de-5-ans-sauvee-de-la-noyade-par-des-jeunes-a-la-grande-motte-pres-de-montpellier-ce-dimanche","status":"publish","type":"post","link":"https:\/\/www.europesays.com\/fr\/374941\/","title":{"rendered":"Une fille de 5 ans sauv\u00e9e de la noyade par des jeunes \u00e0 La Grande-Motte, pr\u00e8s de Montpellier, ce dimanche"},"content":{"rendered":"<p>\n                                                                De jeunes baigneurs sont venus \u00e0 son secours, avant qu\u2019elle ne soit \u00e9vacu\u00e9e par l\u2019h\u00e9licopt\u00e8re de la S\u00e9curit\u00e9 Civile de l\u2019H\u00e9rault.\n                            <\/p>\n<p>Grosse frayeur ce dimanche apr\u00e8s-midi sur une des plages situ\u00e9es \u00e0 proximit\u00e9 de la digue de la Grande-Motte.<\/p>\n<p>Une fillette \u00e2g\u00e9e de 5 ans a \u00e9chapp\u00e9 \u00e0 la surveillance de ses parents, venus de Lunel.<\/p>\n<p>Elle est partie se baigner et n\u2019est pas parvenue \u00e0 rejoindre la plage.<\/p>\n<p>Des jeunes lui ont port\u00e9 secours et l\u2019ont ramen\u00e9e alors qu\u2019elle se trouvait dans un \u00e9tat pr\u00e9occupant.<\/p>\n<p>\u00c9vacu\u00e9e vers le CHU Lapeyronie<\/p>\n<p>L\u2019alerte a \u00e9t\u00e9 donn\u00e9e et les secours mobilis\u00e9s. L\u2019h\u00e9licopt\u00e8re Dragon de la S\u00e9curit\u00e9 civile s\u2019est pos\u00e9 sur la plage avant d\u2019emmener la victime vers le CHU Lapeyronie.<\/p>\n<p>Selon les premi\u00e8res constatations, le pronostic vital de la fillette ne semblait pas engag\u00e9.<\/p>\n","protected":false},"excerpt":{"rendered":"De jeunes baigneurs sont venus \u00e0 son secours, avant qu\u2019elle ne soit \u00e9vacu\u00e9e par l\u2019h\u00e9licopt\u00e8re de la S\u00e9curit\u00e9&hellip;\n","protected":false},"author":2,"featured_media":374942,"comment_status":"","ping_status":"","sticky":false,"template":"","format":"standard","meta":{"footnotes":""},"categories":[9599],"tags":[1111,11,1777,674,1011,27,2208,12,2680,25],"class_list":{"0":"post-374941","1":"post","2":"type-post","3":"status-publish","4":"format-standard","5":"has-post-thumbnail","7":"category-montpellier","8":"tag-actu","9":"tag-actualites","10":"tag-eu","11":"tag-europe","12":"tag-fr","13":"tag-france","14":"tag-montpellier","15":"tag-news","16":"tag-occitanie","17":"tag-republique-francaise"},"share_on_mastodon":{"url":"https:\/\/pubeurope.com\/@fr\/115168071141145348","error":""},"_links":{"self":[{"href":"https:\/\/www.europesays.com\/fr\/wp-json\/wp\/v2\/posts\/374941","targetHints":{"allow":["GET"]}}],"collection":[{"href":"https:\/\/www.europesays.com\/fr\/wp-json\/wp\/v2\/posts"}],"about":[{"href":"https:\/\/www.europesays.com\/fr\/wp-json\/wp\/v2\/types\/post"}],"author":[{"embeddable":true,"href":"https:\/\/www.europesays.com\/fr\/wp-json\/wp\/v2\/users\/2"}],"replies":[{"embeddable":true,"href":"https:\/\/www.europesays.com\/fr\/wp-json\/wp\/v2\/comments?post=374941"}],"version-history":[{"count":0,"href":"https:\/\/www.europesays.com\/fr\/wp-json\/wp\/v2\/posts\/374941\/revisions"}],"wp:featuredmedia":[{"embeddable":true,"href":"https:\/\/www.europesays.com\/fr\/wp-json\/wp\/v2\/media\/374942"}],"wp:attachment":[{"href":"https:\/\/www.europesays.com\/fr\/wp-json\/wp\/v2\/media?parent=374941"}],"wp:term":[{"taxonomy":"category","embeddable":true,"href":"https:\/\/www.europesays.com\/fr\/wp-json\/wp\/v2\/categories?post=374941"},{"taxonomy":"post_tag","embeddable":true,"href":"https:\/\/www.europesays.com\/fr\/wp-json\/wp\/v2\/tags?post=374941"}],"curies":[{"name":"wp","href":"https:\/\/api.w.org\/{rel}","templated":true}]}}