{"id":374943,"date":"2025-09-08T09:54:16","date_gmt":"2025-09-08T09:54:16","guid":{"rendered":"https:\/\/www.europesays.com\/fr\/374943\/"},"modified":"2025-09-08T09:54:16","modified_gmt":"2025-09-08T09:54:16","slug":"en-fuyant-la-police-a-toute-vitesse-a-rouen-il-provoque-un-tres-violent-accident","status":"publish","type":"post","link":"https:\/\/www.europesays.com\/fr\/374943\/","title":{"rendered":"En fuyant la police \u00e0 toute vitesse \u00e0 Rouen, il provoque un tr\u00e8s violent accident"},"content":{"rendered":"<p>            Par<br \/>\n        <strong><br \/>\n            <a href=\"https:\/\/actu.fr\/auteur\/julien-bouteiller\" title=\"Consulter tous les articles de Julien Bouteiller\" rel=\"nofollow noopener\" target=\"_blank\">Julien Bouteiller<\/a><br \/>\n        <\/strong><\/p>\n<p>        Publi\u00e9 le<\/p>\n<p>            8 sept. 2025 \u00e0 11h38        <\/p>\n<p><strong>Le drame a \u00e9t\u00e9 \u00e9vit\u00e9, mais il n\u2019\u00e9tait pas loin<\/strong>. Dans la nuit du 5 au 6\u00a0septembre 2025, un chauffard <a href=\"https:\/\/actu.fr\/normandie\/rouen_76540\/pompiers-voiture-en-feu-blesses-que-s-est-il-passe-cette-nuit-a-rouen_63124888.html\" rel=\"nofollow noopener\" target=\"_blank\">a provoqu\u00e9 un tr\u00e8s violent accident \u00e0 Rouen<\/a>, comme le relate une source polici\u00e8re.<\/p>\n<p>Un impressionnant accident lors d\u2019une course-poursuite<\/p>\n<p class=\" wall-content\">Vers 3h10, une \u00e9quipe de policiers en contr\u00f4le rep\u00e8re \u00ab\u2009un v\u00e9hicule arrivant <strong>\u00e0 grande vitesse<\/strong> du Mont-Riboudet\u2009\u00bb. Le chauffard fait m\u00eame un \u00e9cart pour les \u00e9viter.<\/p>\n<p class=\" wall-content\"><strong>S\u2019engage alors une course-poursuite<\/strong> sur les boulevards longeant la Seine. Le chauffard continue sa route \u00e0 toute allure, grillant plusieurs feux.<\/p>\n<p class=\" wall-content\">Sa course s\u2019arr\u00eate lorsque, \u00e0 l\u2019angle du quai Gaston-Boulet et du pont Boieldieu,<strong> il percute tr\u00e8s violemment un v\u00e9hicule<\/strong> arrivant par la gauche. Le choc est si violent que <strong>son moteur s\u2019enflamme.<\/strong><\/p>\n<p class=\" wall-content\">\n<p class=\" wall-content\">\u00ab\u2009Les policiers portent imm\u00e9diatement secours aux victimes, commen\u00e7ant \u00e0 \u00e9teindre l\u2019incendie avec un extincteur\u2009\u00bb, poursuit notre source. \u00ab\u2009Le conducteur du v\u00e9hicule en cause, <strong>\u00e0 peine conscient<\/strong>, est sorti par des policiers.\u2009\u00bb Les autres impliqu\u00e9s sont, quant \u00e0 eux, sortis d\u2019eux-m\u00eames.<\/p>\n<p class=\" wall-content\">Pris en charge par les pompiers, ils ont tous \u00e9t\u00e9 transport\u00e9s <strong>au CHU de Rouen<\/strong>.<\/p>\n<p class=\" wall-content\">Le chauffard mis en cause, \u00e2g\u00e9 de 25\u00a0ans et n\u00e9gatif \u00e0 l\u2019alcootest et au d\u00e9pistage de drogue, devra r\u00e9pondre de sa fuite, de l\u2019accident qu\u2019il a provoqu\u00e9 et de <strong>sa conduite sans permis.<\/strong><\/p>\n<p>Votre r\u00e9gion, votre actu !<\/p>\n<p>Recevez chaque jour les infos qui comptent pour vous.<\/p>\n<p>\t<a href=\"https:\/\/actu.fr\/newsletter\" class=\"ac-btn ac-btn--corner ac-btn--medium ac-btn--blue800\" rel=\"nofollow noopener\" target=\"_blank\">S&rsquo;incrire<\/a><br \/>\nSuivez l\u2019actualit\u00e9 de Rouen <a href=\"https:\/\/www.whatsapp.com\/channel\/0029VaKfnf99hXF2ddApFB1D\" rel=\"nofollow noopener\" target=\"_blank\">sur notre cha\u00eene WhatsApp<\/a> et <a href=\"https:\/\/www.tiktok.com\/@76actu.fr?lang=fr\" rel=\"nofollow noopener\" target=\"_blank\">sur notre compte TikTok<\/a><\/p>\n<p class=\" wall-content\">Personnalisez votre actualit\u00e9 en ajoutant vos villes et m\u00e9dias en favori avec <a href=\"https:\/\/moncompte.actu.fr\" title=\"D\u00e9couvez Mon Actu\" rel=\"nofollow noopener\" data-trk=\"{&quot;cta&quot;:{&quot;action&quot;:&quot;https:\\\/\\\/moncompte.actu.fr&quot;,&quot;category&quot;:&quot;mon compte&quot;,&quot;from&quot;:&quot;article footer&quot;,&quot;name&quot;:&quot;Mon actu&quot;,&quot;type&quot;:&quot;cta&quot;}}\" target=\"_blank\">Mon Actu<\/a>.<\/p>\n<p>                    <script async src=\"\/\/www.tiktok.com\/embed.js\"><\/script><\/p>\n","protected":false},"excerpt":{"rendered":"Par Julien Bouteiller Publi\u00e9 le 8 sept. 2025 \u00e0 11h38 Le drame a \u00e9t\u00e9 \u00e9vit\u00e9, mais il n\u2019\u00e9tait&hellip;\n","protected":false},"author":2,"featured_media":374944,"comment_status":"","ping_status":"","sticky":false,"template":"","format":"standard","meta":{"footnotes":""},"categories":[9587],"tags":[119,1111,11,1777,674,118,1011,27,12,5161,2852,25,9590],"class_list":{"0":"post-374943","1":"post","2":"type-post","3":"status-publish","4":"format-standard","5":"has-post-thumbnail","7":"category-rouen","8":"tag-accident","9":"tag-actu","10":"tag-actualites","11":"tag-eu","12":"tag-europe","13":"tag-faits-divers","14":"tag-fr","15":"tag-france","16":"tag-news","17":"tag-normandie","18":"tag-refus-dobtemperer","19":"tag-republique-francaise","20":"tag-rouen"},"share_on_mastodon":{"url":"https:\/\/pubeurope.com\/@fr\/115168075079797666","error":""},"_links":{"self":[{"href":"https:\/\/www.europesays.com\/fr\/wp-json\/wp\/v2\/posts\/374943","targetHints":{"allow":["GET"]}}],"collection":[{"href":"https:\/\/www.europesays.com\/fr\/wp-json\/wp\/v2\/posts"}],"about":[{"href":"https:\/\/www.europesays.com\/fr\/wp-json\/wp\/v2\/types\/post"}],"author":[{"embeddable":true,"href":"https:\/\/www.europesays.com\/fr\/wp-json\/wp\/v2\/users\/2"}],"replies":[{"embeddable":true,"href":"https:\/\/www.europesays.com\/fr\/wp-json\/wp\/v2\/comments?post=374943"}],"version-history":[{"count":0,"href":"https:\/\/www.europesays.com\/fr\/wp-json\/wp\/v2\/posts\/374943\/revisions"}],"wp:featuredmedia":[{"embeddable":true,"href":"https:\/\/www.europesays.com\/fr\/wp-json\/wp\/v2\/media\/374944"}],"wp:attachment":[{"href":"https:\/\/www.europesays.com\/fr\/wp-json\/wp\/v2\/media?parent=374943"}],"wp:term":[{"taxonomy":"category","embeddable":true,"href":"https:\/\/www.europesays.com\/fr\/wp-json\/wp\/v2\/categories?post=374943"},{"taxonomy":"post_tag","embeddable":true,"href":"https:\/\/www.europesays.com\/fr\/wp-json\/wp\/v2\/tags?post=374943"}],"curies":[{"name":"wp","href":"https:\/\/api.w.org\/{rel}","templated":true}]}}