{"id":374947,"date":"2025-09-08T09:56:11","date_gmt":"2025-09-08T09:56:11","guid":{"rendered":"https:\/\/www.europesays.com\/fr\/374947\/"},"modified":"2025-09-08T09:56:11","modified_gmt":"2025-09-08T09:56:11","slug":"metropole-de-grenoble-vingt-six-cas-de-chikungunya-a-eybens-et-une-reunion-publique-ce-lundi","status":"publish","type":"post","link":"https:\/\/www.europesays.com\/fr\/374947\/","title":{"rendered":"M\u00e9tropole de Grenoble. Vingt-six cas de\u00a0chikungunya \u00e0 Eybens et une r\u00e9union publique ce lundi"},"content":{"rendered":"<p>Le 7\u00a0ao\u00fbt dernier, l\u2019ARS Auvergne-Rh\u00f4ne-Alpes, Agence r\u00e9gionale de sant\u00e9, recevait son premier signalement concernant un <a href=\"https:\/\/www.ledauphine.com\/sante\/2025\/09\/03\/chikungunya-la-barre-des-300-cas-autochtones-franchie-cet-ete-en-france\" target=\"_blank\" rel=\"noopener\">cas autochtone<\/a>* de chikungunya \u00e0 Eybens. Depuis, d\u2019autres personnes ont \u00e9t\u00e9 touch\u00e9es et au 5\u00a0septembre, ce sont 26 cas autochtones qui ont \u00e9t\u00e9 identifi\u00e9s chez des habitants de la commune.<\/p>\n<p>Depuis d\u00e9but ao\u00fbt, quatre <a href=\"https:\/\/www.ledauphine.com\/sante\/2025\/08\/29\/isere-la-bataille-face-aux-moustiques-n-est-pas-finie-a-eybens-reportage-en-pleine-nuit-avec-les-agents-de-demoustication\" target=\"_blank\" rel=\"noopener\">op\u00e9rations de d\u00e9moustication<\/a> ont \u00e9t\u00e9 men\u00e9es sur des secteurs pr\u00e9cis de la commune par l\u2019Eirad, Entente interd\u00e9partementale Rh\u00f4ne-Alpes de d\u00e9moustication. L\u2019objectif de ces traitements est de limiter les risques de transmission \u00e0 d\u2019autres personnes en \u00e9liminant les moustiques adultes, vecteurs du virus et leurs g\u00eetes larvaires.<\/p>\n<p>Ce lundi 8\u00a0septembre, <a href=\"https:\/\/www.ledauphine.com\/sante\/2025\/09\/05\/reunion-publique-sur-le-moustique-tigre-et-le-chikungunya-ce-lundi\" target=\"_blank\" rel=\"noopener\">une r\u00e9union publique<\/a> est organis\u00e9e par la mairie d\u2019Eybens en pr\u00e9sence des repr\u00e9sentants de l\u2019ARS Auvergne-Rh\u00f4ne-Alpes, de Sant\u00e9 publique France et de l\u2019Eirad. Ouverte \u00e0 tous, elle permettra de faire un point sur la situation et de parler de la lutte contre le moustique tigre.<\/p>\n<p class=\"note\">(*)\u00a0On parle de cas autochtone quand une personne a contract\u00e9 la maladie sans avoir voyag\u00e9 dans une zone o\u00f9 la maladie s\u00e9vit, dans les 15 jours pr\u00e9c\u00e9dant l\u2019apparition des sympt\u00f4mes<\/p>\n","protected":false},"excerpt":{"rendered":"Le 7\u00a0ao\u00fbt dernier, l\u2019ARS Auvergne-Rh\u00f4ne-Alpes, Agence r\u00e9gionale de sant\u00e9, recevait son premier signalement concernant un cas autochtone* de&hellip;\n","protected":false},"author":2,"featured_media":374948,"comment_status":"","ping_status":"","sticky":false,"template":"","format":"standard","meta":{"footnotes":""},"categories":[9566],"tags":[1111,11,2430,112,1777,674,12390,1011,27,2731,7000,12,25,71,104],"class_list":{"0":"post-374947","1":"post","2":"type-post","3":"status-publish","4":"format-standard","5":"has-post-thumbnail","7":"category-grenoble","8":"tag-actu","9":"tag-actualites","10":"tag-auvergne-rhone-alpes","11":"tag-edition-grenoble-agglomeration","12":"tag-eu","13":"tag-europe","14":"tag-eybens","15":"tag-fr","16":"tag-france","17":"tag-grenoble","18":"tag-lagglomeration","19":"tag-news","20":"tag-republique-francaise","21":"tag-sante","22":"tag-societe"},"share_on_mastodon":{"url":"https:\/\/pubeurope.com\/@fr\/115168082925730219","error":""},"_links":{"self":[{"href":"https:\/\/www.europesays.com\/fr\/wp-json\/wp\/v2\/posts\/374947","targetHints":{"allow":["GET"]}}],"collection":[{"href":"https:\/\/www.europesays.com\/fr\/wp-json\/wp\/v2\/posts"}],"about":[{"href":"https:\/\/www.europesays.com\/fr\/wp-json\/wp\/v2\/types\/post"}],"author":[{"embeddable":true,"href":"https:\/\/www.europesays.com\/fr\/wp-json\/wp\/v2\/users\/2"}],"replies":[{"embeddable":true,"href":"https:\/\/www.europesays.com\/fr\/wp-json\/wp\/v2\/comments?post=374947"}],"version-history":[{"count":0,"href":"https:\/\/www.europesays.com\/fr\/wp-json\/wp\/v2\/posts\/374947\/revisions"}],"wp:featuredmedia":[{"embeddable":true,"href":"https:\/\/www.europesays.com\/fr\/wp-json\/wp\/v2\/media\/374948"}],"wp:attachment":[{"href":"https:\/\/www.europesays.com\/fr\/wp-json\/wp\/v2\/media?parent=374947"}],"wp:term":[{"taxonomy":"category","embeddable":true,"href":"https:\/\/www.europesays.com\/fr\/wp-json\/wp\/v2\/categories?post=374947"},{"taxonomy":"post_tag","embeddable":true,"href":"https:\/\/www.europesays.com\/fr\/wp-json\/wp\/v2\/tags?post=374947"}],"curies":[{"name":"wp","href":"https:\/\/api.w.org\/{rel}","templated":true}]}}