{"id":374949,"date":"2025-09-08T09:57:10","date_gmt":"2025-09-08T09:57:10","guid":{"rendered":"https:\/\/www.europesays.com\/fr\/374949\/"},"modified":"2025-09-08T09:57:10","modified_gmt":"2025-09-08T09:57:10","slug":"apres-deux-victoires-de-suite-grenoble-reve-dun-exploit-en-ligue-des-champions","status":"publish","type":"post","link":"https:\/\/www.europesays.com\/fr\/374949\/","title":{"rendered":"apr\u00e8s deux victoires de suite, Grenoble r\u00eave d&rsquo;un exploit en Ligue des Champions"},"content":{"rendered":"<p class=\"article__intro\">Les Br\u00fbleurs de Loups de Grenoble ont domin\u00e9, ce dimanche 7 septembre, les Eisb\u00e4ren de Berlin en Ligue des Champions de hockey sur glace. Une deuxi\u00e8me victoire en quatre matches qui leur permet d&rsquo;esp\u00e9rer une qualification en huiti\u00e8me de finale.<\/p>\n<p>\n      L\u2019actu des r\u00e9gions\n    <\/p>\n<p>\n      Chaque jour, un tour d\u2019horizon des principales infos de toutes les r\u00e9gions.\n    <\/p>\n<p>    France T\u00e9l\u00e9visions utilise votre adresse e-mail afin de vous envoyer la newsletter \u00ab\u00a0L\u2019actu des r\u00e9gions\u00a0\u00bb. Vous pouvez vous d\u00e9sinscrire \u00e0 tout moment via le lien en bas de cette newsletter. <a target=\"_blank\" href=\"https:\/\/www.francetelevisions.fr\/groupe\/confidentialite\/politique-de-confidentialite\/politique-de-confidentialite-de-france-televisions-6503\" rel=\"nofollow noopener\">Notre politique de confidentialit\u00e9<\/a><\/p>\n<p>Cela faisait six ans que les Br\u00fbleurs de Loups n&rsquo;avaient pas remport\u00e9 un match de Ligue des Champions. Et par deux fois, ces vendredi 5 et dimanche 7 septembre, les Grenoblois ont conjur\u00e9 le sort dans la plus prestigieuse des comp\u00e9titions europ\u00e9ennes de hockey sur glace.<\/p>\n<p>Ce dimanche, les hommes d&rsquo;Edo Terglav ont arrach\u00e9 une victoire aux tirs au but contre les Eisb\u00e4ren de Berlin (5-4 ; apr\u00e8s t.\u00e0.b), deux jours seulement apr\u00e8s avoir remport\u00e9 une premi\u00e8re victoire dans cette campagne europ\u00e9enne face \u00e0 Bremerhaven (8-5).<\/p>\n<p>\u00ab\u00a0Pour nous, c&rsquo;est une grande satisfaction. Lors de nos deux premiers matches en Ligue des Champions, nous avions perdu (face \u00e0 Berne et Zoug, NDLR), mais je trouvais que les scores \u00e9taient durs et ne refl\u00e9taient pas nos performances. Puis contre Bremerhaven, le vent a tourn\u00e9 en notre faveur, \u00e7a nous a souri et c&rsquo;est une excellente nouvelle pour le hockey fran\u00e7ais\u00a0\u00bb, s&rsquo;est r\u00e9joui le pr\u00e9sident du club, Jacques Reboh.<\/p>\n<p>Les Grenoblois sont retomb\u00e9s dans leurs travers contre les Berlinois. Rapidement domin\u00e9s 3-0, les Br\u00fbleurs de Loups ont su relever la t\u00eate : \u00ab\u00a0C&rsquo;\u00e9tait un match difficile dans une patinoire blind\u00e9e avec une ambiance hostile. C&rsquo;\u00e9tait la petite \u00e9quipe fran\u00e7aise contre l&rsquo;ogre berlinois, David contre Goliath, avec un arbitrage parfois partisan en faveur de nos adversaires. Mais apr\u00e8s avoir marqu\u00e9 le premier but, les gars ont commenc\u00e9 \u00e0 y croire. Puis, les dieux du hockey \u00e9taient avec nous.\u00a0\u00bb<\/p>\n<p>Avec ces deux victoires, Grenoble pointe \u00e0 la 16e place de la phase de poule, avec encore deux rencontres \u00e0 disputer contre Lausanne et le Sparta Prague : \u00ab\u00a0\u00c7a va \u00eatre difficile contre deux tr\u00e8s bonnes \u00e9quipes. Mais \u00e0 domicile contre les Suisses, nous avons le droit d&rsquo;y croire\u00a0\u00bb, estime Jacques Reboh. Une qualification en huiti\u00e8me de finale serait un exploit : jamais les Is\u00e9rois n&rsquo;ont atteint ce stade de la comp\u00e9tition.<\/p>\n","protected":false},"excerpt":{"rendered":"Les Br\u00fbleurs de Loups de Grenoble ont domin\u00e9, ce dimanche 7 septembre, les Eisb\u00e4ren de Berlin en Ligue&hellip;\n","protected":false},"author":2,"featured_media":374950,"comment_status":"","ping_status":"","sticky":false,"template":"","format":"standard","meta":{"footnotes":""},"categories":[9566],"tags":[1111,11,2430,1777,674,1011,27,2731,12,25],"class_list":{"0":"post-374949","1":"post","2":"type-post","3":"status-publish","4":"format-standard","5":"has-post-thumbnail","7":"category-grenoble","8":"tag-actu","9":"tag-actualites","10":"tag-auvergne-rhone-alpes","11":"tag-eu","12":"tag-europe","13":"tag-fr","14":"tag-france","15":"tag-grenoble","16":"tag-news","17":"tag-republique-francaise"},"share_on_mastodon":{"url":"https:\/\/pubeurope.com\/@fr\/115168086788349779","error":""},"_links":{"self":[{"href":"https:\/\/www.europesays.com\/fr\/wp-json\/wp\/v2\/posts\/374949","targetHints":{"allow":["GET"]}}],"collection":[{"href":"https:\/\/www.europesays.com\/fr\/wp-json\/wp\/v2\/posts"}],"about":[{"href":"https:\/\/www.europesays.com\/fr\/wp-json\/wp\/v2\/types\/post"}],"author":[{"embeddable":true,"href":"https:\/\/www.europesays.com\/fr\/wp-json\/wp\/v2\/users\/2"}],"replies":[{"embeddable":true,"href":"https:\/\/www.europesays.com\/fr\/wp-json\/wp\/v2\/comments?post=374949"}],"version-history":[{"count":0,"href":"https:\/\/www.europesays.com\/fr\/wp-json\/wp\/v2\/posts\/374949\/revisions"}],"wp:featuredmedia":[{"embeddable":true,"href":"https:\/\/www.europesays.com\/fr\/wp-json\/wp\/v2\/media\/374950"}],"wp:attachment":[{"href":"https:\/\/www.europesays.com\/fr\/wp-json\/wp\/v2\/media?parent=374949"}],"wp:term":[{"taxonomy":"category","embeddable":true,"href":"https:\/\/www.europesays.com\/fr\/wp-json\/wp\/v2\/categories?post=374949"},{"taxonomy":"post_tag","embeddable":true,"href":"https:\/\/www.europesays.com\/fr\/wp-json\/wp\/v2\/tags?post=374949"}],"curies":[{"name":"wp","href":"https:\/\/api.w.org\/{rel}","templated":true}]}}