{"id":374955,"date":"2025-09-08T10:00:13","date_gmt":"2025-09-08T10:00:13","guid":{"rendered":"https:\/\/www.europesays.com\/fr\/374955\/"},"modified":"2025-09-08T10:00:13","modified_gmt":"2025-09-08T10:00:13","slug":"vendenheim-encore-un-succes-fou-pour-la-fete-de-la-patate","status":"publish","type":"post","link":"https:\/\/www.europesays.com\/fr\/374955\/","title":{"rendered":"Vendenheim. Encore un succ\u00e8s fou pour la F\u00eate de la patate"},"content":{"rendered":"<p>Symbole de la r\u00e9ussite de la F\u00eate de la patate de Vendenheim, qui s\u2019est tenue du 5 au 7\u00a0septembre\u00a0: la consommation de tartes flamb\u00e9es. Vendredi soir, \u00ab\u00a0on a pr\u00e9vu plus de 3\u00a0000 tartes flamb\u00e9es, le double de 2024\u00a0\u00bb, commente Claudine Weber, l\u2019adjointe f\u00e9dinoise charg\u00e9e des f\u00eates et des animations. \u00ab\u00a0Et ce m\u00eame soir, on a d\u00e9j\u00e0 d\u00fb \u00e9couler celles du samedi soir, tellement il y a eu de demande. En fait, il y a de plus en plus de monde\u00a0!\u00a0\u00bb<\/p>\n<p>On se bouscule au concours d\u2019\u00e9pluchage<\/p>\n<p>C\u00f4t\u00e9 animations,&#8230;<\/p>\n","protected":false},"excerpt":{"rendered":"Symbole de la r\u00e9ussite de la F\u00eate de la patate de Vendenheim, qui s\u2019est tenue du 5 au&hellip;\n","protected":false},"author":2,"featured_media":374956,"comment_status":"","ping_status":"","sticky":false,"template":"","format":"standard","meta":{"footnotes":""},"categories":[2820],"tags":[1111,11,1687,2880,1777,674,107,1011,27,775,12,25,640,3265,17241],"class_list":{"0":"post-374955","1":"post","2":"type-post","3":"status-publish","4":"format-standard","5":"has-post-thumbnail","7":"category-strasbourg","8":"tag-actu","9":"tag-actualites","10":"tag-culture-loisirs","11":"tag-edition-strasbourg","12":"tag-eu","13":"tag-europe","14":"tag-fil-info","15":"tag-fr","16":"tag-france","17":"tag-grand-est","18":"tag-news","19":"tag-republique-francaise","20":"tag-strasbourg","21":"tag-strasbourg-nord","22":"tag-vendenheim"},"share_on_mastodon":{"url":"https:\/\/pubeurope.com\/@fr\/115168098634209103","error":""},"_links":{"self":[{"href":"https:\/\/www.europesays.com\/fr\/wp-json\/wp\/v2\/posts\/374955","targetHints":{"allow":["GET"]}}],"collection":[{"href":"https:\/\/www.europesays.com\/fr\/wp-json\/wp\/v2\/posts"}],"about":[{"href":"https:\/\/www.europesays.com\/fr\/wp-json\/wp\/v2\/types\/post"}],"author":[{"embeddable":true,"href":"https:\/\/www.europesays.com\/fr\/wp-json\/wp\/v2\/users\/2"}],"replies":[{"embeddable":true,"href":"https:\/\/www.europesays.com\/fr\/wp-json\/wp\/v2\/comments?post=374955"}],"version-history":[{"count":0,"href":"https:\/\/www.europesays.com\/fr\/wp-json\/wp\/v2\/posts\/374955\/revisions"}],"wp:featuredmedia":[{"embeddable":true,"href":"https:\/\/www.europesays.com\/fr\/wp-json\/wp\/v2\/media\/374956"}],"wp:attachment":[{"href":"https:\/\/www.europesays.com\/fr\/wp-json\/wp\/v2\/media?parent=374955"}],"wp:term":[{"taxonomy":"category","embeddable":true,"href":"https:\/\/www.europesays.com\/fr\/wp-json\/wp\/v2\/categories?post=374955"},{"taxonomy":"post_tag","embeddable":true,"href":"https:\/\/www.europesays.com\/fr\/wp-json\/wp\/v2\/tags?post=374955"}],"curies":[{"name":"wp","href":"https:\/\/api.w.org\/{rel}","templated":true}]}}