{"id":374957,"date":"2025-09-08T10:01:10","date_gmt":"2025-09-08T10:01:10","guid":{"rendered":"https:\/\/www.europesays.com\/fr\/374957\/"},"modified":"2025-09-08T10:01:10","modified_gmt":"2025-09-08T10:01:10","slug":"ex-strasbourg-chelsea-refuse-une-offre-record-pour-andrey-santos","status":"publish","type":"post","link":"https:\/\/www.europesays.com\/fr\/374957\/","title":{"rendered":"EX-Strasbourg : Chelsea refuse une offre record pour Andrey Santos"},"content":{"rendered":"<p>L\u2019\u00e9t\u00e9 londonien a \u00e9t\u00e9 marqu\u00e9 par une proposition insens\u00e9e.\u00a0<strong>Andrey Santos<\/strong>, 21 ans, a d\u00e9clin\u00e9 une fortune propos\u00e9e par Al-Qadsiah, qui avait mis plus de 68,5 millions d\u2019euros sur la table pour s\u2019offrir le jeune milieu de\u00a0<strong>Chelsea<\/strong>. Plus fort encore, le joueur a balanc\u00e9 vers le sportif, pr\u00e9f\u00e9rant batailler en Premier League plut\u00f4t que plier sous l\u2019or saoudien. C\u2019est un signal fort envoy\u00e9 par le club comme par son talent br\u00e9silien : l\u2019avenir s\u2019\u00e9crit \u00e0 Stamford Bridge.<\/p>\n<p>Chelsea face \u00e0 des offres XXL pour Andrey Santos<\/p>\n<p>En plein tumulte du march\u00e9, les Blues n\u2019ont pas trembl\u00e9 : ce dossier, ils l\u2019ont verrouill\u00e9. En plus de la proposition vertigineuse venue d\u2019Arabie saoudite,\u00a0<strong>West Ham<\/strong>\u00a0a mis pr\u00e8s de 52 millions d\u2019euros pour attirer le Br\u00e9silien. R\u00e9sultat ? Double refus, club et joueur ayant rapidement ferm\u00e9 la porte. En interne, la position est limpide : Santos repr\u00e9sente un investissement d\u2019avenir, un profil promis \u00e0 une mont\u00e9e en puissance dans l\u2019effectif, malgr\u00e9 la pr\u00e9sence de concurrents comme\u00a0<strong>Enzo Fern\u00e1ndez<\/strong>\u00a0et\u00a0<strong>Mois\u00e9s Caicedo<\/strong>.<\/p>\n<p>Le choix fort d\u2019Andrey Santos : l\u2019ambition sportive avant tout<\/p>\n<p>Pourquoi repousser un contrat qui aurait chang\u00e9 sa vie ? Pour\u00a0<strong>Andrey Santos<\/strong>, la priorit\u00e9 est claire : s\u2019imposer \u00e0 Chelsea, prendre sa place avec le Br\u00e9sil, et viser la Coupe du Monde 2026. \u00c0 vingt-et-un ans, d\u00e9j\u00e0 trois s\u00e9lections et une premi\u00e8re exp\u00e9rience en Angleterre, l\u2019appel du tr\u00e8s haut niveau prime sur tout. Il sait qu\u2019un d\u00e9part vers un championnat exotique pourrait compromettre ses chances internationales. Chelsea lui offre l\u2019environnement, la concurrence et la visibilit\u00e9 n\u00e9cessaires pour briller parmi les meilleurs.<\/p>\n<p>L\u2019\u00e9t\u00e9 br\u00fblant d\u2019un milieu prometteur<\/p>\n<p>Rentr\u00e9 de pr\u00eat \u00e0 Strasbourg, Santos n\u2019a pas perdu de temps. Il a d\u00e9j\u00e0 pris part aux trois premiers matches des Blues, totalisant 48 minutes et un impact imm\u00e9diat. On retient sa projection offensive face \u00e0 Crystal Palace \u2013 une frappe qui a fr\u00f4l\u00e9 l\u2019ouverture du score \u2013 et sa g\u00e9n\u00e9rosit\u00e9 dans les duels contre West Ham. Certes, la concurrence est rude, mais l\u2019entra\u00eeneur Enzo Maresca l\u2019a dit sans d\u00e9tour : le Br\u00e9silien fait partie int\u00e9grante du projet, aucune vente n\u2019est envisag\u00e9e, signe d\u2019un plan sur la dur\u00e9e pour le club londonien.<\/p>\n<p>Ce que cela r\u00e9v\u00e8le des plans des Blues et du joueur<\/p>\n<p>On ne retient pas un jeune de ce calibre en repoussant des sommes records par hasard. Chelsea parie sur le d\u00e9veloppement progressif de ses p\u00e9pites, tout en valorisant des profils \u00e0 la\u00a0<a href=\"https:\/\/www.butfootballclub.fr\/real-madrid\/mercato\/fc-barcelone-real-madrid-mercato-deux-offres-tombent-pour-enzo-fernandez-801024\/?view=amp\" target=\"_blank\" rel=\"noopener\">forte attractivit\u00e9 comme Enzo Fernandez<\/a>. C\u00f4t\u00e9 Santos, la d\u00e9cision traduit une grande lucidit\u00e9 : il pr\u00e9f\u00e8re devenir incontournable au plus haut niveau, en Premier League et en s\u00e9lection, plut\u00f4t que de c\u00e9der aux sir\u00e8nes \u00e9trang\u00e8res. Cet \u00e9t\u00e9 br\u00fblant, sur fond de millions, consacre le choix de l\u2019ambition avant celui du confort financier.<\/p>\n","protected":false},"excerpt":{"rendered":"L\u2019\u00e9t\u00e9 londonien a \u00e9t\u00e9 marqu\u00e9 par une proposition insens\u00e9e.\u00a0Andrey Santos, 21 ans, a d\u00e9clin\u00e9 une fortune propos\u00e9e par&hellip;\n","protected":false},"author":2,"featured_media":374958,"comment_status":"","ping_status":"","sticky":false,"template":"","format":"standard","meta":{"footnotes":""},"categories":[2820],"tags":[1111,11,448,1777,674,63,1011,27,775,66,3388,12,25,640,10662],"class_list":{"0":"post-374957","1":"post","2":"type-post","3":"status-publish","4":"format-standard","5":"has-post-thumbnail","7":"category-strasbourg","8":"tag-actu","9":"tag-actualites","10":"tag-champions-league","11":"tag-eu","12":"tag-europe","13":"tag-football","14":"tag-fr","15":"tag-france","16":"tag-grand-est","17":"tag-ligue-1","18":"tag-matchs","19":"tag-news","20":"tag-republique-francaise","21":"tag-strasbourg","22":"tag-transferts"},"share_on_mastodon":{"url":"https:\/\/pubeurope.com\/@fr\/115168102574940329","error":""},"_links":{"self":[{"href":"https:\/\/www.europesays.com\/fr\/wp-json\/wp\/v2\/posts\/374957","targetHints":{"allow":["GET"]}}],"collection":[{"href":"https:\/\/www.europesays.com\/fr\/wp-json\/wp\/v2\/posts"}],"about":[{"href":"https:\/\/www.europesays.com\/fr\/wp-json\/wp\/v2\/types\/post"}],"author":[{"embeddable":true,"href":"https:\/\/www.europesays.com\/fr\/wp-json\/wp\/v2\/users\/2"}],"replies":[{"embeddable":true,"href":"https:\/\/www.europesays.com\/fr\/wp-json\/wp\/v2\/comments?post=374957"}],"version-history":[{"count":0,"href":"https:\/\/www.europesays.com\/fr\/wp-json\/wp\/v2\/posts\/374957\/revisions"}],"wp:featuredmedia":[{"embeddable":true,"href":"https:\/\/www.europesays.com\/fr\/wp-json\/wp\/v2\/media\/374958"}],"wp:attachment":[{"href":"https:\/\/www.europesays.com\/fr\/wp-json\/wp\/v2\/media?parent=374957"}],"wp:term":[{"taxonomy":"category","embeddable":true,"href":"https:\/\/www.europesays.com\/fr\/wp-json\/wp\/v2\/categories?post=374957"},{"taxonomy":"post_tag","embeddable":true,"href":"https:\/\/www.europesays.com\/fr\/wp-json\/wp\/v2\/tags?post=374957"}],"curies":[{"name":"wp","href":"https:\/\/api.w.org\/{rel}","templated":true}]}}