{"id":374959,"date":"2025-09-08T10:02:11","date_gmt":"2025-09-08T10:02:11","guid":{"rendered":"https:\/\/www.europesays.com\/fr\/374959\/"},"modified":"2025-09-08T10:02:11","modified_gmt":"2025-09-08T10:02:11","slug":"pres-de-nice-contre-la-proliferation-des-logements-airbnb-cette-mairie-frappe-encore-fort","status":"publish","type":"post","link":"https:\/\/www.europesays.com\/fr\/374959\/","title":{"rendered":"Pr\u00e8s de Nice. Contre la prolif\u00e9ration des logements Airbnb, cette mairie frappe encore fort"},"content":{"rendered":"<p>            Par<br \/>\n        <strong><br \/>\n            <a href=\"https:\/\/actu.fr\/auteur\/manon-reinhardt\" title=\"Consulter tous les articles de Manon Reinhardt\" target=\"_blank\" rel=\"noopener\">Manon Reinhardt<\/a><br \/>\n        <\/strong><\/p>\n<p>        Publi\u00e9 le<\/p>\n<p>            8 sept. 2025 \u00e0 11h44        <\/p>\n<p>Ce n\u2019est malheureusement pas une nouveaut\u00e9\u2009: la crise du logement fait rage sur la C\u00f4te d\u2019Azur. <a href=\"https:\/\/actu.fr\/provence-alpes-cote-d-azur\/nice_06088\/a-nice-le-nombre-de-locations-airbnb-explose-une-hausse-de-72-selon-ces-chiffres_61859833.html\" target=\"_blank\" rel=\"noopener\">Avec la prolif\u00e9ration des logements Airbnb<\/a>, les habitants ont du mal \u00e0 se loger et le march\u00e9 de l\u2019immobilier est de plus en plus tendu. Face \u00e0 l\u2019\u00e9tendue de ce fl\u00e9au, certaines mairies des <a href=\"https:\/\/actu.fr\/provence-alpes-cote-d-azur\/alpes-maritimes_06\" target=\"_blank\" rel=\"noopener\">Alpes-Maritimes<\/a> ont d\u00e9cid\u00e9 de prendre le probl\u00e8me \u00e0 bras-le-corps. Comme la Ville de Cannes qui a r\u00e9cemment annonc\u00e9, en exclusivit\u00e9 \u00e0 actu Nice, <a href=\"https:\/\/actu.fr\/provence-alpes-cote-d-azur\/cannes_06029\/info-actu-nice-la-ville-de-cannes-met-en-place-des-quotas-de-airbnb-ces-secteurs-concernes_63001196.html\" target=\"_blank\" rel=\"noopener\">mettre en place des quotas<\/a> dans deux quartiers cibl\u00e9s. <strong>Elle poursuit sa lutte<\/strong>, voici comment.<\/p>\n<p>Plus de 200 bo\u00eetes \u00e0 cl\u00e9 retir\u00e9es<\/p>\n<p class=\" wall-content\">Apr\u00e8s les quotas, les bo\u00eetes \u00e0 cl\u00e9s. Elles sont devenues les ennemis jur\u00e9s des municipales. Ces petits bo\u00eetiers qui contiennent les cl\u00e9s des logements Airbnb, install\u00e9es ill\u00e9galement dans les rues, sont la cible de nombreux maires. Dans un communiqu\u00e9, la Ville de Cannes annonce <strong>en avoir retir\u00e9 204<\/strong> qui se trouvaient sur la voie publique.<\/p>\n<p class=\" wall-content\">Au total, 467 signalements ont \u00e9t\u00e9 enregistr\u00e9s depuis l\u2019application \u00ab\u2009Cannes Civique\u2009\u00bb, un outil contre les incivilit\u00e9s d\u00e9velopp\u00e9 par la collectivit\u00e9.<\/p>\n<blockquote class=\"ac-article-quote wall-content\">\n<p>La Mairie de Cannes intensifie sa lutte m\u00e9thodique et rigoureuse contre la prolif\u00e9ration de ces dispositifs install\u00e9s ill\u00e9galement sur le mobilier urbain. Cette d\u00e9marche s\u2019inscrit pleinement dans la politique municipale qui vise \u00e0 mieux encadrer les meubl\u00e9s de tourisme.<\/p>\n<p>    <strong>Mairie de Cannes<\/strong><br \/>\n        Dans un communiqu\u00e9    <\/p><\/blockquote>\n<p>Les bo\u00eetes \u00e0 cl\u00e9s pourtant interdites sur la voie publique<\/p>\n<p class=\" wall-content\">Une pratique pourtant clairement interdite. Dans un arr\u00eat\u00e9 publi\u00e9 en 2023, la ville interdit \u00ab\u2009la pose et le maintien de bo\u00eetes \u00e0 cl\u00e9s sur le domaine public\u2009\u00bb. \u00ab\u2009Toute occupation du domaine public est <strong>soumise \u00e0 autorisation<\/strong> et, lorsqu\u2019elle est de nature commerciale, le paiement d\u2019une redevance est obligatoire\u2009\u00bb, pr\u00e9cise-t-elle \u00e9galement.<\/p>\n<p class=\" wall-content\">Objectif\u2009: \u00ab\u2009Prot\u00e9ger le mobilier urbain contre les d\u00e9gradations, pr\u00e9venir le d\u00e9tournement de l\u2019espace public \u00e0 des fins priv\u00e9es et garantir l\u2019acc\u00e8s des habitants \u00e0 un espace public propre\u2009\u00bb.<\/p>\n<p>Votre r\u00e9gion, votre actu !<\/p>\n<p>Recevez chaque jour les infos qui comptent pour vous.<\/p>\n<p>\t<a href=\"https:\/\/actu.fr\/newsletter\" class=\"ac-btn ac-btn--corner ac-btn--medium ac-btn--blue800\" target=\"_blank\" rel=\"noopener\">S&rsquo;incrire<\/a><\/p>\n<p>    <img   decoding=\"async\" loading=\"lazy\" src=\"https:\/\/www.europesays.com\/fr\/wp-content\/uploads\/2025\/09\/boites-a-cle-cannes-960x640.jpg\" alt=\"\u00c0\u00a0Cannes, les bo\u00eetes \u00e0 cl\u00e9 jonchent les barreaux de fen\u00eatre ou les panneaux de signalisation.\" width=\"960\" height=\"640\"\/><br \/>\n    \u00c0\u00a0Cannes, les bo\u00eetes \u00e0 cl\u00e9 jonchent les barreaux de fen\u00eatre ou les panneaux de signalisation. (\u00a9 Ville de Cannes \/ document remis \u00e0 actu Nice)<\/p>\n<p class=\" wall-content\">Lors d\u2019un entretien accord\u00e9 \u00e0 actu Nice, David Lisnard, maire de Cannes et pr\u00e9sident de l\u2019Association des Maires de France (AMF), avait notamment annonc\u00e9 <a href=\"https:\/\/actu.fr\/provence-alpes-cote-d-azur\/cannes_06029\/croisieres-securite-travaux-de-la-croisette-le-maire-de-cannes-david-lisnard-repond_62999807.html\" target=\"_blank\" rel=\"noopener\">la mise en place de quotas de logements Airbnb<\/a>, d\u00e8s l\u2019\u00e9t\u00e9 2026, dans deux quartiers \u00ab\u2009tendus\u2009\u00bb de sa commune\u2009: la Banane et le Suquet. La location est \u00e9galement limit\u00e9e \u00e0 <strong>120\u00a0jours par an<\/strong> dans toute la ville.<\/p>\n<p>\u00ab\u2009La situation \u00e0 Cannes est particuli\u00e8re\u2009\u00bb<\/p>\n<p class=\" wall-content\">Interrog\u00e9 au sujet des biens meubl\u00e9s mis en location toute l\u2019ann\u00e9e, l\u2019\u00e9dile s\u2019\u00e9tait tout de m\u00eame montr\u00e9 temp\u00e9r\u00e9. \u00ab\u2009Il ne faut pas \u00eatre contre ou pour Airbnb. La propri\u00e9t\u00e9 priv\u00e9e, c\u2019est sacr\u00e9. La situation de Cannes est particuli\u00e8re. Chez nous, 92\u2009% des locations sont des r\u00e9sidences secondaires. <strong>Plut\u00f4t que ces logements soient vides<\/strong>, c\u2019est tr\u00e8s bien de les louer pour apporter des flux et verser de la taxe de s\u00e9jour\u2009\u00bb, avait-il r\u00e9pondu \u00e0 actu Nice.<\/p>\n<p class=\" wall-content\">Personnalisez votre actualit\u00e9 en ajoutant vos villes et m\u00e9dias en favori avec <a href=\"https:\/\/moncompte.actu.fr\" title=\"D\u00e9couvez Mon Actu\" rel=\"nofollow noopener\" data-trk=\"{&quot;cta&quot;:{&quot;action&quot;:&quot;https:\\\/\\\/moncompte.actu.fr&quot;,&quot;category&quot;:&quot;mon compte&quot;,&quot;from&quot;:&quot;article footer&quot;,&quot;name&quot;:&quot;Mon actu&quot;,&quot;type&quot;:&quot;cta&quot;}}\" target=\"_blank\">Mon Actu<\/a>.<\/p>\n","protected":false},"excerpt":{"rendered":"Par Manon Reinhardt Publi\u00e9 le 8 sept. 2025 \u00e0 11h44 Ce n\u2019est malheureusement pas une nouveaut\u00e9\u2009: la crise&hellip;\n","protected":false},"author":2,"featured_media":374960,"comment_status":"","ping_status":"","sticky":false,"template":"","format":"standard","meta":{"footnotes":""},"categories":[2819],"tags":[1111,11,7345,1777,674,1011,27,1116,303,12,2401,882,25,104],"class_list":{"0":"post-374959","1":"post","2":"type-post","3":"status-publish","4":"format-standard","5":"has-post-thumbnail","7":"category-nice","8":"tag-actu","9":"tag-actualites","10":"tag-airbnb","11":"tag-eu","12":"tag-europe","13":"tag-fr","14":"tag-france","15":"tag-immobilier","16":"tag-justice","17":"tag-news","18":"tag-nice","19":"tag-provence-alpes-cote-dazur","20":"tag-republique-francaise","21":"tag-societe"},"share_on_mastodon":{"url":"https:\/\/pubeurope.com\/@fr\/115168106818231773","error":""},"_links":{"self":[{"href":"https:\/\/www.europesays.com\/fr\/wp-json\/wp\/v2\/posts\/374959","targetHints":{"allow":["GET"]}}],"collection":[{"href":"https:\/\/www.europesays.com\/fr\/wp-json\/wp\/v2\/posts"}],"about":[{"href":"https:\/\/www.europesays.com\/fr\/wp-json\/wp\/v2\/types\/post"}],"author":[{"embeddable":true,"href":"https:\/\/www.europesays.com\/fr\/wp-json\/wp\/v2\/users\/2"}],"replies":[{"embeddable":true,"href":"https:\/\/www.europesays.com\/fr\/wp-json\/wp\/v2\/comments?post=374959"}],"version-history":[{"count":0,"href":"https:\/\/www.europesays.com\/fr\/wp-json\/wp\/v2\/posts\/374959\/revisions"}],"wp:featuredmedia":[{"embeddable":true,"href":"https:\/\/www.europesays.com\/fr\/wp-json\/wp\/v2\/media\/374960"}],"wp:attachment":[{"href":"https:\/\/www.europesays.com\/fr\/wp-json\/wp\/v2\/media?parent=374959"}],"wp:term":[{"taxonomy":"category","embeddable":true,"href":"https:\/\/www.europesays.com\/fr\/wp-json\/wp\/v2\/categories?post=374959"},{"taxonomy":"post_tag","embeddable":true,"href":"https:\/\/www.europesays.com\/fr\/wp-json\/wp\/v2\/tags?post=374959"}],"curies":[{"name":"wp","href":"https:\/\/api.w.org\/{rel}","templated":true}]}}