{"id":37496,"date":"2025-04-19T22:59:08","date_gmt":"2025-04-19T22:59:08","guid":{"rendered":"https:\/\/www.europesays.com\/fr\/37496\/"},"modified":"2025-04-19T22:59:08","modified_gmt":"2025-04-19T22:59:08","slug":"ce-soir-a-la-tele","status":"publish","type":"post","link":"https:\/\/www.europesays.com\/fr\/37496\/","title":{"rendered":"Ce soir \u00e0 la t\u00e9l\u00e9"},"content":{"rendered":"<p>      <img fetchpriority=\"high\" decoding=\"async\" class=\"mx-auto\" src=\"data:image\/svg+xml,%3Csvg%20xmlns%3D%27http%3A%2F%2Fwww.w3.org%2F2000%2Fsvg%27%20fill%3D%22%23e4e4e4%22%20viewBox%3D%270%200%20510%20340%27%20width%3D%22510%22%20height%3D%22340%22%3E%3Cpath%20d%3D%27M0%200h510v340H0z%27%2F%3E%3C%2Fsvg%3E\"  loading=\"eager\" width=\"510\" height=\"340\" data-oncrawl-image-size=\"510x340\" alt=\"\u00ab\u00a0Ukraine, la culture en guerre\u00a0\u00bb de Thomas Raguet \"\/>      <\/p>\n<p class=\"latino-100m text-grey-600\">\n            \u00ab\u00a0Ukraine, la culture en guerre\u00a0\u00bb de Thomas Raguet \u00a0PUBLIC S\u00c9NAT.        <\/p>\n<p>    Lire\u00a0plus\u00a0tard  <\/p>\n<p><a aria-label=\"Nous suivre sur Google News\" href=\"https:\/\/news.google.com\/publications\/CAAqBwgKMJe4nQkw3dFs?hl=fr&amp;gl=FR&amp;ceid=FR%3Afr\" target=\"_blank\" data-piano=\"Page_Article,Sous_date_publi,Nous_suivre_sur_google_news,1er_clic,action\" class=\"btn btn--small btn--secondary\" rel=\"noopener\"><\/p>\n<p>      Google Actualit\u00e9s<br \/>\n  <\/a><\/p>\n<p>  Partager<\/p>\n<p>        Facebook<\/p>\n<p>        Bluesky<\/p>\n<p>        E-mail<\/p>\n<p>        Copier le lien<\/p>\n<p>      Envoyer<\/p>\n<p>    Temps de lecture\u00a0:\u00a01\u00a0min.<\/p>\n<p class=\"article__description latino-600m mb-20 mb-lg-30 \" data-oncrawl-chapo-length=\"207\">\n  \t  S\u00e9lection\u00a0<br \/>\n    Ce documentaire raconte la strat\u00e9gie d\u2019effacement de la culture ukrainienne par les Russes et le travail minitieux de volontaires pour, au contraire, la pr\u00e9server. Ce soir \u00e0 21h00 sur Public S\u00e9nat.<\/p>\n<p class=\"node__paragraphe antonia-750r text-grey-800 pb-20 pb-md-30\">\nAu-del\u00e0 de la violence, des morts et des bless\u00e9s, l\u2019invasion lanc\u00e9e par Poutine contre l\u2019Ukraine il y a trois ans cache une autre guerre\u00a0: celle contre une culture que la Russie cherche \u00e0 \u00e9radiquer. C\u2019est ce qu\u2019expose ce documentaire o\u00f9 l\u2019on voit que, d\u00e8s les premiers temps de l\u2019attaque, des lieux culturels et des monuments historiques ont \u00e9t\u00e9 cibl\u00e9s. Le Mus\u00e9e d\u2019Ivankiv, par exemple, o\u00f9 \u00e9tait abrit\u00e9e une importante collection d\u2019art na\u00eff, a \u00e9t\u00e9 d\u00e9truit par un tir de missile d\u00e8s f\u00e9vrier 2022. Les photos satellite montrent que les b\u00e2timents voisins sont intacts, ce qui prouve que le mus\u00e9e a bien \u00e9t\u00e9 vis\u00e9 intentionnellement.<\/p>\n<p class=\"node__paragraphe antonia-750r text-grey-800 pb-20 pb-md-30\">\nA Skovorodynivka, le Mus\u00e9e national litt\u00e9raire et comm\u00e9moratif Grigori-Skovoroda a \u00e9t\u00e9 bombard\u00e9 en mai 2022. Pour Hanna Yarmysh, qui y dirige le d\u00e9partement de l\u2019enseignement scientifique, en s\u2019en prenant \u00e0 ce lieu hommage \u00e0 un grand philosophe de la libert\u00e9 qu\u2019elle qualifie de\u00a0\u00ab\u00a0Kant ukrainien\u00a0\u00bb,\u00a0\u00ab\u00a0les Russes d\u00e9truisent sciemment tout ce qui est cher au peuple ukrainien, tout ce qui fait sa fiert\u00e9\u00a0\u00bb. <\/p>\n<p>Maintenir une vie culturelle malgr\u00e9 la guerre<\/p>\n<p class=\"node__paragraphe antonia-750r text-grey-800 pb-20 pb-md-30\">\nCette volont\u00e9 d\u2019effacement se traduit aussi par le vol, comme au Mus\u00e9e d\u2019art de Kherson o\u00f9 plus de 10 000 \u0153uvres ont \u00e9t\u00e9 pill\u00e9es d\u00e9but novembre 2022, juste avant la reprise de la ville par les forces ukrainiennes. Les Russes en ont \u00e9galement d\u00e9rob\u00e9 l\u2019inventaire pour que la provenance des objets soit difficile \u00e0 prouver. Une partie de la collection a \u00e9t\u00e9 vue en Crim\u00e9e occup\u00e9e et reconnue par des employ\u00e9s du mus\u00e9e.<\/p>\n<p class=\"node__paragraphe antonia-750r text-grey-800 pb-20 pb-md-30\">\nGr\u00e2ce \u00e0 la reconstitution de documentation et \u00e0 l\u2019\u00e9tude des b\u00e2timents endommag\u00e9s en vue de leur future reconstruction, des volontaires pr\u00e9parent \u00e0 la fois l\u2019apr\u00e8s-guerre et les potentiels proc\u00e8s contre la Russie, y compris des demandes de restitution. Le film montre le travail minutieux des professionnels et des b\u00e9n\u00e9voles pour collecter des informations, restaurer des ouvrages endommag\u00e9s tels qu\u2019un manuscrit du Moyen Age, ou encore pour maintenir une vie culturelle malgr\u00e9 la guerre.<\/p>\n<p class=\"node__paragraphe antonia-750r text-grey-800 pb-20 pb-md-30\">\nA Kharkiv, une jeune illustratrice dessine des personnages sur les photos d\u2019immeubles d\u00e9molis pour raviver le souvenir des activit\u00e9s en temps de paix et les poste sur Instagram. On suit \u00e9galement, dans une s\u00e9quence particuli\u00e8rement \u00e9mouvante, un groupe des \u00ab\u00a0forces culturelles\u00a0\u00bb, des soldats et des artistes civils qui viennent jouer et chanter pour les combattants sur le front.<\/p>\n<p>\n\u25d7 Samedi 19\u00a0avril \u00e0 21h00 sur Public S\u00e9nat. Documentaire de Thomas Raguet (2025). 58 min. (Disponible en replay sur le site de Public S\u00e9nat).<\/p>\n","protected":false},"excerpt":{"rendered":"\u00ab\u00a0Ukraine, la culture en guerre\u00a0\u00bb de Thomas Raguet \u00a0PUBLIC S\u00c9NAT. Lire\u00a0plus\u00a0tard Google Actualit\u00e9s Partager Facebook Bluesky E-mail Copier&hellip;\n","protected":false},"author":2,"featured_media":37497,"comment_status":"","ping_status":"","sticky":false,"template":"","format":"standard","meta":{"footnotes":""},"categories":[1590],"tags":[17,11,251,11929,1777,674,2515,1146,12,11930,3467,5726,11928,220],"class_list":{"0":"post-37496","1":"post","2":"type-post","3":"status-publish","4":"format-standard","5":"has-post-thumbnail","7":"category-ukraine","8":"tag-17","9":"tag-actualites","10":"tag-culture","11":"tag-documentaires","12":"tag-eu","13":"tag-europe","14":"tag-grand","15":"tag-guerre","16":"tag-news","17":"tag-pillage","18":"tag-soir","19":"tag-tele","20":"tag-teleobs","21":"tag-ukraine"},"share_on_mastodon":{"url":"https:\/\/pubeurope.com\/@fr\/114367113869563021","error":""},"_links":{"self":[{"href":"https:\/\/www.europesays.com\/fr\/wp-json\/wp\/v2\/posts\/37496","targetHints":{"allow":["GET"]}}],"collection":[{"href":"https:\/\/www.europesays.com\/fr\/wp-json\/wp\/v2\/posts"}],"about":[{"href":"https:\/\/www.europesays.com\/fr\/wp-json\/wp\/v2\/types\/post"}],"author":[{"embeddable":true,"href":"https:\/\/www.europesays.com\/fr\/wp-json\/wp\/v2\/users\/2"}],"replies":[{"embeddable":true,"href":"https:\/\/www.europesays.com\/fr\/wp-json\/wp\/v2\/comments?post=37496"}],"version-history":[{"count":0,"href":"https:\/\/www.europesays.com\/fr\/wp-json\/wp\/v2\/posts\/37496\/revisions"}],"wp:featuredmedia":[{"embeddable":true,"href":"https:\/\/www.europesays.com\/fr\/wp-json\/wp\/v2\/media\/37497"}],"wp:attachment":[{"href":"https:\/\/www.europesays.com\/fr\/wp-json\/wp\/v2\/media?parent=37496"}],"wp:term":[{"taxonomy":"category","embeddable":true,"href":"https:\/\/www.europesays.com\/fr\/wp-json\/wp\/v2\/categories?post=37496"},{"taxonomy":"post_tag","embeddable":true,"href":"https:\/\/www.europesays.com\/fr\/wp-json\/wp\/v2\/tags?post=37496"}],"curies":[{"name":"wp","href":"https:\/\/api.w.org\/{rel}","templated":true}]}}