{"id":374965,"date":"2025-09-08T10:05:17","date_gmt":"2025-09-08T10:05:17","guid":{"rendered":"https:\/\/www.europesays.com\/fr\/374965\/"},"modified":"2025-09-08T10:05:17","modified_gmt":"2025-09-08T10:05:17","slug":"apres-le-retrait-de-ses-deux-chefs-de-file-la-campagne-de-la-france-insoumise-sombre-dans-lincertitude","status":"publish","type":"post","link":"https:\/\/www.europesays.com\/fr\/374965\/","title":{"rendered":"apr\u00e8s le retrait de ses deux chefs de file, la campagne de La France insoumise sombre dans l\u2019incertitude"},"content":{"rendered":"<p>Apr\u00e8s avoir \u00e9cop\u00e9 d\u2019un avertissement en ao\u00fbt, William Aucant a \u00e9t\u00e9 mis en retrait de la t\u00eate de la campagne, un mois apr\u00e8s la suspension de sa co-chef de file, Marina Ferreruela, emp\u00eatr\u00e9e depuis le milieu de l\u2019\u00e9t\u00e9 dans la mauvaise gestion interne d\u2019une affaire de viol.<\/p>\n<p class=\"fig-paragraph\">Comme un parfum de catastrophe chez les Insoumis nantais. \u00c0 six mois des \u00e9lections municipales de mars 2026, la campagne de La France insoumise (LFI)\u00a0<a href=\"https:\/\/www.lefigaro.fr\/nantes\" target=\"_blank\" data-fig-type=\"Section\" rel=\"sponsored noopener nofollow\" data-gtm-custom-categorie=\"navigation\" data-gtm-custom-action=\"crossclick\" data-gtm-custom-label=\"Contextuel\" data-gtm-event=\"customEventSPE\" data-fig-domain=\"LEFIGARO\">\u00e0 Nantes<\/a>\u00a0(Loire-Atlantique) vient de perdre son second chef de file en l\u2019espace de quelques semaines. Apr\u00e8s la\u00a0<a href=\"http:\/\/www.lefigaro.fr\/nantes\/suspension-avertissements-a-nantes-les-chefs-de-files-lfi-aux-municipales-sanctionnes-20250805\" target=\"_blank\" data-fig-type=\"NewsFlash\" rel=\"noopener nofollow\" data-gtm-custom-categorie=\"navigation\" data-gtm-custom-action=\"crossclick\" data-gtm-custom-label=\"Contextuel\" data-gtm-event=\"customEventSPE\" data-fig-domain=\"LEFIGARO\">suspension, d\u00e9but ao\u00fbt, de la co-chef de file locale Marina Ferreruela<\/a>, dans la foul\u00e9e de r\u00e9v\u00e9lations concernant des accusations internes\u00a0<a href=\"http:\/\/www.lefigaro.fr\/nantes\/harcelement-racisme-couverture-d-un-viol-a-nantes-de-graves-accusations-secouent-la-france-insoumise-20250715\" target=\"_blank\" data-fig-type=\"NewsFlash\" rel=\"noopener nofollow\" data-gtm-custom-categorie=\"navigation\" data-gtm-custom-action=\"crossclick\" data-gtm-custom-label=\"Contextuel\" data-gtm-event=\"customEventSPE\" data-fig-domain=\"LEFIGARO\">de harc\u00e8lement, de racisme ainsi que la possible couverture d\u2019un viol<\/a>, le mouvement de gauche s\u2019est \u00e9galement s\u00e9par\u00e9 en d\u00e9but de semaine derni\u00e8re du second commandant en chef de la campagne nantaise, William Aucant, selon les informations du quotidien\u00a0<a href=\"https:\/\/www.ouest-france.fr\/elections\/municipales\/municipales-2026-a-nantes-william-aucant-debarque-les-insoumis-se-retrouvent-sans-tete-de-liste-efcb9a54-89bb-11f0-86eb-dac26b435301\" target=\"_blank\" rel=\"noopener nofollow\" data-gtm-custom-categorie=\"navigation\" data-gtm-custom-action=\"crossclick\" data-gtm-custom-label=\"Contextuel\" data-gtm-event=\"customEventSPE\">Ouest France<\/a> \u00a0que Le Figaro a pu confirmer.<\/p>\n<p class=\"fig-paragraph\">William Aucant n\u2019avait \u00e9cop\u00e9, le mois dernier, que d\u2019un simple avertissement du Comit\u00e9 de respect des principes de La France insoumise. Accul\u00e9 de toute part en interne, confront\u00e9 au feu nourri des ambitions et \u00e0 la d\u00e9fiance d\u2019une partie de l\u2019\u00e9tat-major insoumis, le chef de file survivant de la pr\u00e9campagne insoumise continuait de naviguer en terrain min\u00e9. D\u00e9but septembre, la diffusion d\u2019un mail anonyme au sein de la presse locale, a rouvert la plaie du \u00abputsch\u00bb de l\u2019\u00e9t\u00e9. Pr\u00e9vue de longue date, une r\u00e9union de crise r\u00e9unissant les d\u00e9put\u00e9s nantais\u00a0<a href=\"http:\/\/www.lefigaro.fr\/politique\/le-stigmate-me-restera-a-la-peau-pris-en-flagrant-delit-d-achat-de-drogue-le-depute-lfi-andy-kerbrat-fait-son-retour-a-l-assemblee-20250711\" target=\"_blank\" data-fig-type=\"NewsFlash\" rel=\"noopener nofollow\" data-gtm-custom-categorie=\"navigation\" data-gtm-custom-action=\"crossclick\" data-gtm-custom-label=\"Contextuel\" data-gtm-event=\"customEventSPE\" data-fig-domain=\"LEFIGARO\">Andy Kerbrat<\/a>\u00a0et S\u00e9gol\u00e8ne Amiot, ainsi que leurs coll\u00e8gues parisiens\u00a0<a href=\"http:\/\/www.lefigaro.fr\/politique\/affichage-sauvage-et-barbecue-public-sans-autorisation-louis-boyard-verbalise-par-la-mairie-de-villeneuve-saint-georges-20250728\" target=\"_blank\" data-fig-type=\"NewsFlash\" rel=\"noopener nofollow\" data-gtm-custom-categorie=\"navigation\" data-gtm-custom-action=\"crossclick\" data-gtm-custom-label=\"Contextuel\" data-gtm-event=\"customEventSPE\" data-fig-domain=\"LEFIGARO\">Louis Boyard<\/a>\u00a0et\u00a0<a href=\"http:\/\/www.lefigaro.fr\/politique\/la-deputee-lfi-daniele-obono-regrette-que-son-mouvement-soit-reste-celui-de-la-gauche-blanche-20250213\" target=\"_blank\" data-fig-type=\"NewsFlash\" rel=\"noopener nofollow\" data-gtm-custom-categorie=\"navigation\" data-gtm-custom-action=\"crossclick\" data-gtm-custom-label=\"Contextuel\" data-gtm-event=\"customEventSPE\" data-fig-domain=\"LEFIGARO\">Dani\u00e8le Obono<\/a>\u00a0aurait ent\u00e9rin\u00e9, vendredi, la mise en retrait de William Aucant. Privant ainsi la campagne insoumise de son dernier pilote.<\/p>\n<p>                                    <a class=\"fig-a11y-skip a11y-hidden\" href=\"#fig-a11y-skip-main-inarticle\"><br \/>\n        Passer la publicit\u00e9<br \/>\n    <\/a><\/p>\n<p>De nouveaux chefs de file \u00e0 venir<\/p>\n<p class=\"fig-paragraph\">\u00abC\u2019est le bordel, r\u00e9sume une voix insoumise de la cit\u00e9 des ducs. Le groupe local est min\u00e9 par des probl\u00e8mes de confiance. Les accusations de cet \u00e9t\u00e9 ont d\u00e9mobilis\u00e9 tout le monde. Les militants sont d\u00e9go\u00fbt\u00e9s et la campagne flingu\u00e9e d\u2019avance\u00bb. Dans la matin\u00e9e du lundi 8 septembre, les diff\u00e9rentes pages web du mouvement nantais continuaient d\u2019afficher aussi bien William Aucant que Marina Ferreruela \u00e0 la t\u00eate de la campagne.<\/p>\n<p class=\"fig-body-link\">\n            \u00c0 lire aussi<br \/>\n        <a class=\"fig-body-link__link fig-premium-mark\" href=\"http:\/\/www.lefigaro.fr\/nantes\/qui-est-foulques-chombart-de-lauwe-nouveau-champion-de-la-droite-a-nantes-20250901\" target=\"_blank\" data-fig-type=\"NewsFlash\" rel=\"noopener nofollow\" data-gtm-custom-categorie=\"navigation\" data-gtm-custom-action=\"crossclick\" data-gtm-custom-label=\"Contextuel\" data-gtm-event=\"customEventSPE\" data-fig-domain=\"LEFIGARO\">Qui est Foulques Chombart de Lauwe, nouveau champion de la droite \u00e0 Nantes\u00a0?<br \/>\n    <\/a>\n<\/p>\n<p class=\"fig-paragraph\">En attendant la d\u00e9signation de nouveaux chefs de file, ou directement de t\u00eates de liste, Andy Kerbrat et S\u00e9gol\u00e8ne Amiot ont \u00e9t\u00e9 charg\u00e9s de poursuivre les discussions entam\u00e9es au d\u00e9but de l\u2019\u00e9t\u00e9 avec les autres forces de gauche nantaises, en vue d\u2019une hypoth\u00e9tique alliance d\u00e8s le premier tour des municipales. Aucun responsable nantais de la France insoumise n\u2019a souhait\u00e9 r\u00e9pondre aux sollicitations du Figaro.<\/p>\n<p class=\"fig-paragraph\">Lanc\u00e9e au printemps, en avance sur les autres forces politiques nantaises, la pr\u00e9campagne de La France insoumise s\u2019\u00e9tait dans un premier temps articul\u00e9e autour d\u2019une \u00abgrande enqu\u00eate populaire\u00bb. La campagne, intitul\u00e9e \u00abFaire mieux\u00bb, entendait recueillir aupr\u00e8s de la population un diagnostic actualis\u00e9 des probl\u00e9matiques rencontr\u00e9es dans les quartiers. La synth\u00e8se de cette enqu\u00eate avec les grands axes programmatiques nationaux a \u00e9t\u00e9 pr\u00e9sent\u00e9e en juin. Plus de 650 mesures composent le programme des Insoumis pour Nantes. Parmi celles-ci, figurent notamment la cr\u00e9ation de corridors \u00e9cologiques dans tous les quartiers,\u00a0<a href=\"http:\/\/www.lefigaro.fr\/nantes\/municipales-a-nantes-la-france-insoumise-veut-ouvrir-une-salle-de-shoot-pour-encadrer-la-consommation-de-drogue-20250617\" target=\"_blank\" data-fig-type=\"NewsFlash\" rel=\"noopener nofollow\" data-gtm-custom-categorie=\"navigation\" data-gtm-custom-action=\"crossclick\" data-gtm-custom-label=\"Contextuel\" data-gtm-event=\"customEventSPE\" data-fig-domain=\"LEFIGARO\">l\u2019ouverture d\u2019une salle de shoot, pour encadrer la consommation de drogue<\/a>, ou encore l\u2019institution d\u2019un r\u00e9f\u00e9rendum d\u2019initiative citoyenne (RIC) contraignant \u00e0 l\u2019\u00e9chelle municipale.<\/p>\n","protected":false},"excerpt":{"rendered":"Apr\u00e8s avoir \u00e9cop\u00e9 d\u2019un avertissement en ao\u00fbt, William Aucant a \u00e9t\u00e9 mis en retrait de la t\u00eate de&hellip;\n","protected":false},"author":2,"featured_media":374966,"comment_status":"","ping_status":"","sticky":false,"template":"","format":"standard","meta":{"footnotes":""},"categories":[2818],"tags":[1111,11,1777,674,1011,27,2338,766,12,2636,25],"class_list":{"0":"post-374965","1":"post","2":"type-post","3":"status-publish","4":"format-standard","5":"has-post-thumbnail","7":"category-nantes","8":"tag-actu","9":"tag-actualites","10":"tag-eu","11":"tag-europe","12":"tag-fr","13":"tag-france","14":"tag-la-france-insoumise","15":"tag-nantes","16":"tag-news","17":"tag-pays-de-la-loire","18":"tag-republique-francaise"},"share_on_mastodon":{"url":"https:\/\/pubeurope.com\/@fr\/115168118440236898","error":""},"_links":{"self":[{"href":"https:\/\/www.europesays.com\/fr\/wp-json\/wp\/v2\/posts\/374965","targetHints":{"allow":["GET"]}}],"collection":[{"href":"https:\/\/www.europesays.com\/fr\/wp-json\/wp\/v2\/posts"}],"about":[{"href":"https:\/\/www.europesays.com\/fr\/wp-json\/wp\/v2\/types\/post"}],"author":[{"embeddable":true,"href":"https:\/\/www.europesays.com\/fr\/wp-json\/wp\/v2\/users\/2"}],"replies":[{"embeddable":true,"href":"https:\/\/www.europesays.com\/fr\/wp-json\/wp\/v2\/comments?post=374965"}],"version-history":[{"count":0,"href":"https:\/\/www.europesays.com\/fr\/wp-json\/wp\/v2\/posts\/374965\/revisions"}],"wp:featuredmedia":[{"embeddable":true,"href":"https:\/\/www.europesays.com\/fr\/wp-json\/wp\/v2\/media\/374966"}],"wp:attachment":[{"href":"https:\/\/www.europesays.com\/fr\/wp-json\/wp\/v2\/media?parent=374965"}],"wp:term":[{"taxonomy":"category","embeddable":true,"href":"https:\/\/www.europesays.com\/fr\/wp-json\/wp\/v2\/categories?post=374965"},{"taxonomy":"post_tag","embeddable":true,"href":"https:\/\/www.europesays.com\/fr\/wp-json\/wp\/v2\/tags?post=374965"}],"curies":[{"name":"wp","href":"https:\/\/api.w.org\/{rel}","templated":true}]}}