{"id":374973,"date":"2025-09-08T10:09:11","date_gmt":"2025-09-08T10:09:11","guid":{"rendered":"https:\/\/www.europesays.com\/fr\/374973\/"},"modified":"2025-09-08T10:09:11","modified_gmt":"2025-09-08T10:09:11","slug":"peripherique-fermeture-toulouse-sud-montaudran-n18","status":"publish","type":"post","link":"https:\/\/www.europesays.com\/fr\/374973\/","title":{"rendered":"P\u00e9riph\u00e9rique fermeture Toulouse-Sud &#8211; Montaudran N\u00b018"},"content":{"rendered":"<ol class=\"breadcrumb\" itemscope=\"\" itemtype=\"https:\/\/schema.org\/BreadcrumbList\">\n<li itemprop=\"itemListElement\" itemscope=\"\" itemtype=\"https:\/\/schema.org\/ListItem\">\n                    <a itemprop=\"item\" href=\"https:\/\/radio.vinci-autoroutes.com\/\" target=\"_blank\" rel=\"noopener\"><br \/>\n                        Accueil<br \/>\n                    <\/a><\/p>\n<\/li>\n<li itemprop=\"itemListElement\" itemscope=\"\" itemtype=\"https:\/\/schema.org\/ListItem\">\n                        <a itemprop=\"item\" href=\"https:\/\/radio.vinci-autoroutes.com\/rubrique\/infotrafic\" target=\"_blank\" rel=\"noopener\"><br \/>\n                            Actu trafic<br \/>\n                        <\/a><\/p>\n<\/li>\n<li itemprop=\"itemListElement\" itemscope=\"\" itemtype=\"https:\/\/schema.org\/ListItem\">\n                        <a itemprop=\"item\" href=\"https:\/\/radio.vinci-autoroutes.com\/rubrique\/travaux\" target=\"_blank\" rel=\"noopener\"><br \/>\n                            Travaux<br \/>\n                        <\/a><\/p>\n<\/li>\n<\/ol>\n<p class=\"article-chapeau\" itemprop=\"description\">\u00c0 Toulouse, la nuit du mardi 09 au mercredi 10 septembre, \u00e0 partir de 21h et au plus tard jusqu&rsquo;\u00e0 06h du matin, le p\u00e9riph\u00e9rique ext\u00e9rieur, direction Bordeaux, est ferm\u00e9 entre la barri\u00e8re de p\u00e9age de Toulouse-Sud sur l\u2019A61 et Montaudran N\u00b018, pour effectuer des travaux au del\u00e0 du r\u00e9seau VINCI Autoroutes.<\/p>\n<p class=\"article-author\">Auteur : Nadine Mistre<\/p>\n<p class=\"article-modification\">Derni\u00e8re modification : 08\/09\/2025 11:33<\/p>\n<p>                <img decoding=\"async\" src=\"https:\/\/www.europesays.com\/fr\/wp-content\/uploads\/2025\/06\/VDN-Travaux-2022-2-Nuit-Copyright-VA-Crespeau.jpg\" alt=\"P\u00e9riph\u00e9rique fermeture Toulouse-Sud - Montaudran N\u00b018\"\/><\/p>\n<p>                                                    0:30\n                                            <\/p>\n<p class=\"legende\">Signalisation de nuit lors de travaux<\/p>\n<p>                            \u00a9 VINCI Autoroutes &#8211; Crespeau                        <\/p>\n<p>\n        Il faut vous engager sur le p\u00e9riph\u00e9rique int\u00e9rieur direction Blagnac\/Tarbes et emprunter Le Palays-Lab\u00e8ge. Au volant d&rsquo;un camion, il faut sortir \u00e0 Lespinet N\u00b020 et suivre le r\u00e9seau secondaire jusqu&rsquo;\u00e0 Montaudran.<br \/>&#13;\n    <\/p>\n<p>            Pour approfondir le sujet<\/p>\n<p>        Partager cet article<\/p>\n","protected":false},"excerpt":{"rendered":"Accueil Actu trafic Travaux \u00c0 Toulouse, la nuit du mardi 09 au mercredi 10 septembre, \u00e0 partir de&hellip;\n","protected":false},"author":2,"featured_media":162418,"comment_status":"","ping_status":"","sticky":false,"template":"","format":"standard","meta":{"footnotes":""},"categories":[2816],"tags":[1111,11,1777,674,13407,1011,27,9778,6774,47401,12,293,2680,5537,4013,25,395,2312,50900],"class_list":{"0":"post-374973","1":"post","2":"type-post","3":"status-publish","4":"format-standard","5":"has-post-thumbnail","7":"category-toulouse","8":"tag-actu","9":"tag-actualites","10":"tag-eu","11":"tag-europe","12":"tag-fermeture","13":"tag-fr","14":"tag-france","15":"tag-mardi","16":"tag-mercredi","17":"tag-montaudran","18":"tag-news","19":"tag-nuit","20":"tag-occitanie","21":"tag-partir","22":"tag-peripherique","23":"tag-republique-francaise","24":"tag-septembre","25":"tag-toulouse","26":"tag-toulouse-sud"},"share_on_mastodon":{"url":"https:\/\/pubeurope.com\/@fr\/115168134195916563","error":""},"_links":{"self":[{"href":"https:\/\/www.europesays.com\/fr\/wp-json\/wp\/v2\/posts\/374973","targetHints":{"allow":["GET"]}}],"collection":[{"href":"https:\/\/www.europesays.com\/fr\/wp-json\/wp\/v2\/posts"}],"about":[{"href":"https:\/\/www.europesays.com\/fr\/wp-json\/wp\/v2\/types\/post"}],"author":[{"embeddable":true,"href":"https:\/\/www.europesays.com\/fr\/wp-json\/wp\/v2\/users\/2"}],"replies":[{"embeddable":true,"href":"https:\/\/www.europesays.com\/fr\/wp-json\/wp\/v2\/comments?post=374973"}],"version-history":[{"count":0,"href":"https:\/\/www.europesays.com\/fr\/wp-json\/wp\/v2\/posts\/374973\/revisions"}],"wp:featuredmedia":[{"embeddable":true,"href":"https:\/\/www.europesays.com\/fr\/wp-json\/wp\/v2\/media\/162418"}],"wp:attachment":[{"href":"https:\/\/www.europesays.com\/fr\/wp-json\/wp\/v2\/media?parent=374973"}],"wp:term":[{"taxonomy":"category","embeddable":true,"href":"https:\/\/www.europesays.com\/fr\/wp-json\/wp\/v2\/categories?post=374973"},{"taxonomy":"post_tag","embeddable":true,"href":"https:\/\/www.europesays.com\/fr\/wp-json\/wp\/v2\/tags?post=374973"}],"curies":[{"name":"wp","href":"https:\/\/api.w.org\/{rel}","templated":true}]}}