{"id":374974,"date":"2025-09-08T10:10:09","date_gmt":"2025-09-08T10:10:09","guid":{"rendered":"https:\/\/www.europesays.com\/fr\/374974\/"},"modified":"2025-09-08T10:10:09","modified_gmt":"2025-09-08T10:10:09","slug":"une-etudiante-de-22-ans-gravement-blessee-apres-la-chute-dun-bloc-de-beton","status":"publish","type":"post","link":"https:\/\/www.europesays.com\/fr\/374974\/","title":{"rendered":"une \u00e9tudiante de 22 ans gravement bless\u00e9e apr\u00e8s la chute d&rsquo;un bloc de b\u00e9ton"},"content":{"rendered":"<p>            Par<br \/>\n        <strong><br \/>\n            <a href=\"https:\/\/actu.fr\/auteur\/hervine-mahaud\" title=\"Consulter tous les articles de Hervine Mahaud\" target=\"_blank\" rel=\"noopener\">Hervine Mahaud<\/a><br \/>\n        <\/strong><\/p>\n<p>        Publi\u00e9 le<\/p>\n<p>            8 sept. 2025 \u00e0 11h59        <\/p>\n<p>Une <b>jeune femme de 22 ans se trouve dans un \u00e9tat grave<\/b> apr\u00e8s la <b>chute d\u2019un morceau de b\u00e9ton<\/b> provenant d\u2019un immeuble, situ\u00e9 \u00e0 l\u2019angle de la <b>rue des Canonniers<\/b> et du <b>boulevard Carnot<\/b>. L\u2019<a href=\"https:\/\/actu.fr\/tag\/accident\" target=\"_blank\" rel=\"noopener\">accident<\/a> s\u2019est produit samedi 6 septembre 2025, durant la nuit de la <a href=\"https:\/\/actu.fr\/tag\/braderie-de-lille\" target=\"_blank\" rel=\"noopener\">Braderie de Lille<\/a>.<\/p>\n<p>Transport\u00e9e en d\u00e9chocage au CHU de Lille<\/p>\n<p class=\" wall-content\">Les sapeurs-pompiers ont \u00e9t\u00e9 appel\u00e9s \u00e0 22h27 pour, dans un premier temps, une \u00ab\u00a0menace d\u2019effondrement\u00a0\u00bb d\u2019un immeuble situ\u00e9 \u00e0 l\u2019angle de la rue des Canonniers et du boulevard Carnot.\u00a0<\/p>\n<p class=\" wall-content\">\u00ab\u00a0Lorsque les secours sont arriv\u00e9s sur place, ils ont retrouv\u00e9 une femme allong\u00e9e au sol. Elle a re\u00e7u un <b>morceau de b\u00e9ton<\/b> provenant d\u2019une corniche du 5\u00e8me \u00e9tage d\u2019un immeuble qui en compte 6\u2033, indique le Sdis 59 (Service d\u00e9partemental d\u2019incendie et de secours).<\/p>\n<p class=\" wall-content\">La victime de 22 ans \u00e9tait <b>inconsciente<\/b> et pr\u00e9sentait une <b>plaie importante derri\u00e8re la t\u00eate<\/b>. Elle a \u00e9t\u00e9 m\u00e9dicalis\u00e9e sur place par le Smur avant d\u2019\u00eatre transport\u00e9e au <b>CHU de Lille en d\u00e9chocage<\/b>.\u00a0<\/p>\n<p class=\" wall-content\">Dans un \u00e9tat grave \u00e0 son arriv\u00e9e aux urgences, elle serait dor\u00e9navant dans le coma.<\/p>\n<p>La zone dangereuse interdite d\u2019acc\u00e8s<\/p>\n<p class=\" wall-content\">En parall\u00e8le, une barri\u00e8re a \u00e9t\u00e9 pos\u00e9e tout autour de la zone pour en <b>interdire l\u2019acc\u00e8s<\/b>. \u00ab\u00a0Il y a une interdiction d\u2019acc\u00e8s au commerce qui se trouve au rez-de-chauss\u00e9e\u00a0\u00bb, indique encore le Sdis. L\u2019immeuble, en revanche, ne pr\u00e9sente <b>pas de risque d\u2019effondrement<\/b>.<\/p>\n<p class=\" wall-content\">Personnalisez votre actualit\u00e9 en ajoutant vos villes et m\u00e9dias en favori avec <a href=\"https:\/\/moncompte.actu.fr\" title=\"D\u00e9couvez Mon Actu\" rel=\"nofollow noopener\" data-trk=\"{&quot;cta&quot;:{&quot;action&quot;:&quot;https:\\\/\\\/moncompte.actu.fr&quot;,&quot;category&quot;:&quot;mon compte&quot;,&quot;from&quot;:&quot;article footer&quot;,&quot;name&quot;:&quot;Mon actu&quot;,&quot;type&quot;:&quot;cta&quot;}}\" target=\"_blank\">Mon Actu<\/a>.<\/p>\n","protected":false},"excerpt":{"rendered":"Par Hervine Mahaud Publi\u00e9 le 8 sept. 2025 \u00e0 11h59 Une jeune femme de 22 ans se trouve&hellip;\n","protected":false},"author":2,"featured_media":374975,"comment_status":"","ping_status":"","sticky":false,"template":"","format":"standard","meta":{"footnotes":""},"categories":[2815],"tags":[119,1111,11,18703,1777,674,118,1011,27,811,1307,12,1311,25],"class_list":{"0":"post-374974","1":"post","2":"type-post","3":"status-publish","4":"format-standard","5":"has-post-thumbnail","7":"category-lille","8":"tag-accident","9":"tag-actu","10":"tag-actualites","11":"tag-braderie-de-lille","12":"tag-eu","13":"tag-europe","14":"tag-faits-divers","15":"tag-fr","16":"tag-france","17":"tag-hauts-de-france","18":"tag-lille","19":"tag-news","20":"tag-pompiers","21":"tag-republique-francaise"},"share_on_mastodon":{"url":"https:\/\/pubeurope.com\/@fr\/115168138194906748","error":""},"_links":{"self":[{"href":"https:\/\/www.europesays.com\/fr\/wp-json\/wp\/v2\/posts\/374974","targetHints":{"allow":["GET"]}}],"collection":[{"href":"https:\/\/www.europesays.com\/fr\/wp-json\/wp\/v2\/posts"}],"about":[{"href":"https:\/\/www.europesays.com\/fr\/wp-json\/wp\/v2\/types\/post"}],"author":[{"embeddable":true,"href":"https:\/\/www.europesays.com\/fr\/wp-json\/wp\/v2\/users\/2"}],"replies":[{"embeddable":true,"href":"https:\/\/www.europesays.com\/fr\/wp-json\/wp\/v2\/comments?post=374974"}],"version-history":[{"count":0,"href":"https:\/\/www.europesays.com\/fr\/wp-json\/wp\/v2\/posts\/374974\/revisions"}],"wp:featuredmedia":[{"embeddable":true,"href":"https:\/\/www.europesays.com\/fr\/wp-json\/wp\/v2\/media\/374975"}],"wp:attachment":[{"href":"https:\/\/www.europesays.com\/fr\/wp-json\/wp\/v2\/media?parent=374974"}],"wp:term":[{"taxonomy":"category","embeddable":true,"href":"https:\/\/www.europesays.com\/fr\/wp-json\/wp\/v2\/categories?post=374974"},{"taxonomy":"post_tag","embeddable":true,"href":"https:\/\/www.europesays.com\/fr\/wp-json\/wp\/v2\/tags?post=374974"}],"curies":[{"name":"wp","href":"https:\/\/api.w.org\/{rel}","templated":true}]}}