{"id":374978,"date":"2025-09-08T10:13:09","date_gmt":"2025-09-08T10:13:09","guid":{"rendered":"https:\/\/www.europesays.com\/fr\/374978\/"},"modified":"2025-09-08T10:13:09","modified_gmt":"2025-09-08T10:13:09","slug":"le-maire-de-marseille-benoit-payan-menace-de-mort-pour-un-couscous-je-ne-cederai-rien","status":"publish","type":"post","link":"https:\/\/www.europesays.com\/fr\/374978\/","title":{"rendered":"Le maire de Marseille Beno\u00eet Payan \u00ab\u00a0menac\u00e9 de mort pour un couscous\u00a0\u00bb : \u00ab\u00a0Je ne c\u00e9derai rien\u00a0\u00bb"},"content":{"rendered":"<p>            Par<br \/>\n        <strong><br \/>\n            <a href=\"https:\/\/actu.fr\/auteur\/fabien-binacchi\" title=\"Consulter tous les articles de Fabien Binacchi\" target=\"_blank\" rel=\"noopener\">Fabien Binacchi<\/a><br \/>\n        <\/strong><\/p>\n<p>        Publi\u00e9 le<\/p>\n<p>            8 sept. 2025 \u00e0 10h59        <\/p>\n<p>\u00ab\u2009Je ne c\u00e9derai \u00e9videmment rien et jamais.\u2009\u00bb Sur X, le maire divers gauche (DVG) de <a href=\"https:\/\/actu.fr\/marseille\/\" target=\"_blank\" rel=\"noopener\">Marseille<\/a> <a href=\"https:\/\/actu.fr\/tag\/benoit-payan\" target=\"_blank\" rel=\"noopener\">Beno\u00eet Payan<\/a> affirme avoir \u00e9t\u00e9 \u00ab\u2009menac\u00e9 de mort pour avoir mang\u00e9 un couscous\u2009\u00bb dans le cadre d\u2019un \u00e9v\u00e9nement culinaire organis\u00e9 depuis 2018 dans la cit\u00e9 phoc\u00e9enne.<\/p>\n<p class=\" wall-content\">Si l\u2019\u00e9lu a re\u00e7u le soutien massif de sa majorit\u00e9, <strong>mais aussi celui du d\u00e9put\u00e9 S\u00e9bastien Delogu (La France insoumise),<\/strong> la droite, elle, reste silencieuse.<\/p>\n<p>\u00ab\u2009Marseille est une ville du vivre-ensemble\u2009\u00bb<\/p>\n<p class=\" wall-content\">Une vid\u00e9o de la participation du maire Marseille \u00e0 un repas g\u00e9ant, organis\u00e9e dans les rues du quartier Noailles (1er arrondissement) ce week-end, \u00e0 l\u2019occasion du <strong>Kouss.Kouss festival,<\/strong> a \u00e9t\u00e9 partag\u00e9e et comment\u00e9e sur les r\u00e9seaux sociaux.<\/p>\n<p class=\" wall-content\">\n<p class=\" wall-content\">Une r\u00e9action a suscit\u00e9 l\u2019indignation de Beno\u00eet Payan.<\/p>\n<p class=\" wall-content\">\u00ab\u2009Menac\u00e9 de mort pour avoir mang\u00e9 un couscous dans le cadre d\u2019un festival marseillais de cuisine, je ne c\u00e9derai \u00e9videmment rien et jamais\u2009\u00bb, \u00e9crit-il. Et d\u2019ajouter\u2009: \u00ab\u2009Marseille est une ville du vivre-ensemble et nous ferons tout pour que cela continue, <strong>malgr\u00e9 les intimidations,<\/strong> extr\u00eame droite ou pas\u2009\u00bb. Il inclut une capture d\u2019\u00e9cran de la publication en question, depuis effac\u00e9e mais sign\u00e9e par un certain Alfie07165.<\/p>\n<p class=\" wall-content\">\n<p class=\" wall-content\">Le maire de Marseille y est trait\u00e9, sans m\u00e9nagement, de \u00ab\u2009pauvre con\u2009\u00bb et d\u2019<strong>\u00ab\u2009idiot utile des Fr\u00e8res Musulmans\u2009\u00bb.<\/strong> \u00ab\u2009Il sera dans les premiers quand il leur aura servi de marchepied\u2009\u00bb, l\u00e2che cet \u00ab\u2009anonyme\u2009\u00bb, accompagnant son post d\u2019une photo montrant un homme les yeux band\u00e9s sur un \u00e9chafaud, entour\u00e9s par deux personnes cagoul\u00e9es et lourdement arm\u00e9es.<\/p>\n<p>Des \u00ab\u2009menaces ignobles\u2009\u00bb<\/p>\n<p class=\" wall-content\"><strong>Une image extr\u00eamement violente<\/strong> qui a suscit\u00e9 de nombreux messages de soutien. Dans la majorit\u00e9 du maire de Marseille, et m\u00eame au-del\u00e0, \u00e0 gauche.<\/p>\n<p>Votre r\u00e9gion, votre actu !<\/p>\n<p>Recevez chaque jour les infos qui comptent pour vous.<\/p>\n<p>\t<a href=\"https:\/\/actu.fr\/newsletter\" class=\"ac-btn ac-btn--corner ac-btn--medium ac-btn--blue800\" target=\"_blank\" rel=\"noopener\">S&rsquo;incrire<\/a><\/p>\n<p class=\" wall-content\">Le d\u00e9put\u00e9 LFI S\u00e9bastien Delogu, possible candidat \u00e0 la prochaine \u00e9lection municipale, s\u2019est aussi exprim\u00e9\u2009: \u00ab\u2009Tu as mon soutien et celui des insoumis face \u00e0 ces menaces ignobles\u2009\u00bb. \u00ab\u2009Aucun de nos d\u00e9saccords politiques ne doit surpasser la n\u00e9cessit\u00e9 de <strong>faire bloc<\/strong> face aux attaques des racistes, des pro-g\u00e9nocide et de l\u2019extr\u00eame droite\u2009\u00bb, lui assure le parlementaire.<\/p>\n<p class=\" wall-content\">\n<p>\u00ab\u2009Vous n\u2019avez pas compris le tweet\u2026\u2009\u00bb<\/p>\n<p class=\" wall-content\">Si les responsables de l\u2019autre partie de l\u2019\u00e9chiquier politique n\u2019ont pas r\u00e9agi, certains commentaires, notamment sur X, alertaient, souvent avec virulence \u00e0 l\u2019endroit de Beno\u00eet Payan, une lecture biais\u00e9e du post initial. \u00ab\u2009Vous n\u2019avez visiblement pas compris le tweet\u2026\u2009\u00bb, \u00e9crit un internaute. \u00ab\u2009<strong>Il ne vous menace pas\u2026<\/strong> Il vous met en garde sur les pratiques des Fr\u00e8res musulmans\u2026\u2009\u00bb, appuie un autre.<\/p>\n<p class=\" wall-content\">Dans sa r\u00e9ponse, sur X, le maire de Marseille mentionne le pr\u00e9fet ainsi que les ministres de l\u2019Int\u00e9rieur et de la Justice. Il n\u2019a pas pr\u00e9cis\u00e9 s\u2019il souhaitait poursuivre l\u2019auteur.<\/p>\n<p class=\" wall-content\">Personnalisez votre actualit\u00e9 en ajoutant vos villes et m\u00e9dias en favori avec <a href=\"https:\/\/moncompte.actu.fr\" title=\"D\u00e9couvez Mon Actu\" rel=\"nofollow noopener\" data-trk=\"{&quot;cta&quot;:{&quot;action&quot;:&quot;https:\\\/\\\/moncompte.actu.fr&quot;,&quot;category&quot;:&quot;mon compte&quot;,&quot;from&quot;:&quot;article footer&quot;,&quot;name&quot;:&quot;Mon actu&quot;,&quot;type&quot;:&quot;cta&quot;}}\" target=\"_blank\">Mon Actu<\/a>.<\/p>\n","protected":false},"excerpt":{"rendered":"Par Fabien Binacchi Publi\u00e9 le 8 sept. 2025 \u00e0 10h59 \u00ab\u2009Je ne c\u00e9derai \u00e9videmment rien et jamais.\u2009\u00bb Sur&hellip;\n","protected":false},"author":2,"featured_media":374979,"comment_status":"","ping_status":"","sticky":false,"template":"","format":"standard","meta":{"footnotes":""},"categories":[2814],"tags":[1111,11,6469,1777,674,1011,27,884,12,882,25,104,6814],"class_list":{"0":"post-374978","1":"post","2":"type-post","3":"status-publish","4":"format-standard","5":"has-post-thumbnail","7":"category-marseille","8":"tag-actu","9":"tag-actualites","10":"tag-benoit-payan","11":"tag-eu","12":"tag-europe","13":"tag-fr","14":"tag-france","15":"tag-marseille","16":"tag-news","17":"tag-provence-alpes-cote-dazur","18":"tag-republique-francaise","19":"tag-societe","20":"tag-twitter"},"share_on_mastodon":{"url":"https:\/\/pubeurope.com\/@fr\/115168149722610366","error":""},"_links":{"self":[{"href":"https:\/\/www.europesays.com\/fr\/wp-json\/wp\/v2\/posts\/374978","targetHints":{"allow":["GET"]}}],"collection":[{"href":"https:\/\/www.europesays.com\/fr\/wp-json\/wp\/v2\/posts"}],"about":[{"href":"https:\/\/www.europesays.com\/fr\/wp-json\/wp\/v2\/types\/post"}],"author":[{"embeddable":true,"href":"https:\/\/www.europesays.com\/fr\/wp-json\/wp\/v2\/users\/2"}],"replies":[{"embeddable":true,"href":"https:\/\/www.europesays.com\/fr\/wp-json\/wp\/v2\/comments?post=374978"}],"version-history":[{"count":0,"href":"https:\/\/www.europesays.com\/fr\/wp-json\/wp\/v2\/posts\/374978\/revisions"}],"wp:featuredmedia":[{"embeddable":true,"href":"https:\/\/www.europesays.com\/fr\/wp-json\/wp\/v2\/media\/374979"}],"wp:attachment":[{"href":"https:\/\/www.europesays.com\/fr\/wp-json\/wp\/v2\/media?parent=374978"}],"wp:term":[{"taxonomy":"category","embeddable":true,"href":"https:\/\/www.europesays.com\/fr\/wp-json\/wp\/v2\/categories?post=374978"},{"taxonomy":"post_tag","embeddable":true,"href":"https:\/\/www.europesays.com\/fr\/wp-json\/wp\/v2\/tags?post=374978"}],"curies":[{"name":"wp","href":"https:\/\/api.w.org\/{rel}","templated":true}]}}