{"id":374980,"date":"2025-09-08T10:14:10","date_gmt":"2025-09-08T10:14:10","guid":{"rendered":"https:\/\/www.europesays.com\/fr\/374980\/"},"modified":"2025-09-08T10:14:10","modified_gmt":"2025-09-08T10:14:10","slug":"un-adjoint-au-maire-de-marseille-appelle-a-manifester","status":"publish","type":"post","link":"https:\/\/www.europesays.com\/fr\/374980\/","title":{"rendered":"un adjoint au maire de Marseille appelle \u00e0 manifester"},"content":{"rendered":"<p>Adjoint de Beno\u00eet Payan en charge de la transition \u00e9cologique, S\u00e9bastien Barles appelle avec son collectif \u00e0 prendre part \u00e0 la manifestation pr\u00e9vue le 10 septembre dans le cadre du mouvement \u00abBloquons tout\u00bb.<\/p>\n<p class=\"fig-paragraph\">Il appelle \u00e0 \u00abune grande convergence des luttes sociales et environnementales pour exprimer notre ras-le-bol d\u2019un pr\u00e9sident sourd aux attentes d\u00e9mocratiques du peuple\u00bb. Adjoint au maire de Marseille\u00a0<a href=\"http:\/\/www.lefigaro.fr\/culture\/benoit-payan-et-cinq-adjoints-de-marseille-devant-la-justice-pour-injures-et-diffamation-contre-nicolas-pagnol-20250709\" data-fig-type=\"Article\" data-gtm-custom-categorie=\"navigation\" data-gtm-custom-action=\"crossclick\" data-gtm-custom-label=\"Contextuel\" data-gtm-event=\"customEventSPE\" data-fig-domain=\"LEFIGARO\" target=\"_blank\" rel=\"noopener\">Beno\u00eet Payan\u00a0<\/a>en charge de la transition \u00e9cologique, S\u00e9bastien Barles fait valoir publiquement son soutien avec son collectif cr\u00e9e en vue des municipales \u00abVa\u00ef Marseille\u00bb au mouvement\u00a0<a href=\"http:\/\/www.lefigaro.fr\/social\/mouvement-du-10-septembre-en-france-est-ce-legal-de-recruter-pour-remplacer-les-grevistes-20250907\" data-fig-type=\"NewsFlash\" data-gtm-custom-categorie=\"navigation\" data-gtm-custom-action=\"crossclick\" data-gtm-custom-label=\"Contextuel\" data-gtm-event=\"customEventSPE\" data-fig-domain=\"LEFIGARO\" target=\"_blank\" rel=\"noopener\">\u00abBloquons tout\u00bb<\/a>, pr\u00e9vu le 10 septembre prochain.<\/p>\n<p class=\"fig-paragraph\">Militant\u00a0<a href=\"http:\/\/www.lefigaro.fr\/marseille\/marseille-les-insoumis-appuient-la-demande-des-ecologistes-sur-la-fin-du-jumelage-avec-haifa-en-israel-20250617\" data-fig-type=\"NewsFlash\" data-gtm-custom-categorie=\"navigation\" data-gtm-custom-action=\"crossclick\" data-gtm-custom-label=\"Contextuel\" data-gtm-event=\"customEventSPE\" data-fig-domain=\"LEFIGARO\" target=\"_blank\" rel=\"noopener\">\u00e9cologiste\u00a0<\/a>r\u00e9cemment suspendu par son parti \u00e0 titre conservatoire apr\u00e8s la cr\u00e9ation de ce collectif, S\u00e9bastien Barles appelle notamment \u00e0 participer \u00e0 la manifestation pr\u00e9vue mercredi dans le quartier des R\u00e9form\u00e9s, dans le centre-ville de Marseille.<\/p>\n<p>                                    <a class=\"fig-a11y-skip a11y-hidden\" href=\"#fig-a11y-skip-main-inarticle\"><br \/>\n        Passer la publicit\u00e9<br \/>\n    <\/a><\/p>\n<p>Des revendications similaires selon S\u00e9bastien Barles<\/p>\n<p class=\"fig-paragraph\">\u00abFace \u00e0 la casse sociale et environnementale subie ces derniers mois, plus que jamais nous avons besoin d\u2019exprimer nos col\u00e8res et nos attentes pour plus de justice sociale et environnementale et de nouvelles respirations d\u00e9mocratiques tandis que le pouvoir est de plus en plus autoritaire et liberticide\u00bb, estime l\u2019adjoint au maire.<\/p>\n<p class=\"fig-paragraph\">\u00abCet \u00e9t\u00e9, des membres de Va\u00ef ont particip\u00e9 aux assembl\u00e9es populaires pr\u00e9parant la journ\u00e9e du 10 septembre. Nous sommes heureux de constater qu\u2019au niveau local les revendications du mouvement embrassent celles de notre collectif.\u00bb \u00abMettons un terme \u00e0 la r\u00e9signation qui nous isole et fait le lit de la vague nationale, populiste et identitaire qui nous menace\u00bb, conclut S\u00e9bastien Barles.<\/p>\n<p><a href=\"http:\/\/www.lefigaro.fr\/actualite-france\/qui-est-julien-marissiaux-le-nordiste-antisysteme-nostalgique-des-gilets-jaune-aux-origines-du-mouvement-bloquons-tout-20250907\" data-fig-type=\"Article\" data-gtm-custom-categorie=\"navigation\" data-gtm-custom-action=\"crossclick\" data-gtm-custom-label=\"Contextuel\" data-gtm-event=\"customEventSPE\" data-fig-domain=\"LEFIGARO\" target=\"_blank\" rel=\"noopener\">Un mouvement \u00abcitoyen\u00bb n\u00e9 durant l\u2019\u00e9t\u00e9 sur les r\u00e9seaux sociaux<\/a>\u00a0sous le slogan \u00abBloquons tout\u00bb, soutenu par certains syndicats et la gauche radicale, a appel\u00e9 \u00e0 paralyser le pays mercredi. Mais la port\u00e9e r\u00e9elle de la mobilisation &#8211; qui rappelle \u00e0 certains \u00e9gards celui des \u00abgilets jaunes\u00bb qui a secou\u00e9 la France en 2018-2019 &#8211; reste incertaine.<\/p>\n","protected":false},"excerpt":{"rendered":"Adjoint de Beno\u00eet Payan en charge de la transition \u00e9cologique, S\u00e9bastien Barles appelle avec son collectif \u00e0 prendre&hellip;\n","protected":false},"author":2,"featured_media":374981,"comment_status":"","ping_status":"","sticky":false,"template":"","format":"standard","meta":{"footnotes":""},"categories":[2814],"tags":[1111,11,6469,7551,1777,674,1011,27,2088,884,12,882,25],"class_list":{"0":"post-374980","1":"post","2":"type-post","3":"status-publish","4":"format-standard","5":"has-post-thumbnail","7":"category-marseille","8":"tag-actu","9":"tag-actualites","10":"tag-benoit-payan","11":"tag-blocage","12":"tag-eu","13":"tag-europe","14":"tag-fr","15":"tag-france","16":"tag-manifestation","17":"tag-marseille","18":"tag-news","19":"tag-provence-alpes-cote-dazur","20":"tag-republique-francaise"},"share_on_mastodon":{"url":"https:\/\/pubeurope.com\/@fr\/115168153660222989","error":""},"_links":{"self":[{"href":"https:\/\/www.europesays.com\/fr\/wp-json\/wp\/v2\/posts\/374980","targetHints":{"allow":["GET"]}}],"collection":[{"href":"https:\/\/www.europesays.com\/fr\/wp-json\/wp\/v2\/posts"}],"about":[{"href":"https:\/\/www.europesays.com\/fr\/wp-json\/wp\/v2\/types\/post"}],"author":[{"embeddable":true,"href":"https:\/\/www.europesays.com\/fr\/wp-json\/wp\/v2\/users\/2"}],"replies":[{"embeddable":true,"href":"https:\/\/www.europesays.com\/fr\/wp-json\/wp\/v2\/comments?post=374980"}],"version-history":[{"count":0,"href":"https:\/\/www.europesays.com\/fr\/wp-json\/wp\/v2\/posts\/374980\/revisions"}],"wp:featuredmedia":[{"embeddable":true,"href":"https:\/\/www.europesays.com\/fr\/wp-json\/wp\/v2\/media\/374981"}],"wp:attachment":[{"href":"https:\/\/www.europesays.com\/fr\/wp-json\/wp\/v2\/media?parent=374980"}],"wp:term":[{"taxonomy":"category","embeddable":true,"href":"https:\/\/www.europesays.com\/fr\/wp-json\/wp\/v2\/categories?post=374980"},{"taxonomy":"post_tag","embeddable":true,"href":"https:\/\/www.europesays.com\/fr\/wp-json\/wp\/v2\/tags?post=374980"}],"curies":[{"name":"wp","href":"https:\/\/api.w.org\/{rel}","templated":true}]}}