{"id":374982,"date":"2025-09-08T10:15:12","date_gmt":"2025-09-08T10:15:12","guid":{"rendered":"https:\/\/www.europesays.com\/fr\/374982\/"},"modified":"2025-09-08T10:15:12","modified_gmt":"2025-09-08T10:15:12","slug":"les-gaz-a-effet-de-serre-sont-en-baisse-mais","status":"publish","type":"post","link":"https:\/\/www.europesays.com\/fr\/374982\/","title":{"rendered":"les gaz \u00e0 effet de serre sont en baisse, mais\u2026"},"content":{"rendered":"<p>                            Une baisse affich\u00e9e mais pas av\u00e9r\u00e9e<\/p>\n<p>D\u00e9but juillet, la m\u00e9tropole communique sur son exemplarit\u00e9 en mati\u00e8re de politique climat, air, \u00e9nergie\u00a0: elle vient d\u2019obtenir une cinqui\u00e8me \u00e9toile pour son engagement dans la transition \u00e9cologique, label d\u00e9cern\u00e9 par l\u2019Ademe. Parmi cinq indicateurs, la m\u00e9tropole indique une baisse de 24\u00a0% d\u2019\u00e9missions de gaz \u00e0 effet de serre sur son territoire entre\u00a02019 et\u00a02024.<\/p>\n<p>On a eu beau chercher, impossible de trouver des chiffres concordants dans divers documents, y compris sur le site de la m\u00e9tropole o\u00f9 un article dat\u00e9 de juin\u00a02025, explique par exemple que les \u00e9missions de GES ont baiss\u00e9 de 15\u00a0% depuis 2015. Pour d\u00e9nicher la tendance affich\u00e9e, il faut aller chercher dans les donn\u00e9es de Terristory, site qui indique s\u2019appuyer sur des&#8230;<\/p>\n","protected":false},"excerpt":{"rendered":"Une baisse affich\u00e9e mais pas av\u00e9r\u00e9e D\u00e9but juillet, la m\u00e9tropole communique sur son exemplarit\u00e9 en mati\u00e8re de politique&hellip;\n","protected":false},"author":2,"featured_media":374983,"comment_status":"","ping_status":"","sticky":false,"template":"","format":"standard","meta":{"footnotes":""},"categories":[1889],"tags":[1111,11,2430,3152,2757,3153,3154,436,1777,674,1011,27,2428,12,316,1800,5140,25,2429,3151],"class_list":{"0":"post-374982","1":"post","2":"type-post","3":"status-publish","4":"format-standard","5":"has-post-thumbnail","7":"category-lyon","8":"tag-actu","9":"tag-actualites","10":"tag-auvergne-rhone-alpes","11":"tag-edition-est-lyonnais","12":"tag-edition-lyon-villeurbanne","13":"tag-edition-ouest-lyonnais","14":"tag-edition-sud-lyonnais","15":"tag-environnement","16":"tag-eu","17":"tag-europe","18":"tag-fr","19":"tag-france","20":"tag-lyon","21":"tag-news","22":"tag-politique","23":"tag-pollution","24":"tag-rechauffement-climatique","25":"tag-republique-francaise","26":"tag-rhone","27":"tag-selection-de-la-redaction-69"},"share_on_mastodon":{"url":"https:\/\/pubeurope.com\/@fr\/115168157683290625","error":""},"_links":{"self":[{"href":"https:\/\/www.europesays.com\/fr\/wp-json\/wp\/v2\/posts\/374982","targetHints":{"allow":["GET"]}}],"collection":[{"href":"https:\/\/www.europesays.com\/fr\/wp-json\/wp\/v2\/posts"}],"about":[{"href":"https:\/\/www.europesays.com\/fr\/wp-json\/wp\/v2\/types\/post"}],"author":[{"embeddable":true,"href":"https:\/\/www.europesays.com\/fr\/wp-json\/wp\/v2\/users\/2"}],"replies":[{"embeddable":true,"href":"https:\/\/www.europesays.com\/fr\/wp-json\/wp\/v2\/comments?post=374982"}],"version-history":[{"count":0,"href":"https:\/\/www.europesays.com\/fr\/wp-json\/wp\/v2\/posts\/374982\/revisions"}],"wp:featuredmedia":[{"embeddable":true,"href":"https:\/\/www.europesays.com\/fr\/wp-json\/wp\/v2\/media\/374983"}],"wp:attachment":[{"href":"https:\/\/www.europesays.com\/fr\/wp-json\/wp\/v2\/media?parent=374982"}],"wp:term":[{"taxonomy":"category","embeddable":true,"href":"https:\/\/www.europesays.com\/fr\/wp-json\/wp\/v2\/categories?post=374982"},{"taxonomy":"post_tag","embeddable":true,"href":"https:\/\/www.europesays.com\/fr\/wp-json\/wp\/v2\/tags?post=374982"}],"curies":[{"name":"wp","href":"https:\/\/api.w.org\/{rel}","templated":true}]}}