{"id":374984,"date":"2025-09-08T10:16:12","date_gmt":"2025-09-08T10:16:12","guid":{"rendered":"https:\/\/www.europesays.com\/fr\/374984\/"},"modified":"2025-09-08T10:16:12","modified_gmt":"2025-09-08T10:16:12","slug":"pres-de-lyon-la-fin-dun-spectacle-de-ce-celebre-festival-medieval-exige-la-mairie-repond","status":"publish","type":"post","link":"https:\/\/www.europesays.com\/fr\/374984\/","title":{"rendered":"Pr\u00e8s de Lyon. La fin d&rsquo;un spectacle de ce c\u00e9l\u00e8bre festival m\u00e9di\u00e9val exig\u00e9, la mairie r\u00e9pond"},"content":{"rendered":"<p>            Par<br \/>\n        <strong><br \/>\n            <a href=\"https:\/\/actu.fr\/auteur\/lisa-rodrigues\" title=\"Consulter tous les articles de Lisa Rodrigues\" target=\"_blank\" rel=\"noopener\">Lisa Rodrigues<\/a><br \/>\n        <\/strong><\/p>\n<p>        Publi\u00e9 le<\/p>\n<p>            8 sept. 2025 \u00e0 11h56        <\/p>\n<p>Apr\u00e8s les <a href=\"https:\/\/actu.fr\/auvergne-rhone-alpes\/saint-egreve_38382\/isere-trois-magasins-decathlon-dans-le-viseur-pour-commerce-illegal-une-plainte-deposee_63013097.html\" target=\"_blank\" rel=\"noopener\">magasins Decathlon<\/a> en Is\u00e8re et pr\u00e8s de <a href=\"https:\/\/actu.fr\/auvergne-rhone-alpes\/grenoble_38185\" target=\"_blank\" rel=\"noopener\">Grenoble<\/a>, l\u2019association de d\u00e9fense de la cause animale PAZ a une nouvelle cible. Dans un communiqu\u00e9 transmis vendredi 5 septembre, les militants s\u2019attaquent aux <strong>M\u00e9di\u00e9vales de Cr\u00e9mieu<\/strong>, \u00e9v\u00e9nement prenant place chaque ann\u00e9e dans la commune du m\u00eame nom pr\u00e8s de <a href=\"https:\/\/actu.fr\/lyon\/\" target=\"_blank\" rel=\"noopener\">Lyon<\/a>.<\/p>\n<p class=\" wall-content\">Leur demande : <strong>l\u2019arr\u00eat des spectacles payants de rapaces<\/strong>, l\u2019un des temps forts du week-end phare de l\u2019agenda culturel de la petite ville m\u00e9di\u00e9vale is\u00e9roise, rassemblant chaque ann\u00e9e des milliers de visiteurs.<\/p>\n<p>\u00ab\u00a0Les rapaces ne sont pas des attractions\u00a0\u00bb<\/p>\n<p class=\" wall-content\">Cette ann\u00e9e, les M\u00e9di\u00e9vales de <a href=\"https:\/\/actu.fr\/auvergne-rhone-alpes\/cremieu_38138\" target=\"_blank\" rel=\"noopener\">Cr\u00e9mieu<\/a> se tiennent les 13 et 14 septembre prochains. Pour PAZ, les spectacles de rapaces \u00ab\u00a0g\u00e2chent la f\u00eate ! Les rapaces ne sont pas des attractions\u00a0\u00bb. L\u2019association r\u00e9clame leur suppression pure et simple, au nom du bien-\u00eatre des rapaces.<\/p>\n<blockquote class=\"ac-article-quote wall-content\">\n<p>Nous appelons la mairie de Cr\u00e9mieu \u00e0 ne plus alimenter la captivit\u00e9 animale ! Les rapaces exhib\u00e9s subissent une vie de souffrances. Ils sont enferm\u00e9s \u00e0 vie pour \u00eatre dress\u00e9s. Transmettre l\u2019histoire du Moyen-\u00c2ge et notamment des Vikings doit se faire de fa\u00e7on festive, sans cr\u00e9er un malaise \u00e0 la vue d&rsquo;animaux attach\u00e9s et captifs.<\/p>\n<p>    <strong>Amandine Sanvisens<\/strong><br \/>\n        Cofondatrice de PAZ    <\/p><\/blockquote>\n<p class=\" wall-content\">L\u2019association affirme avoir pris contact avec la mairie de Cr\u00e9mieu, organisatrice des M\u00e9di\u00e9vales.<\/p>\n<p class=\" wall-content\">Selon la programmation, deux repr\u00e9sentations par jour sont pr\u00e9vues avec des faucons, aigles et autres grands ducs.<\/p>\n<p>    <a href=\"https:\/\/www.facebook.com\/plugins\/post.php?href=https%3A%2F%2Fwww.facebook.com%2Fmedievalesdecremieu%2Fposts%2Fpfbid0LdbUp8kfbKbhM4kdvyQpFREt2Eh1T7qM7AaTuVcW22mB6SWUcF4Zu29FumhaGSqDl&amp;show_text=true&amp;width=350\" title=\"Ouvrie le lien\" target=\"_blank\" rel=\"noopener\">Cliquez ici pour visualiser le contenu<\/a><\/p>\n<p>Votre r\u00e9gion, votre actu !<\/p>\n<p>Recevez chaque jour les infos qui comptent pour vous.<\/p>\n<p>\t<a href=\"https:\/\/actu.fr\/newsletter\" class=\"ac-btn ac-btn--corner ac-btn--medium ac-btn--blue800\" target=\"_blank\" rel=\"noopener\">S&rsquo;incrire<\/a><br \/>\n\u00ab\u00a0Les \u00e9lus en charge font tr\u00e8s attention\u00a0\u00bb<\/p>\n<p class=\" wall-content\">Contact\u00e9e par la r\u00e9daction, la maire de Cr\u00e9mieu, Isabelle Flores, affirme ne pas avoir eu connaissance de cette prise de contact de l\u2019association. \u00c0 la t\u00eate de la commune depuis mai 2024, c\u2019est la deuxi\u00e8me ann\u00e9e seulement que son \u00e9quipe g\u00e8re l\u2019organisation du week-end. \u00ab\u00a0Sur les deux derni\u00e8res \u00e9ditions, on n\u2019a pas eu de probl\u00e8mes\u00a0\u00bb concernant le sujet du bien-\u00eatre animal.<\/p>\n<p class=\" wall-content\">Elle tient tout de m\u00eame \u00e0 rassurer. \u00ab\u00a0Les \u00e9lus en charge des M\u00e9di\u00e9vales font tr\u00e8s attention aux troupes choisies pour les spectacles. <strong>Les animaux doivent \u00eatre \u00e9lev\u00e9s dans de bonnes conditions<\/strong>\u00ab\u00a0, insiste Isabelle Flores.<\/p>\n<p>Prendre de l\u2019avance sur la loi<\/p>\n<p class=\" wall-content\">De son c\u00f4t\u00e9, PAZ rappelle qu\u2019une <a href=\"https:\/\/actu.fr\/societe\/enquete-fin-des-animaux-sauvages-comment-les-cirques-veulent-contourner-la-loi_60470986.html\" target=\"_blank\" rel=\"noopener\">loi doit entrer en application en 2028<\/a> interdisant la d\u00e9tention, le transport et les spectacles incluant des esp\u00e8ces d\u2019animaux non domestiques. Mesure qui concerne donc les spectacles itin\u00e9rants avec rapaces, comme celui des M\u00e9di\u00e9vales.\u00a0<\/p>\n<p class=\" wall-content\">Toujours selon l\u2019association, plusieurs \u00e9v\u00e9nements ont d\u2019ores et d\u00e9j\u00e0 <a href=\"https:\/\/actu.fr\/pays-de-la-loire\/guerande_44069\/loire-atlantique-pas-de-spectacle-de-rapaces-dans-cette-fete-medievale_62568068.html\" target=\"_blank\" rel=\"noopener\">retir\u00e9 les spectacles d\u2019animaux sauvages<\/a> de leur programmation, sans attendre l\u2019entr\u00e9e en application de la loi.<\/p>\n<p class=\" wall-content\">Personnalisez votre actualit\u00e9 en ajoutant vos villes et m\u00e9dias en favori avec <a href=\"https:\/\/moncompte.actu.fr\" title=\"D\u00e9couvez Mon Actu\" rel=\"nofollow noopener\" data-trk=\"{&quot;cta&quot;:{&quot;action&quot;:&quot;https:\\\/\\\/moncompte.actu.fr&quot;,&quot;category&quot;:&quot;mon compte&quot;,&quot;from&quot;:&quot;article footer&quot;,&quot;name&quot;:&quot;Mon actu&quot;,&quot;type&quot;:&quot;cta&quot;}}\" target=\"_blank\">Mon Actu<\/a>.<\/p>\n","protected":false},"excerpt":{"rendered":"Par Lisa Rodrigues Publi\u00e9 le 8 sept. 2025 \u00e0 11h56 Apr\u00e8s les magasins Decathlon en Is\u00e8re et pr\u00e8s&hellip;\n","protected":false},"author":2,"featured_media":374985,"comment_status":"","ping_status":"","sticky":false,"template":"","format":"standard","meta":{"footnotes":""},"categories":[1889],"tags":[1111,11,1867,2430,1777,674,1011,27,2428,12,25,104,853],"class_list":{"0":"post-374984","1":"post","2":"type-post","3":"status-publish","4":"format-standard","5":"has-post-thumbnail","7":"category-lyon","8":"tag-actu","9":"tag-actualites","10":"tag-animaux","11":"tag-auvergne-rhone-alpes","12":"tag-eu","13":"tag-europe","14":"tag-fr","15":"tag-france","16":"tag-lyon","17":"tag-news","18":"tag-republique-francaise","19":"tag-societe","20":"tag-spectacles"},"share_on_mastodon":{"url":"https:\/\/pubeurope.com\/@fr\/115168161480586849","error":""},"_links":{"self":[{"href":"https:\/\/www.europesays.com\/fr\/wp-json\/wp\/v2\/posts\/374984","targetHints":{"allow":["GET"]}}],"collection":[{"href":"https:\/\/www.europesays.com\/fr\/wp-json\/wp\/v2\/posts"}],"about":[{"href":"https:\/\/www.europesays.com\/fr\/wp-json\/wp\/v2\/types\/post"}],"author":[{"embeddable":true,"href":"https:\/\/www.europesays.com\/fr\/wp-json\/wp\/v2\/users\/2"}],"replies":[{"embeddable":true,"href":"https:\/\/www.europesays.com\/fr\/wp-json\/wp\/v2\/comments?post=374984"}],"version-history":[{"count":0,"href":"https:\/\/www.europesays.com\/fr\/wp-json\/wp\/v2\/posts\/374984\/revisions"}],"wp:featuredmedia":[{"embeddable":true,"href":"https:\/\/www.europesays.com\/fr\/wp-json\/wp\/v2\/media\/374985"}],"wp:attachment":[{"href":"https:\/\/www.europesays.com\/fr\/wp-json\/wp\/v2\/media?parent=374984"}],"wp:term":[{"taxonomy":"category","embeddable":true,"href":"https:\/\/www.europesays.com\/fr\/wp-json\/wp\/v2\/categories?post=374984"},{"taxonomy":"post_tag","embeddable":true,"href":"https:\/\/www.europesays.com\/fr\/wp-json\/wp\/v2\/tags?post=374984"}],"curies":[{"name":"wp","href":"https:\/\/api.w.org\/{rel}","templated":true}]}}