{"id":374986,"date":"2025-09-08T10:18:10","date_gmt":"2025-09-08T10:18:10","guid":{"rendered":"https:\/\/www.europesays.com\/fr\/374986\/"},"modified":"2025-09-08T10:18:10","modified_gmt":"2025-09-08T10:18:10","slug":"le-brame-du-cerf-vivre-le-sauvage-derriere-lecran-des-ce-soir","status":"publish","type":"post","link":"https:\/\/www.europesays.com\/fr\/374986\/","title":{"rendered":"Le brame du cerf : vivre le sauvage derri\u00e8re l\u2019\u00e9cran d\u00e9s ce soir"},"content":{"rendered":"<p itemprop=\"description\">Imaginez vous dans votre canap\u00e9 en train de suivre en direct le brame du cerf \u2026 c\u2019est une 1ere en France, et \u00e7a dure 3 semaines sur France 3 Paris \u00cele-de-France.<\/p>\n<p>Pour la premi\u00e8re fois en France, France 3 Paris \u00cele-de-France d\u00e9ploie un dispositif de slow TV animalier d\u2019une ampleur in\u00e9dite <strong>ce soir, lundi 8, \u00e0 partir de 18h. <\/strong><\/p>\n<p>Sept cam\u00e9ras au c\u0153ur de l\u00a0\u00bbEspace Rambouillet, 24 heures sur 24 pendant trois semaines. Une immersion totale, sans artifice, autour du ph\u00e9nom\u00e8ne naturel qu&rsquo;est le \u00ab brame du cerf \u00bb.<\/p>\n<p>Une immersion \u00e0 distance certes mais qui a le m\u00e9rite de laisser les animaux tranquilles \u2026.<\/p>\n<p>  <strong>Le brame du cerf en direct <\/strong>  <\/p>\n<p>Comme l\u2019explique France T\u00e9l\u00e9vision\u00a0:<\/p>\n<p>Devant votre \u00e9cran, installez-vous comme si vous \u00e9tiez tapis derri\u00e8re un arbre. Vous voici au c\u0153ur de l&rsquo;Espace Rambouillet, une r\u00e9serve naturelle cr\u00e9\u00e9e il y a plus de cinquante ans pour mieux comprendre la for\u00eat et ses grands animaux sauvages. La vie s\u2019y rythme au son de ce chant sauvage.\u00a0Le brame du cerf, n\u2019est pas un documentaire animalier, mais une exp\u00e9rience sensorielle de trois semaines : une immersion totale dans la symphonie sauvage de la for\u00eat. Ce manifeste n&rsquo;a ni sc\u00e9nario, ni intrigue, ni point culminant. Parfois, rien ne se passe et c\u2019est exactement ce silence que nous cherchons au c\u0153ur de nos vies press\u00e9es. Ce programme est une r\u00e9ponse \u00e0 l\u2019hyperactivit\u00e9 de nos vies num\u00e9riques avec la cr\u00e9ation d\u2019un moment suspendu.<\/p>\n<p>Le brame du cerf est un voyage qui nous invite \u00e0 d\u00e9tacher notre regard de Paris et \u00e0 nous tourner vers l\u2019un des espaces naturels pr\u00e9serv\u00e9s de la r\u00e9gion. \u00c0 seulement 50 kilom\u00e8tres de la capitale, Rambouillet ouvre la porte d\u2019une \u00cele-de-France sauvage, m\u00e9connue et trop souvent invisibilis\u00e9e.<\/p>\n<p>  <strong>Qu\u2019est que la Slow TV\u00a0?<\/strong>  <\/p>\n<p>La t\u00e9l\u00e9vision contemplative offre un souffle nouveau : elle lib\u00e8re l\u2019attention et nous invite \u00e0 regarder, \u00e9couter et attendre. Dans le tumulte des images et du temps acc\u00e9l\u00e9r\u00e9, elle cr\u00e9e un espace paisible pour percevoir la beaut\u00e9 du vivant. Plus qu\u2019une simple t\u00e9l\u00e9vision, c\u2019est une exp\u00e9rience sensorielle. Un moment suspendu o\u00f9 la nature et la vie se r\u00e9v\u00e8lent \u00e0 ceux qui prennent le temps. En ralentissant, on r\u00e9apprend \u00e0 faire attention \u00e0 soi, aux autres et au monde qui nous entoure.\u00a0\u00c0 l\u2019\u00e9tranger, la Slow TV conna\u00eet un succ\u00e8s ind\u00e9niable. Sur SVT (t\u00e9l\u00e9vision publique su\u00e9doise), <a href=\"https:\/\/www.youtube.com\/watch?v=146r_b29enY\" target=\"_blank\" rel=\"noopener nofollow\">la grande migration des \u00e9lans,<\/a> lanc\u00e9e en 2009, a rassembl\u00e9 jusqu\u2019\u00e0 9 millions de t\u00e9l\u00e9spectateurs pour sa sixi\u00e8me saison en 2025.<\/p>\n<p>Le brame du cerf pourrait bien devenir, \u00e0 son tour, un rendez-vous saisonnier incontournable pour tous les amoureux de la nature&#8230; France.tv est alors un canal id\u00e9al pour accueillir cette aventure contemplative et r\u00e9inventer le regard sur notre quotidien.<\/p>\n<p>  <strong>Le brame du cerf \u00e0 Rambouillet\u00a0: un dispositif technique jamais d\u00e9ploy\u00e9 en France <\/strong>  <\/p>\n<p>Sept cam\u00e9ras, en pleine for\u00eat, filmant 24 heures sur 24 pendant 3 semaines (21 jours, soit 504 heures de direct), sans interruption. Aucune \u00e9quipe n\u2019avait pris le pari, jusqu\u2019ici, d\u2019une captation aussi longue, aussi immersive et autonome.<\/p>\n<p><strong>Filmer la nature sans jamais la contraindre : tel est le pari technique du programme.<\/strong><\/p>\n<p>Le brame du cerf \u00e9tant avant tout une musique nocturne, les cam\u00e9ras sont \u00e9quip\u00e9es de dispositifs infrarouges, capables de filmer sans perturber les animaux et sont install\u00e9es dans le respect le plus total de la for\u00eat. Depuis les arbres, le dispositif s\u2019efface pour laisser place \u00e0 la nature, sans impact humain. Une prouesse technique in\u00e9dite au service de la contemplation pens\u00e9e par un r\u00e9alisateur sp\u00e9cialis\u00e9 dans le documentaire animalier, passionn\u00e9 par sa rencontre avec la faune et familier de la for\u00eat de Rambouillet.<\/p>\n<p>Avec ce choix audacieux, France 3 Paris \u00cele-de-France illustre pleinement la mission du service public : offrir \u00e0 la fois d\u00e9couverte, information de proximit\u00e9 et exp\u00e9riences culturelles uniques.<\/p>\n<p>  <strong>Pour suivre ce slow TV brame du cerf<\/strong>  <\/p>\n<p><strong>France 3 Paris \u00cele-de-France\u00a0<\/strong><\/p>\n<ul>\n<li>Free \/ Orange\/ SFR \/ TNTSat : 319<\/li>\n<li>Bbox \/ Bouygues : 488<\/li>\n<li>Darty : 300<\/li>\n<li>CanalSat : 368<\/li>\n<li>Fransat : 317<\/li>\n<li>Num\u00e9ricable LaBox : 928<\/li>\n<li>Sans oublier le site Internet !<\/li>\n<\/ul>\n","protected":false},"excerpt":{"rendered":"Imaginez vous dans votre canap\u00e9 en train de suivre en direct le brame du cerf \u2026 c\u2019est une&hellip;\n","protected":false},"author":2,"featured_media":374987,"comment_status":"","ping_status":"","sticky":false,"template":"","format":"standard","meta":{"footnotes":""},"categories":[1592],"tags":[1111,11,1777,674,1011,27,662,12,626,25],"class_list":{"0":"post-374986","1":"post","2":"type-post","3":"status-publish","4":"format-standard","5":"has-post-thumbnail","7":"category-ile-de-france","8":"tag-actu","9":"tag-actualites","10":"tag-eu","11":"tag-europe","12":"tag-fr","13":"tag-france","14":"tag-ile-de-france","15":"tag-news","16":"tag-paris","17":"tag-republique-francaise"},"share_on_mastodon":{"url":"https:\/\/pubeurope.com\/@fr\/115168169417425150","error":""},"_links":{"self":[{"href":"https:\/\/www.europesays.com\/fr\/wp-json\/wp\/v2\/posts\/374986","targetHints":{"allow":["GET"]}}],"collection":[{"href":"https:\/\/www.europesays.com\/fr\/wp-json\/wp\/v2\/posts"}],"about":[{"href":"https:\/\/www.europesays.com\/fr\/wp-json\/wp\/v2\/types\/post"}],"author":[{"embeddable":true,"href":"https:\/\/www.europesays.com\/fr\/wp-json\/wp\/v2\/users\/2"}],"replies":[{"embeddable":true,"href":"https:\/\/www.europesays.com\/fr\/wp-json\/wp\/v2\/comments?post=374986"}],"version-history":[{"count":0,"href":"https:\/\/www.europesays.com\/fr\/wp-json\/wp\/v2\/posts\/374986\/revisions"}],"wp:featuredmedia":[{"embeddable":true,"href":"https:\/\/www.europesays.com\/fr\/wp-json\/wp\/v2\/media\/374987"}],"wp:attachment":[{"href":"https:\/\/www.europesays.com\/fr\/wp-json\/wp\/v2\/media?parent=374986"}],"wp:term":[{"taxonomy":"category","embeddable":true,"href":"https:\/\/www.europesays.com\/fr\/wp-json\/wp\/v2\/categories?post=374986"},{"taxonomy":"post_tag","embeddable":true,"href":"https:\/\/www.europesays.com\/fr\/wp-json\/wp\/v2\/tags?post=374986"}],"curies":[{"name":"wp","href":"https:\/\/api.w.org\/{rel}","templated":true}]}}