{"id":374988,"date":"2025-09-08T10:19:14","date_gmt":"2025-09-08T10:19:14","guid":{"rendered":"https:\/\/www.europesays.com\/fr\/374988\/"},"modified":"2025-09-08T10:19:14","modified_gmt":"2025-09-08T10:19:14","slug":"au-royaume-uni-les-migrants-et-les-associations-qui-les-defendent-sont-devenus-des-cibles","status":"publish","type":"post","link":"https:\/\/www.europesays.com\/fr\/374988\/","title":{"rendered":"au Royaume-Uni, les migrants et les associations qui les d\u00e9fendent sont devenus des cibles"},"content":{"rendered":"\n<p class=\"c-chapo \">\n  Pro et anti-migrants s&rsquo;affrontent dans des rassemblements de plus en plus violents au Royaume-Uni.\n<\/p>\n<p>            lire plus tard<\/p>\n<p id=\"dialog__title\" class=\"dialog__title\">Pour sauvegarder cet article, connectez-vous ou cr\u00e9ez un compte franceinfo<\/p>\n<p class=\"dialog__description\">Sans paiement. Sans abonnement.<\/p>\n<p>        Fermer la fen\u00eatre d\u2019activation des notifications France Info<\/p>\n<p>            cr\u00e9er votre compte<\/p>\n<p>            se connecter<\/p>\n<p>        Fermer la fen\u00eatre de pr\u00e9sentation<\/p>\n<p>    <img loading=\"lazy\" decoding=\"async\" class=\"signature__image lazyload\" width=\"100\" height=\"100\" data- alt=\"\" src=\"https:\/\/www.europesays.com\/fr\/wp-content\/uploads\/2025\/09\/joly-gaele-portrait-670e830c22339763206160.png\"\/><\/p>\n<p>    Publi\u00e9 le 08\/09\/2025 10:40<\/p>\n<p>        Temps de lecture : 2min<\/p>\n<p>    <img decoding=\"async\"  alt=\"Des manifestants anti-migrants \u00e0 Epping, le 31 ao\u00fbt 2025. (CHRIS J RATCLIFFE \/ AFP)\" width=\"432\" height=\"243\" src=\"https:\/\/www.europesays.com\/fr\/wp-content\/uploads\/2025\/09\/000-72yr493-1-68be7e95bc402224434133.jpg\" fetchpriority=\"high\"\/><\/p>\n<p>      Des manifestants anti-migrants \u00e0 Epping, le 31 ao\u00fbt 2025. (CHRIS J RATCLIFFE \/ AFP)<\/p>\n<p>Au Royaume-Uni, \u00e0 une semaine de la grande manifestation d&rsquo;extr\u00eame droite pr\u00e9vu, samedi 13 septembre, en plein c\u0153ur de Londres, des violences ont \u00e9maill\u00e9 les nouveaux rassemblements <a href=\"https:\/\/www.franceinfo.fr\/societe\/immigration\/retourne-d-ou-tu-viens-au-royaume-uni-une-emission-de-telerealite-fait-polemique-en-mettant-des-candidats-dans-la-peau-de-migrants_7056437.html\" rel=\"nofollow noopener\" target=\"_blank\">anti-migrants<\/a> qui ont eu lieu ce week-end. \u00c0 Epping, un h\u00f4tel a \u00e9t\u00e9 la cible de fumig\u00e8nes. Les migrants, mais aussi les associations qui les d\u00e9fendent, sont devenus des cibles.<\/p>\n<p>Dans la petite ville de Sutton au sud de Londres, en plein rassemblement antifascistes, des militants anti-migrants d\u00e9barquent avec leur drapeau rouge et blanc.<\/p>\n<blockquote class=\"twitter-tweet\">\n<p lang=\"fr\" dir=\"ltr\">Au \ud83c\uddec\ud83c\udde7, pro et anti-migrants s&rsquo;affrontent dans des rassemblements de plus en plus violents. Les ONG de d\u00e9fense des r\u00e9fugi\u00e9s se disent menac\u00e9es : \u00a0\u00bb Ils nous attaquent aussi. Il y a des gens qui ont peur. \u00ab\u00a0<br \/>\ud83d\udc49A Sutton, dans le sud de Londres, les deux camps se font face. <a href=\"https:\/\/t.co\/AZ8dmyNORW\" rel=\"nofollow\">pic.twitter.com\/AZ8dmyNORW<\/a><\/p>\n<p>\u2014 Ga\u00eble Joly (@gaele_joly) <a href=\"https:\/\/twitter.com\/gaele_joly\/status\/1964978610550472862?ref_src=twsrc%5Etfw\" rel=\"nofollow noopener\" target=\"_blank\">September 8, 2025<\/a><\/p><\/blockquote>\n<p>Tommy Olliver, qui vient de cr\u00e9er une branche de l&rsquo;association \u00ab\u00a0Debout contre le racisme\u00a0\u00bb dans sa ville de Sutton, serre les dents : \u00ab\u00a0Aujourd&rsquo;hui, ils ont attaqu\u00e9 un migrant et ils l&rsquo;ont jet\u00e9 \u00e0 terre. Ils nous attaquent aussi et nous nous sentons menac\u00e9s. Mais le probl\u00e8me, c&rsquo;est que nous devons rester group\u00e9s, c&rsquo;est le seul moyen d&rsquo;\u00eatre en s\u00e9curit\u00e9. Tout seuls, nous sommes une cible.\u00a0\u00bb<\/p>\n<p>\u00ab\u00a0Nous avons un service d&rsquo;ordre, nous avons pr\u00e9venu la police, poursuit Tommy Olliver. Et lorsque nous sommes ensemble, on est mieux prot\u00e9g\u00e9s. Il y a des gens qui ont peur. Mais je pense que la peur motive aussi les gens \u00e0 militer.\u00a0\u00bb \u00c0 l&rsquo;arri\u00e8re du cort\u00e8ge, une jeune r\u00e9fugi\u00e9e ose dire quelques mots malgr\u00e9 la peur : \u00ab\u00a0Bien s\u00fbr que je suis terrifi\u00e9e. C&rsquo;est hyper triste&#8230; Jusque-l\u00e0, je me sentais en s\u00e9curit\u00e9 dans la rue.\u00a0\u00bb<\/p>\n<blockquote class=\"ftvi_content_quote\">\n<p class=\"ftvi_citation_quote\">\u00ab\u00a0Vous allez vous promener au parc et vous \u00eates terrifi\u00e9 de sortir. Ce n&rsquo;\u00e9tait pas comme \u00e7a avant.\u00a0\u00bb<\/p>\n<p>Une jeune r\u00e9fugi\u00e9e<\/p>\n<p class=\"ftvi_citation_source\">\u00e0 franceinfo<\/p>\n<\/blockquote>\n<p>Avec sa pancarte \u00ab\u00a0Les r\u00e9fugi\u00e9s sont bienvenus ici\u00a0\u00bb,\u00a0Ali fustige la responsabilit\u00e9 du gouvernement travailliste : \u00ab\u00a0Je n&rsquo;arrive pas \u00e0 croire ce qui se passe ici en ce moment avec ces racistes de l&rsquo;extr\u00eame droite qui essayent de nous diviser, mais nous n&rsquo;allons pas laisser faire \u00e7a. Je suis un vieil homme, j&rsquo;ai vu \u00e7a avant mais la diff\u00e9rence l\u00e0, c&rsquo;est que les hommes politiques sont avec eux. C&rsquo;est \u00e7a la trag\u00e9die.\u00a0\u00bb Prochaine confrontation, samedi 13 septembre, en plein c\u0153ur de Londres o\u00f9 les deux camps ont appel\u00e9 \u00e0 manifester.<\/p>\n<p>\n          Au Royaume-Uni, les migrants et les associations qui les d\u00e9fendent sont devenus des cibles. Le reportage de Ga\u00eble Joly\n        <\/p>\n<p>\u00ab\u00a0&gt;<\/p>\n<p>            \u00e9couter (2min)<\/p>\n<p><script async src=\"https:\/\/platform.twitter.com\/widgets.js\" charset=\"utf-8\"><\/script><\/p>\n","protected":false},"excerpt":{"rendered":"Pro et anti-migrants s&rsquo;affrontent dans des rassemblements de plus en plus violents au Royaume-Uni. lire plus tard Pour&hellip;\n","protected":false},"author":2,"featured_media":374989,"comment_status":"","ping_status":"","sticky":false,"template":"","format":"standard","meta":{"footnotes":""},"categories":[1888],"tags":[1111,1928,11,1927,1777,674,1011,27,12,1926,626,1925,25],"class_list":{"0":"post-374988","1":"post","2":"type-post","3":"status-publish","4":"format-standard","5":"has-post-thumbnail","7":"category-paris","8":"tag-actu","9":"tag-actu-paris","10":"tag-actualites","11":"tag-actualites-paris","12":"tag-eu","13":"tag-europe","14":"tag-fr","15":"tag-france","16":"tag-news","17":"tag-news-paris","18":"tag-paris","19":"tag-paris-news","20":"tag-republique-francaise"},"share_on_mastodon":{"url":"https:\/\/pubeurope.com\/@fr\/115168173926621654","error":""},"_links":{"self":[{"href":"https:\/\/www.europesays.com\/fr\/wp-json\/wp\/v2\/posts\/374988","targetHints":{"allow":["GET"]}}],"collection":[{"href":"https:\/\/www.europesays.com\/fr\/wp-json\/wp\/v2\/posts"}],"about":[{"href":"https:\/\/www.europesays.com\/fr\/wp-json\/wp\/v2\/types\/post"}],"author":[{"embeddable":true,"href":"https:\/\/www.europesays.com\/fr\/wp-json\/wp\/v2\/users\/2"}],"replies":[{"embeddable":true,"href":"https:\/\/www.europesays.com\/fr\/wp-json\/wp\/v2\/comments?post=374988"}],"version-history":[{"count":0,"href":"https:\/\/www.europesays.com\/fr\/wp-json\/wp\/v2\/posts\/374988\/revisions"}],"wp:featuredmedia":[{"embeddable":true,"href":"https:\/\/www.europesays.com\/fr\/wp-json\/wp\/v2\/media\/374989"}],"wp:attachment":[{"href":"https:\/\/www.europesays.com\/fr\/wp-json\/wp\/v2\/media?parent=374988"}],"wp:term":[{"taxonomy":"category","embeddable":true,"href":"https:\/\/www.europesays.com\/fr\/wp-json\/wp\/v2\/categories?post=374988"},{"taxonomy":"post_tag","embeddable":true,"href":"https:\/\/www.europesays.com\/fr\/wp-json\/wp\/v2\/tags?post=374988"}],"curies":[{"name":"wp","href":"https:\/\/api.w.org\/{rel}","templated":true}]}}