{"id":374990,"date":"2025-09-08T10:20:09","date_gmt":"2025-09-08T10:20:09","guid":{"rendered":"https:\/\/www.europesays.com\/fr\/374990\/"},"modified":"2025-09-08T10:20:09","modified_gmt":"2025-09-08T10:20:09","slug":"meteo-a-paris-deja-le-debut-de-lautomne","status":"publish","type":"post","link":"https:\/\/www.europesays.com\/fr\/374990\/","title":{"rendered":"M\u00e9t\u00e9o \u00e0 Paris\u00a0: d\u00e9j\u00e0 le d\u00e9but de l\u2019automne"},"content":{"rendered":"<p>Pour ceux qui n&rsquo;auraient pas encore compris que <strong>les <a href=\"https:\/\/www.lebonbon.fr\/paris\/les-tops-spots\/50-lieux-vacances-paris\/\" rel=\"nofollow noopener\" target=\"_blank\">vacances sont bel et bien termin\u00e9es<\/a><\/strong>, la m\u00e9t\u00e9o de la semaine vient nous mettre une<strong> petite piq\u00fbre de rappel<\/strong>. Apr\u00e8s un <strong>week-end<\/strong> durant lequel les<strong> temp\u00e9ratures ont d\u00e9pass\u00e9 la barre des 30\u00b0C<\/strong>, on pr\u00e9f\u00e8re vous pr\u00e9venir, vous pouvez <strong>ranger lunettes de soleil et d\u00e9bardeurs <\/strong>au placard, et sortir en toute urgence les <strong>impers<\/strong> et les<strong> bottes de pluie.<\/strong><\/p>\n<p>&#13;<br \/>\n<br \/>Un d\u00e9but de semaine en douceur&#13;<\/p>\n<p>Bon, on est<strong> un peu catastrophistes<\/strong>, pour \u00eatre honn\u00eates, vous avez encore<strong> un peu de r\u00e9pit<\/strong> devant vous avant de vous <strong>prendre la flotte encore et encore<\/strong>. Lundi et mardi, le thermostat restera<strong> entre 20 et 25\u00b0C<\/strong>, et des <strong>\u00e9claircies<\/strong> seront m\u00eame attendues ce <strong>mardi 9 septembre <\/strong>en fin de matin\u00e9e et d\u00e9but d\u2019apr\u00e8s-midi. D\u00e8s <strong>mercredi<\/strong> cependant, histoire de marquer comme il se doit<strong> la journ\u00e9e noire <\/strong>qui nous attend suite \u00e0 la <a href=\"https:\/\/www.lebonbon.fr\/paris\/news\/metro-greves-septembre-paris\/\" rel=\"nofollow noopener\" target=\"_blank\"><strong>gr\u00e8ve nationale<\/strong><\/a>, la situation devrait <strong>se d\u00e9grader<\/strong>, avec une l\u00e9g\u00e8re<strong> chute des temp\u00e9ratures<\/strong>, et surtout une <strong>apparition de la pluie <\/strong>\u00e0 partir de la fin de journ\u00e9e.<\/p>\n<p>&#13;<\/p>\n<blockquote class=\"twitter-tweet\"><p>&#13;<\/p>\n<p lang=\"fr\" dir=\"ltr\">Le temps se g\u00e2te rapidement en \u00cele-de-France avec l&rsquo;apparition de quelques ond\u00e9es \u2614\ufe0f sur les <a href=\"https:\/\/twitter.com\/hashtag\/Yvelines?src=hash&amp;ref_src=twsrc%5Etfw\" rel=\"nofollow noopener\" target=\"_blank\">#Yvelines<\/a> et l&rsquo;<a href=\"https:\/\/twitter.com\/hashtag\/Essonne?src=hash&amp;ref_src=twsrc%5Etfw\" rel=\"nofollow noopener\" target=\"_blank\">#Essonne<\/a> (surtout des virgas = pluies n&rsquo;atteignant pas le sol).<br \/>Vid\u00e9o \ud83d\udcf9 <a href=\"https:\/\/t.co\/pIG411w4OD\" rel=\"nofollow\">https:\/\/t.co\/pIG411w4OD<\/a> vue depuis les tours de <a href=\"https:\/\/twitter.com\/hashtag\/Beaugrenelle?src=hash&amp;ref_src=twsrc%5Etfw\" rel=\"nofollow noopener\" target=\"_blank\">#Beaugrenelle<\/a> dans le 15e arrondissement de <a href=\"https:\/\/twitter.com\/hashtag\/Paris?src=hash&amp;ref_src=twsrc%5Etfw\" rel=\"nofollow noopener\" target=\"_blank\">#Paris<\/a>. <a href=\"https:\/\/t.co\/BSJ5qmGa5o\" rel=\"nofollow\">pic.twitter.com\/BSJ5qmGa5o<\/a><\/p>\n<p>&#13;<br \/>\n\u2014 Guillaume S\u00e9chet (@Meteovilles) <a href=\"https:\/\/twitter.com\/Meteovilles\/status\/1964704219279360082?ref_src=twsrc%5Etfw\" rel=\"nofollow noopener\" target=\"_blank\">September 7, 2025<\/a><\/p><\/blockquote>\n<p>&#13;<br \/>\n&#13;<br \/>\n<br \/>Une fin de semaine \u00e0 pleurer&#13;<\/p>\n<p>Et \u00e0 partir de l\u00e0, autant vous dire que <strong>nous irons de Charybde en Scylla<\/strong>. Toute la fin de semaine s\u2019annonce <strong>passablement d\u00e9sastreuse,<\/strong> avec des <strong>averses potentielles<\/strong> tous les jours, et une <strong>temp\u00e9rature maximale <\/strong>qui repassera <strong>en dessous des 20\u00b0C<\/strong> <strong>vendredi 12 et samedi 13 septembre<\/strong>. Et malheureusement, la catastrophe ne devrait pas s\u2019arr\u00eater l\u00e0, puisque les <strong>pr\u00e9cipitations<\/strong> pourraient se poursuivre au moins <strong>jusqu\u2019en milieu de semaine prochaine.<\/strong> Et m\u00eame si ces pr\u00e9visions m\u00e9t\u00e9orologiques peuvent bien \u00e9videmment<strong> \u00e9voluer dans les prochains jours,<\/strong> c\u2019est \u00e0 croire que cette ann\u00e9e 2025 n\u2019a qu\u2019un seul objectif en septembre\u00a0: <strong>battre les<a href=\"https:\/\/www.lebonbon.fr\/paris\/societe\/paris-record-historique-pluie-2024\/\" rel=\"nofollow noopener\" target=\"_blank\"> records de pluie exceptionnels<\/a> de l\u2019ann\u00e9e derni\u00e8re\u00a0!<\/strong><\/p>\n<p>&#13;<\/p>\n<blockquote class=\"twitter-tweet\"><p>&#13;<\/p>\n<p lang=\"fr\" dir=\"ltr\">Extr\u00eame la m\u00e9t\u00e9o actuellement sur Paris&#8230; <a href=\"https:\/\/t.co\/3KmyFQ0o2a\" rel=\"nofollow\">pic.twitter.com\/3KmyFQ0o2a<\/a><\/p>\n<p>&#13;<br \/>\n\u2014 Toya K \/ \u2601\ufe0f toya-k (@toya_k) <a href=\"https:\/\/twitter.com\/toya_k\/status\/1964940282442797161?ref_src=twsrc%5Etfw\" rel=\"nofollow noopener\" target=\"_blank\">September 8, 2025<\/a><\/p><\/blockquote>\n<p>&#13;<br \/>\n<script async src=\"https:\/\/platform.twitter.com\/widgets.js\" charset=\"utf-8\"><\/script><\/p>\n","protected":false},"excerpt":{"rendered":"Pour ceux qui n&rsquo;auraient pas encore compris que les vacances sont bel et bien termin\u00e9es, la m\u00e9t\u00e9o de&hellip;\n","protected":false},"author":2,"featured_media":374991,"comment_status":"","ping_status":"","sticky":false,"template":"","format":"standard","meta":{"footnotes":""},"categories":[1888],"tags":[1111,1928,11,1927,1777,674,1011,27,12,1926,626,1925,25],"class_list":{"0":"post-374990","1":"post","2":"type-post","3":"status-publish","4":"format-standard","5":"has-post-thumbnail","7":"category-paris","8":"tag-actu","9":"tag-actu-paris","10":"tag-actualites","11":"tag-actualites-paris","12":"tag-eu","13":"tag-europe","14":"tag-fr","15":"tag-france","16":"tag-news","17":"tag-news-paris","18":"tag-paris","19":"tag-paris-news","20":"tag-republique-francaise"},"share_on_mastodon":{"url":"https:\/\/pubeurope.com\/@fr\/115168177275872638","error":""},"_links":{"self":[{"href":"https:\/\/www.europesays.com\/fr\/wp-json\/wp\/v2\/posts\/374990","targetHints":{"allow":["GET"]}}],"collection":[{"href":"https:\/\/www.europesays.com\/fr\/wp-json\/wp\/v2\/posts"}],"about":[{"href":"https:\/\/www.europesays.com\/fr\/wp-json\/wp\/v2\/types\/post"}],"author":[{"embeddable":true,"href":"https:\/\/www.europesays.com\/fr\/wp-json\/wp\/v2\/users\/2"}],"replies":[{"embeddable":true,"href":"https:\/\/www.europesays.com\/fr\/wp-json\/wp\/v2\/comments?post=374990"}],"version-history":[{"count":0,"href":"https:\/\/www.europesays.com\/fr\/wp-json\/wp\/v2\/posts\/374990\/revisions"}],"wp:featuredmedia":[{"embeddable":true,"href":"https:\/\/www.europesays.com\/fr\/wp-json\/wp\/v2\/media\/374991"}],"wp:attachment":[{"href":"https:\/\/www.europesays.com\/fr\/wp-json\/wp\/v2\/media?parent=374990"}],"wp:term":[{"taxonomy":"category","embeddable":true,"href":"https:\/\/www.europesays.com\/fr\/wp-json\/wp\/v2\/categories?post=374990"},{"taxonomy":"post_tag","embeddable":true,"href":"https:\/\/www.europesays.com\/fr\/wp-json\/wp\/v2\/tags?post=374990"}],"curies":[{"name":"wp","href":"https:\/\/api.w.org\/{rel}","templated":true}]}}