{"id":374992,"date":"2025-09-08T10:21:13","date_gmt":"2025-09-08T10:21:13","guid":{"rendered":"https:\/\/www.europesays.com\/fr\/374992\/"},"modified":"2025-09-08T10:21:13","modified_gmt":"2025-09-08T10:21:13","slug":"10-09-2025-habiter-le-grand-paris-express-quelle-ambition-pour-les-quartiers-de-gare-conference","status":"publish","type":"post","link":"https:\/\/www.europesays.com\/fr\/374992\/","title":{"rendered":"10\/09\/2025 &#8211; Habiter le Grand Paris Express : quelle ambition pour les quartiers de gare ? Conf\u00e9rence"},"content":{"rendered":"<p class=\"page_article__subtitle\">\n<p>          Conf\u00e9rence<\/p>\n<p>          10 septembre 2025<\/p>\n<p>                                                                                     \u00e0                                 <\/p>\n<p>          19h00<\/p>\n<p>           Maison de l&rsquo;architecture \u00cele-de-France &#8211; 148 rue du Faubourg Saint-Martin, 75010 Paris<\/p>\n<p>La Soci\u00e9t\u00e9 des grands projets, en partenariat avec la Maison de l&rsquo;architecture \u00cele-de-France, organise une conf\u00e9rence pour questionner la mani\u00e8re dont les quartiers de gare du Grand Paris Express peuvent r\u00e9pondre aux enjeux urbains, environnementaux, sociaux et territoriaux actuels, en conciliant qualit\u00e9, durabilit\u00e9, r\u00e9silience et adaptation aux r\u00e9alit\u00e9s locales.<\/p>\n<p>            <img decoding=\"async\" loading=\"lazy\" src=\"https:\/\/www.europesays.com\/fr\/wp-content\/uploads\/2025\/09\/Monographie_ISS_1200_601.jpg\" width=\"1200\" height=\"601\" alt=\"Chantier de construction du b\u00e2timent de la gare et du \u00ab\u202fGrand Phare\u202f\u00bb d\u2019Issy r\u00e9alis\u00e9 par l\u2019agence Architecture Studio \u00a9 Brunet Saunier Architecture \/ 16Prod \/ Soci\u00e9t\u00e9 des grands projets\" title=\"Chantier de construction du b\u00e2timent de la gare et du \u00ab\u202fGrand Phare\u202f\u00bb d\u2019Issy r\u00e9alis\u00e9 par l\u2019agence Architecture Studio \u00a9 Brunet Saunier Architecture \/ 16Prod \/ Soci\u00e9t\u00e9 des grands projets\" class=\"image-style-_200-auto\"\/><\/p>\n<p>Avec la participation de :\u00a0<\/p>\n<p>\u2022 Pierre-Emmanuel Becherand, responsable de l\u2019architecture et de la culture, Soci\u00e9t\u00e9 des grands projets<br \/>\u2022 Jasmine Kenniche Le Nou\u00ebne, architecte, JKLN ARCHITECTE<br \/>\u2022 Alexandre Labasse, directeur de l\u2019Apur<br \/>\u2022 Christophe Millet pr\u00e9sident du Conseil national de l&rsquo;Ordre des architectes<br \/>\u2022 Jean-Francois Monteils, pr\u00e9sident du directoire de la Soci\u00e9t\u00e9 des grands projets<br \/>\u2022 L\u00e9a Mosconi, architecte et pr\u00e9sidente de la Maison de l&rsquo;architecture \u00cele-de-France\u00a0<br \/>\u2022 Julien Peyron, directeur ex\u00e9cutif des gares et de la ville, Soci\u00e9t\u00e9 des grands projets<br \/>\u2022 Catherine Sabbah, d\u00e9l\u00e9gu\u00e9e g\u00e9n\u00e9rale, IDHEAL<br \/>\u2022 Bas Smets, architecte du paysage, Bureau Bas Smets<\/p>\n<p>            <img decoding=\"async\" loading=\"lazy\" src=\"https:\/\/www.europesays.com\/fr\/wp-content\/uploads\/2025\/09\/Habiter le Grand Paris Express.jpg\" width=\"488\" height=\"488\" alt=\"Habiter le Grand Paris Express : quelle ambition pour les quartiers de gare ?\" title=\"Habiter le Grand Paris Express : quelle ambition pour les quartiers de gare ?\"\/><\/p>\n","protected":false},"excerpt":{"rendered":"Conf\u00e9rence 10 septembre 2025 \u00e0 19h00 Maison de l&rsquo;architecture \u00cele-de-France &#8211; 148 rue du Faubourg Saint-Martin, 75010 Paris&hellip;\n","protected":false},"author":2,"featured_media":374993,"comment_status":"","ping_status":"","sticky":false,"template":"","format":"standard","meta":{"footnotes":""},"categories":[1888],"tags":[11,1777,674,1011,27,12,626,25],"class_list":{"0":"post-374992","1":"post","2":"type-post","3":"status-publish","4":"format-standard","5":"has-post-thumbnail","7":"category-paris","8":"tag-actualites","9":"tag-eu","10":"tag-europe","11":"tag-fr","12":"tag-france","13":"tag-news","14":"tag-paris","15":"tag-republique-francaise"},"share_on_mastodon":{"url":"https:\/\/pubeurope.com\/@fr\/115168181240230223","error":""},"_links":{"self":[{"href":"https:\/\/www.europesays.com\/fr\/wp-json\/wp\/v2\/posts\/374992","targetHints":{"allow":["GET"]}}],"collection":[{"href":"https:\/\/www.europesays.com\/fr\/wp-json\/wp\/v2\/posts"}],"about":[{"href":"https:\/\/www.europesays.com\/fr\/wp-json\/wp\/v2\/types\/post"}],"author":[{"embeddable":true,"href":"https:\/\/www.europesays.com\/fr\/wp-json\/wp\/v2\/users\/2"}],"replies":[{"embeddable":true,"href":"https:\/\/www.europesays.com\/fr\/wp-json\/wp\/v2\/comments?post=374992"}],"version-history":[{"count":0,"href":"https:\/\/www.europesays.com\/fr\/wp-json\/wp\/v2\/posts\/374992\/revisions"}],"wp:featuredmedia":[{"embeddable":true,"href":"https:\/\/www.europesays.com\/fr\/wp-json\/wp\/v2\/media\/374993"}],"wp:attachment":[{"href":"https:\/\/www.europesays.com\/fr\/wp-json\/wp\/v2\/media?parent=374992"}],"wp:term":[{"taxonomy":"category","embeddable":true,"href":"https:\/\/www.europesays.com\/fr\/wp-json\/wp\/v2\/categories?post=374992"},{"taxonomy":"post_tag","embeddable":true,"href":"https:\/\/www.europesays.com\/fr\/wp-json\/wp\/v2\/tags?post=374992"}],"curies":[{"name":"wp","href":"https:\/\/api.w.org\/{rel}","templated":true}]}}