{"id":374996,"date":"2025-09-08T10:23:11","date_gmt":"2025-09-08T10:23:11","guid":{"rendered":"https:\/\/www.europesays.com\/fr\/374996\/"},"modified":"2025-09-08T10:23:11","modified_gmt":"2025-09-08T10:23:11","slug":"diplomatie-un-francais-arrete-et-place-en-detention-provisoire-en-russie","status":"publish","type":"post","link":"https:\/\/www.europesays.com\/fr\/374996\/","title":{"rendered":"Diplomatie. Un Fran\u00e7ais arr\u00eat\u00e9 et plac\u00e9 en d\u00e9tention provisoire en Russie"},"content":{"rendered":"<p>Un ressortissant fran\u00e7ais, dont l&rsquo;identit\u00e9 n&rsquo;a pas \u00e9t\u00e9 r\u00e9v\u00e9l\u00e9e, a \u00e9t\u00e9 arr\u00eat\u00e9 en Russie et plac\u00e9 en d\u00e9tention provisoire, a-t-on appris ce lundi de sources diplomatiques.<\/p>\n<p>\u00ab Nous avons \u00e9t\u00e9 inform\u00e9s de l&rsquo;arrestation et du placement en d\u00e9tention provisoire de l&rsquo;un de nos ressortissants en Russie, dans la r\u00e9gion de l&rsquo;Extr\u00eame-Orient russe \u00bb, ont indiqu\u00e9 ces sources, sans pr\u00e9ciser la date et les circonstances de son arrestation.<\/p>\n<p>Plus d&rsquo;informations \u00e0 suivre<\/p>\n","protected":false},"excerpt":{"rendered":"Un ressortissant fran\u00e7ais, dont l&rsquo;identit\u00e9 n&rsquo;a pas \u00e9t\u00e9 r\u00e9v\u00e9l\u00e9e, a \u00e9t\u00e9 arr\u00eat\u00e9 en Russie et plac\u00e9 en d\u00e9tention&hellip;\n","protected":false},"author":2,"featured_media":374997,"comment_status":"","ping_status":"","sticky":false,"template":"","format":"standard","meta":{"footnotes":""},"categories":[1591],"tags":[11,3206,1887,107,329,12,1885,1886,132],"class_list":{"0":"post-374996","1":"post","2":"type-post","3":"status-publish","4":"format-standard","5":"has-post-thumbnail","7":"category-russie","8":"tag-actualites","9":"tag-defense-guerre-conflit","10":"tag-federation-de-russie","11":"tag-fil-info","12":"tag-france-monde","13":"tag-news","14":"tag-russia","15":"tag-russian-federation","16":"tag-russie"},"share_on_mastodon":{"url":"https:\/\/pubeurope.com\/@fr\/115168189105813453","error":""},"_links":{"self":[{"href":"https:\/\/www.europesays.com\/fr\/wp-json\/wp\/v2\/posts\/374996","targetHints":{"allow":["GET"]}}],"collection":[{"href":"https:\/\/www.europesays.com\/fr\/wp-json\/wp\/v2\/posts"}],"about":[{"href":"https:\/\/www.europesays.com\/fr\/wp-json\/wp\/v2\/types\/post"}],"author":[{"embeddable":true,"href":"https:\/\/www.europesays.com\/fr\/wp-json\/wp\/v2\/users\/2"}],"replies":[{"embeddable":true,"href":"https:\/\/www.europesays.com\/fr\/wp-json\/wp\/v2\/comments?post=374996"}],"version-history":[{"count":0,"href":"https:\/\/www.europesays.com\/fr\/wp-json\/wp\/v2\/posts\/374996\/revisions"}],"wp:featuredmedia":[{"embeddable":true,"href":"https:\/\/www.europesays.com\/fr\/wp-json\/wp\/v2\/media\/374997"}],"wp:attachment":[{"href":"https:\/\/www.europesays.com\/fr\/wp-json\/wp\/v2\/media?parent=374996"}],"wp:term":[{"taxonomy":"category","embeddable":true,"href":"https:\/\/www.europesays.com\/fr\/wp-json\/wp\/v2\/categories?post=374996"},{"taxonomy":"post_tag","embeddable":true,"href":"https:\/\/www.europesays.com\/fr\/wp-json\/wp\/v2\/tags?post=374996"}],"curies":[{"name":"wp","href":"https:\/\/api.w.org\/{rel}","templated":true}]}}