{"id":375000,"date":"2025-09-08T10:25:14","date_gmt":"2025-09-08T10:25:14","guid":{"rendered":"https:\/\/www.europesays.com\/fr\/375000\/"},"modified":"2025-09-08T10:25:14","modified_gmt":"2025-09-08T10:25:14","slug":"donald-trump-en-fin-de-lopen-des-etats-unis-2022","status":"publish","type":"post","link":"https:\/\/www.europesays.com\/fr\/375000\/","title":{"rendered":"Donald Trump en fin de l&rsquo;Open des \u00c9tats-Unis 2022"},"content":{"rendered":"<p>ARTA &#8211; La pr\u00e9sence de Donald Trump en finale de l\u2019Open US 2022 a suscit\u00e9 le chaos et rend le monde du tennis furieux.<\/p>\n<p>Carlos Alcaraz pourrait avoir montr\u00e9 sa performance la plus clinique jusqu\u2019\u00e0 pr\u00e9sent &#8211; battant Jannik Sinner dans un combat \u00e0 quatre sets &#8211; avec un score de 6-2, 3-6, 61, et 6-4 pour remporter son sixi\u00e8me titre du Grand Chelem le lundi 8 septembre 2025, t\u00f4t le matin WIB, au stade Arthur Ashe, Flushing Meadows.<\/p>\n<p>f lui a permis de cl\u00f4turer cette saison avec deux titres du Grand Chelem, dont un \u00e0 l\u2019Open Fran\u00e7ais (Roland Garros), et de remporter le 1er rang du monde contre Sinner.<\/p>\n<p>castique Alcaraz a d\u00e9sormais un record de 6-1 en finale du Grand Chelem et a \u00e9t\u00e9 extraordinair d\u2019avoir remport\u00e9 six titres du Grand Chelem \u00e0 l\u2019\u00e2ge de 22 ans, ce qui en fait le deuxi\u00e8me plus jeune joueur de tennis \u00e0 atteindre ce r\u00e9sultat apr\u00e8s le su\u00e9dois Banya Borg.<\/p>\n<p>cez Alcaraz et Sinner ont remport\u00e9 tous les titres du Grand Chelem au cours des deux derni\u00e8res ann\u00e9es. Alcaraz a remport\u00e9 une rencontre record avec erron 10-5 et a maintenant remport\u00e9 sept des huit derniers matches.<\/p>\n<p>ero a ensuite cl\u00f4tur\u00e9 le match en moins de trois heures.<\/p>\n<p>\u00bb Je veux commencer avec Jannik. C\u2019est incroyable ce que vous avez fait tout au long de cette saison. Un grand niveau dans chaque tournoi que vous suivez. \u00bb<\/p>\n<p>\u00ab Je vous vois plus que ma famille \u00bb, a d\u00e9clar\u00e9 Alcaraz dans son discours gagnant en classe.<\/p>\n<p>Toutefois, la pr\u00e9sence du pr\u00e9sident am\u00e9ricain Donald Trump au parti attendu a saisi l\u2019atmosph\u00e8re finale.<\/p>\n<p>ar alcaraz marchait sur les tribunes pour c\u00e9l\u00e9brer la victoire avec son \u00e9quipe, les cam\u00e9ras ont captur\u00e9 le pr\u00e9sident Donald Trump qui semblait moins enthousiaste \u00e0 propos des r\u00e9sultats du match.<\/p>\n<p>Auparavant, l\u2019arriv\u00e9e de Trump en finale de l\u2019Open des \u00c9tats-Unis de 2025 perturberait \u00e9galement le calendrier du match.<\/p>\n<p>Trump &#8211; s&rsquo;est abattue sur les l\u00e8vres sans \u00eatre vu tapageur alors que le public l&rsquo;a salu\u00e9 &#8211; a fix\u00e9 le calendrier du match \u00e0 une demi-heure en raison des mesures de s\u00e9curit\u00e9 suppl\u00e9mentaires impos\u00e9es \u00e0 la suite de sa pr\u00e9sence.<\/p>\n<p>Alcaraz et Sinner ont cr\u00e9\u00e9 une comp\u00e9tition qui a commenc\u00e9 \u00e0 aller au-del\u00e0 du sport, mais les pr\u00e9paratifs de la finale ont \u00e9t\u00e9 contrecarr\u00e9s par le retour de Trump aux Meadows pour la premi\u00e8re fois depuis 2015.<\/p>\n<p>, des mesures de s\u00e9curit\u00e9 suppl\u00e9mentaires sont mises en \u0153uvre, y compris des sc\u00e8nes \u00e0 l\u2019a\u00e9roport en dehors du stade Arthur Ashe, ce qui a caus\u00e9 de longues tra\u00een\u00e9es pour les fans et a retard\u00e9 le match.<\/p>\n<p>al &#8211; qui est habitu\u00e9 aux retards habituels caus\u00e9s par la m\u00e9t\u00e9o &#8211; continuent d\u2019\u00e9chauffer \u00e0 l\u2019int\u00e9rieur du stade, avec Alcaraz effectuant une rotation de la m\u00e2choire sur la matrace de la salle de sport et Sinner jouant \u00e0 un mini-football avec son \u00e9quipe.<\/p>\n<p>cottes de la blague<\/p>\n<p>Trump &#8211; un milliardaire n\u00e9 \u00e0 New York &#8211; s&rsquo;est joint \u00e0 un certain nombre d&rsquo;autres c\u00e9l\u00e9brit\u00e9s qui ont assist\u00e9 au combat entre Sinner et Alcaraz.<\/p>\n<p>r\u00e9nateur principal du tournoi de Rolex a accueilli Trump sur les stands de son stade, avec le pr\u00e9sident un apparition bient\u00f4t avec le directeur de l\u2019Open am\u00e9ricain et le ministre des Finances am\u00e9ricain Scott Bessent.<\/p>\n<p>castique : L&rsquo;invitation du fabricant de montres de luxe intervient apr\u00e8s que Trump a impos\u00e9 des tarifs de 39% sur la Suisse dans le cadre de sa guerre commerciale, l&rsquo;un des tarifs les plus \u00e9lev\u00e9s impos\u00e9s aux partenaires commerciaux am\u00e9ricains.<\/p>\n<p>, quand il est revenu avant la sortie du chant am\u00e9ricain, il s&rsquo;est poignard\u00e9 sur le public, qui l&rsquo;a accueillie avec \u00e9cho et \u00e9claboussement.<\/p>\n<p>ina : les fans sont en col\u00e8re contre la pr\u00e9sence de Trump parce qu&rsquo;il est toujours coinc\u00e9 dans les plaques \u00e0 l&rsquo;ext\u00e9rieur du stade, tandis que le match s&rsquo;est d\u00e9roul\u00e9 avec de nombreuses si\u00e8ges de stands vides.<\/p>\n<p>\u00ab Le stade n\u2019est pas encore \u00e0 moiti\u00e9 rempli. C\u2019est chaotique. C\u2019est vraiment honteux pour tous ceux qui sont impliqu\u00e9s \u00bb, a d\u00e9clar\u00e9 le commanant du tennis Jos\u00e9 orado.<\/p>\n<p>Trump a aussi \u00e9t\u00e9 accueilli par des journalistes de tennis et des radiodiffuseurs.<\/p>\n<p>ronyme : \u00ab Des milliers de personnes sont pi\u00e9g\u00e9es \u00e0 l\u2019ext\u00e9rieur du stade Arthur Ashe en attendant d\u2019\u00eatre contr\u00f4l\u00e9es de s\u00e9curit\u00e9. Imaginez de payer un billet pour cette finale et de passer le premier set (au moins) en s\u2019arr\u00eatant \u00e0 l\u2019ext\u00e9rieur tout en d\u00e9filant vers l\u2019avant \u00bb, a d\u00e9clar\u00e9 le reporter du tennis James Gray.<\/p>\n<p>irie contre Trump censur\u00e9e<\/p>\n<p>, toute la frustration et l\u2019ins\u00e9curit\u00e9 du public contre Trump ne sont pas visibles \u00e0 l\u2019\u00e9cran de la t\u00e9l\u00e9vision. La question, il s\u2019av\u00e8re que l\u2019\u00e9mission a \u00e9t\u00e9 invit\u00e9 \u00e0 censurer le pr\u00e9sident.<\/p>\n<p>ronyme : Une intervention m\u00e9diatique am\u00e9ricaine affirme que la r\u00e9action n\u00e9gative \u00e0 Trump n&rsquo;a pas \u00e9t\u00e9 diffus\u00e9e \u00e9tait une instruction des organisateurs.<\/p>\n<p>, Alcaraz a d\u00e9clar\u00e9 vendredi 5 septembre 2025, qu\u2019il pr\u00e9voyait d\u2019essayer de ne pas penser au silence de Trump sur les tribunes, mais d\u2019appr\u00e9cier l\u2019attention qui serait accord\u00e9e par sa pr\u00e9sence au sport.<\/p>\n<p>\u00bb Je ne veux pas \u00eatre nerveux pour cela, mais je pense que participer \u00e0 un match de tennis est tr\u00e8s bon pour le tennis en pr\u00e9sence du pr\u00e9sident en finale. \u00bb<\/p>\n<p>ronyme : le dernier pr\u00e9sident \u00e0 le Grand Chelem \u00e0 New York &#8211; et le premier \u00e0 se rendre \u00e0 l&rsquo;Open des \u00c9tats-Unis &#8211; \u00e9tait Bill Clinton du Parti d\u00e9mocrate, qui assistait \u00e0 la finale du secteur f\u00e9minin en 2000.<\/p>\n<p>Trump \u00e9tait aussi l\u00e0 et a tenu une rencontre chaleureuse avec Clinton, selon les photos de la r\u00e9union.<\/p>\n<p>Trump a assist\u00e9 \u00e0 une s\u00e9rie d\u2019\u00e9v\u00e9nements sportifs r\u00e9guliers depuis son retour en fonction en janvier 2025.<\/p>\n<p>r\u00e9e parmi les principaux \u00e9v\u00e9nements sportifs qu\u2019il a visit\u00e9s comprennent la Coupe du monde interclubs 2025 \u00e0 New Jersey. \u00c0 cette \u00e9poque, Trump \u00e9tait \u00e9galement mis \u00e0 l\u2019encontre.<\/p>\n<p>il\u00e9e contre le Super Bowl, l\u2019UFC et la course Nascar Daytona 500, qu\u2019il a re\u00e7u un accueil plus chaleureux.<\/p>\n<p>Trump a d\u00e9clar\u00e9 qu\u2019il pr\u00e9voyait \u00e9galement d\u2019assister au premier jour de la Ryder Cup (tournoi de golf) plus tard ce mois-ci, alors que les pr\u00e9paratifs \u00e9taient en cours pour accueillir les matchs de l\u2019UFC \u00e0 la Maison Blanche.<\/p>\n<p>devrait retourner dans la ville pour assister \u00e0 un match de baseball \u00e0 comm\u00e9moration des attaques du 11 septembre 2001, et s\u2019est prononc\u00e9 \u00e0 l\u2019Assembl\u00e9e g\u00e9n\u00e9rale des Nations Unies le 23 septembre 2025.<\/p>\n<p>The English, Chinese, Japanese, Arabic, and French versions are automatically generated by the AI. So there may still be inaccuracies in translating, please always see Indonesian as our main language.<br \/>\n                                    (system supported by DigitalSiber.id)<\/p>\n","protected":false},"excerpt":{"rendered":"ARTA &#8211; La pr\u00e9sence de Donald Trump en finale de l\u2019Open US 2022 a suscit\u00e9 le chaos et&hellip;\n","protected":false},"author":2,"featured_media":375001,"comment_status":"","ping_status":"","sticky":false,"template":"","format":"standard","meta":{"footnotes":""},"categories":[1589],"tags":[11,7779,75,73,1866,50903,20859,12,1325,50901,1467,1864,1865,1863,50902,308],"class_list":{"0":"post-375000","1":"post","2":"type-post","3":"status-publish","4":"format-standard","5":"has-post-thumbnail","7":"category-etats-unis","8":"tag-actualites","9":"tag-carlos-alcaraz","10":"tag-donald-trump","11":"tag-etats-unis","12":"tag-etats-unis-damerique","13":"tag-grand-slam","14":"tag-jannik-sinner","15":"tag-news","16":"tag-president-des-etats-unis","17":"tag-president-donald-trump","18":"tag-tennis","19":"tag-united-states","20":"tag-united-states-of-america","21":"tag-us","22":"tag-us-open-2025","23":"tag-usa"},"share_on_mastodon":{"url":"https:\/\/pubeurope.com\/@fr\/115168196893221291","error":""},"_links":{"self":[{"href":"https:\/\/www.europesays.com\/fr\/wp-json\/wp\/v2\/posts\/375000","targetHints":{"allow":["GET"]}}],"collection":[{"href":"https:\/\/www.europesays.com\/fr\/wp-json\/wp\/v2\/posts"}],"about":[{"href":"https:\/\/www.europesays.com\/fr\/wp-json\/wp\/v2\/types\/post"}],"author":[{"embeddable":true,"href":"https:\/\/www.europesays.com\/fr\/wp-json\/wp\/v2\/users\/2"}],"replies":[{"embeddable":true,"href":"https:\/\/www.europesays.com\/fr\/wp-json\/wp\/v2\/comments?post=375000"}],"version-history":[{"count":0,"href":"https:\/\/www.europesays.com\/fr\/wp-json\/wp\/v2\/posts\/375000\/revisions"}],"wp:featuredmedia":[{"embeddable":true,"href":"https:\/\/www.europesays.com\/fr\/wp-json\/wp\/v2\/media\/375001"}],"wp:attachment":[{"href":"https:\/\/www.europesays.com\/fr\/wp-json\/wp\/v2\/media?parent=375000"}],"wp:term":[{"taxonomy":"category","embeddable":true,"href":"https:\/\/www.europesays.com\/fr\/wp-json\/wp\/v2\/categories?post=375000"},{"taxonomy":"post_tag","embeddable":true,"href":"https:\/\/www.europesays.com\/fr\/wp-json\/wp\/v2\/tags?post=375000"}],"curies":[{"name":"wp","href":"https:\/\/api.w.org\/{rel}","templated":true}]}}