{"id":375018,"date":"2025-09-08T10:36:15","date_gmt":"2025-09-08T10:36:15","guid":{"rendered":"https:\/\/www.europesays.com\/fr\/375018\/"},"modified":"2025-09-08T10:36:15","modified_gmt":"2025-09-08T10:36:15","slug":"alcaraz-a-ete-sans-pitie-face-a-sinner-pour-son-6e-grand-chelem-le-resume-2","status":"publish","type":"post","link":"https:\/\/www.europesays.com\/fr\/375018\/","title":{"rendered":"Alcaraz a \u00e9t\u00e9 sans piti\u00e9 face \u00e0 Sinner pour son 6e Grand Chelem, le r\u00e9sum\u00e9"},"content":{"rendered":"<p class=\"app_entry_lead\">\n<p>                    <a title=\"\" href=\"https:\/\/www.europesays.com\/fr\/wp-content\/uploads\/2025\/09\/79945450.jpg\" class=\"fancy\"><\/p>\n<p>                            <img loading=\"lazy\" decoding=\"async\" src=\"https:\/\/www.europesays.com\/fr\/wp-content\/uploads\/2025\/09\/79945450.jpg\" alt=\"US Open\u00a0: Alcaraz a \u00e9t\u00e9 sans piti\u00e9 face \u00e0 Sinner pour son 6e Grand Chelem, le r\u00e9sum\u00e9\" width=\"1500\" height=\"1000\"\/><\/p>\n<p>                    <\/a><\/p>\n<p>                Le dernier tournoi du Grand Chelem s&rsquo;est d\u00e9roul\u00e9 du 24\u00a0ao\u00fbt au 7\u00a0septembre et a vu le sacre de Sabalenka et Alcaraz.<\/p>\n<p>Sommaire<\/p>\n<p>L&rsquo;US Open connait\u00a0ses deux vainqueurs. Chez les hommes,\u00a0Carlos Alcaraz a domin\u00e9\u00a0Jannik Sinner dans une finale renversante (6-2 3-6 6-1 6-4). Chez les femmes, Aryna Sabalenka a remport\u00e9 son premier Grand Chelem de la saison 2025 face \u00e0 Amanda Anisimova apr\u00e8s deux finales perdues. Dans le tableau masculin donc,\u00a0N\u00b02\u00a0mondial avant la finale,\u00a0Carlos Alcaraz a\u00a0remport\u00e9 ce dimanche 7 septembre l&rsquo;US Open 2025\u00a0! L&rsquo;Espagnol a battu Jannik Sinner, tenant du titre et num\u00e9ro 1\u00a0du classement ATP\u00a0(6-2\u00a03-6\u00a06-1\u00a06-4). \u00a0Il a d\u00e9croch\u00e9\u00a0son\u00a0sixi\u00e8me Grand Chelem\u00a0et son\u00a0deuxi\u00e8me US Open, tout en retrouvant la\u00a0place de num\u00e9ro 1\u00a0mondial. D\u00e8s les premiers coups de raquette de cette finale, le vainqueur du Roland-Garros 2025\u00a0a pris le dessus dans les \u00e9changes, un avantage qu&rsquo;il ne laissera jamais malgr\u00e9 la perte de la seconde manche.\u00a0Omnipr\u00e9sent, impressionnant, Carlos Alcaraz n&rsquo;a jamais \u00e9t\u00e9 r\u00e9ellement inqui\u00e9t\u00e9. S&rsquo;il a brill\u00e9 par la puissance de ses coups, l&rsquo;Espagnol a surtout mis le n\u00b01\u00a0mondial en difficult\u00e9 par\u00a0la vari\u00e9t\u00e9 de son jeu, la pr\u00e9cision de ses coups droits et sa qualit\u00e9 de service. Malgr\u00e9 sa r\u00e9sistance, notamment au deuxi\u00e8me set, Jannik Sinner\u00a0a \u00e9t\u00e9 m\u00e9connaissable. Sur un nuage, Carlos Alcaraz a remport\u00e9 son 6e titre du Grand Chelem, rejoignant Bj\u00f6rn Borg et Rafael Nadal comme d\u00e9tenteur de six titres avant 23\u00a0ans. Nul doute que le joueur transalpin aura sa revanche la saison prochaine. En attendant, il a perdu \u00e9galement le tr\u00f4ne du classement ATP ce dimanche soir.<\/p>\n<p>D\u00e9couvrez tous les r\u00e9sultats du tableau masculin de l&rsquo;US Open 2025 avec le sacre de l&rsquo;Espagnol Carlos Alcaraz.<\/p>\n<p>\u00a0<\/p>\n<p>\u00a0<\/p>\n<p>D\u00e9couvrez tous les r\u00e9sultats du tableau femmes de l&rsquo;US Open 2025 avec le sacre de la Bi\u00e9lorusse Aryna Sabalenka face \u00e0 la surprise am\u00e9ricaine Anisimova.<\/p>\n","protected":false},"excerpt":{"rendered":"Le dernier tournoi du Grand Chelem s&rsquo;est d\u00e9roul\u00e9 du 24\u00a0ao\u00fbt au 7\u00a0septembre et a vu le sacre de&hellip;\n","protected":false},"author":2,"featured_media":374899,"comment_status":"","ping_status":"","sticky":false,"template":"","format":"standard","meta":{"footnotes":""},"categories":[1415],"tags":[1011,27,60,1467],"class_list":{"0":"post-375018","1":"post","2":"type-post","3":"status-publish","4":"format-standard","5":"has-post-thumbnail","7":"category-tennis","8":"tag-fr","9":"tag-france","10":"tag-sports","11":"tag-tennis"},"share_on_mastodon":{"url":"https:\/\/pubeurope.com\/@fr\/115168240206140941","error":""},"_links":{"self":[{"href":"https:\/\/www.europesays.com\/fr\/wp-json\/wp\/v2\/posts\/375018","targetHints":{"allow":["GET"]}}],"collection":[{"href":"https:\/\/www.europesays.com\/fr\/wp-json\/wp\/v2\/posts"}],"about":[{"href":"https:\/\/www.europesays.com\/fr\/wp-json\/wp\/v2\/types\/post"}],"author":[{"embeddable":true,"href":"https:\/\/www.europesays.com\/fr\/wp-json\/wp\/v2\/users\/2"}],"replies":[{"embeddable":true,"href":"https:\/\/www.europesays.com\/fr\/wp-json\/wp\/v2\/comments?post=375018"}],"version-history":[{"count":0,"href":"https:\/\/www.europesays.com\/fr\/wp-json\/wp\/v2\/posts\/375018\/revisions"}],"wp:featuredmedia":[{"embeddable":true,"href":"https:\/\/www.europesays.com\/fr\/wp-json\/wp\/v2\/media\/374899"}],"wp:attachment":[{"href":"https:\/\/www.europesays.com\/fr\/wp-json\/wp\/v2\/media?parent=375018"}],"wp:term":[{"taxonomy":"category","embeddable":true,"href":"https:\/\/www.europesays.com\/fr\/wp-json\/wp\/v2\/categories?post=375018"},{"taxonomy":"post_tag","embeddable":true,"href":"https:\/\/www.europesays.com\/fr\/wp-json\/wp\/v2\/tags?post=375018"}],"curies":[{"name":"wp","href":"https:\/\/api.w.org\/{rel}","templated":true}]}}