{"id":375021,"date":"2025-09-08T10:38:12","date_gmt":"2025-09-08T10:38:12","guid":{"rendered":"https:\/\/www.europesays.com\/fr\/375021\/"},"modified":"2025-09-08T10:38:12","modified_gmt":"2025-09-08T10:38:12","slug":"bastianini-soffre-son-premier-podium-avec-ktm","status":"publish","type":"post","link":"https:\/\/www.europesays.com\/fr\/375021\/","title":{"rendered":"Bastianini s\u2019offre son premier podium avec KTM"},"content":{"rendered":"<p>&#13;<\/p>\n<p><strong>Troisi\u00e8me \u00e0 l\u2019arriv\u00e9e du Grand Prix de Catalogne, Enea Bastianini d\u00e9croche son meilleur r\u00e9sultat de la saison avec KTM.<\/strong><\/p>\n<p>Enea Bastianini s&rsquo;est illustr\u00e9 lors du Grand Prix de Catalogne. Depuis la neuvi\u00e8me place sur la grille, le pilote Tech3 est rapidement remont\u00e9 le peloton pour s\u2019installer dans le groupe de t\u00eate, o\u00f9 il a su g\u00e9rer l&rsquo;usure des pneus. <\/p>\n<p>Troisi\u00e8me sous le drapeau \u00e0 damier, il signe ainsi son premier podium de la saison  et son meilleur r\u00e9sultat depuis son arriv\u00e9e chez KTM. \u00ab\u202fCe podium \u00e9tait tr\u00e8s solide pour moi, a-t-il pr\u00e9cis\u00e9. J\u2019ai tout donn\u00e9 aujourd\u2019hui et \u00e0 un moment, j\u2019ai m\u00eame pens\u00e9 \u00e0 la victoire\u2026 mais c\u2019\u00e9tait impossible de rattraper les deux pilotes devant. Quoi qu\u2019il en soit, je suis tr\u00e8s content. C\u2019est mon premier podium de l\u2019ann\u00e9e et toute l\u2019\u00e9quipe a fait du bon travail \u00bb,<\/p>\n<p>Ce podium vient s&rsquo;ajouter \u00e0 une dynamique positive de l&rsquo;usine KTM, qui a toujours compt\u00e9 au moins un de ses repr\u00e9sentants dans le Top 4 depuis Brno. Prochain rendez-vous : Misano, circuit du calendrier o\u00f9 Bastianini cumule le plus de podiums en MotoGP (5). <\/p>\n<p>&#13;<br \/>\n           &#13;<br \/>\n&#13;<br \/>\n    &#13;<br \/>\n    &#13;<\/p>\n","protected":false},"excerpt":{"rendered":"&#13; Troisi\u00e8me \u00e0 l\u2019arriv\u00e9e du Grand Prix de Catalogne, Enea Bastianini d\u00e9croche son meilleur r\u00e9sultat de la saison&hellip;\n","protected":false},"author":2,"featured_media":375022,"comment_status":"","ping_status":"","sticky":false,"template":"","format":"standard","meta":{"footnotes":""},"categories":[1413],"tags":[1011,27,1457,1456,60],"class_list":{"0":"post-375021","1":"post","2":"type-post","3":"status-publish","4":"format-standard","5":"has-post-thumbnail","7":"category-moto","8":"tag-fr","9":"tag-france","10":"tag-moto","11":"tag-motocycle","12":"tag-sports"},"share_on_mastodon":{"url":"https:\/\/pubeurope.com\/@fr\/115168248107263713","error":""},"_links":{"self":[{"href":"https:\/\/www.europesays.com\/fr\/wp-json\/wp\/v2\/posts\/375021","targetHints":{"allow":["GET"]}}],"collection":[{"href":"https:\/\/www.europesays.com\/fr\/wp-json\/wp\/v2\/posts"}],"about":[{"href":"https:\/\/www.europesays.com\/fr\/wp-json\/wp\/v2\/types\/post"}],"author":[{"embeddable":true,"href":"https:\/\/www.europesays.com\/fr\/wp-json\/wp\/v2\/users\/2"}],"replies":[{"embeddable":true,"href":"https:\/\/www.europesays.com\/fr\/wp-json\/wp\/v2\/comments?post=375021"}],"version-history":[{"count":0,"href":"https:\/\/www.europesays.com\/fr\/wp-json\/wp\/v2\/posts\/375021\/revisions"}],"wp:featuredmedia":[{"embeddable":true,"href":"https:\/\/www.europesays.com\/fr\/wp-json\/wp\/v2\/media\/375022"}],"wp:attachment":[{"href":"https:\/\/www.europesays.com\/fr\/wp-json\/wp\/v2\/media?parent=375021"}],"wp:term":[{"taxonomy":"category","embeddable":true,"href":"https:\/\/www.europesays.com\/fr\/wp-json\/wp\/v2\/categories?post=375021"},{"taxonomy":"post_tag","embeddable":true,"href":"https:\/\/www.europesays.com\/fr\/wp-json\/wp\/v2\/tags?post=375021"}],"curies":[{"name":"wp","href":"https:\/\/api.w.org\/{rel}","templated":true}]}}