{"id":375025,"date":"2025-09-08T10:40:13","date_gmt":"2025-09-08T10:40:13","guid":{"rendered":"https:\/\/www.europesays.com\/fr\/375025\/"},"modified":"2025-09-08T10:40:13","modified_gmt":"2025-09-08T10:40:13","slug":"cyclisme-tour-de-grande-bretagne-la-derniere-course-de-geraint-thomas-je-suis-emu","status":"publish","type":"post","link":"https:\/\/www.europesays.com\/fr\/375025\/","title":{"rendered":"Cyclisme. Tour de Grande-Bretagne &#8211; La derni\u00e8re course de Geraint Thomas : \u00abJe suis \u00e9mu&#8230;\u00bb"},"content":{"rendered":"<p>L&rsquo;\u00e9pilogue de ce <strong><a href=\"https:\/\/www.cyclismactu.net\/..\/news-cyclisme-route-tour-de-grande-bretagne-olav-kooij-6e-etape-romain-gregoire-general-90020.html\" target=\"_blank\" rel=\"nofollow noopener\">Tour de Grande-Bretagne<\/a><\/strong> 2025 se tenait ce dimanche 7 septembre ! Outre la bataille pour l&rsquo;\u00e9tape et le g\u00e9n\u00e9ral, qui ont vu respectivement <strong>Olav Kooij<\/strong> (Team Visma | Lease a Bike) et <strong>Romain Gr\u00e9goire<\/strong> (Groupama-FDJ) s\u2019illustrer, c&rsquo;\u00e9tait aussi le temps des adieux d&rsquo;une des plus grandes l\u00e9gendes de ce sport, le Gallois <strong>Geraint Thomas<\/strong> (INEOS Grenadiers). En effet, l&rsquo;homme de 39 ans a accroch\u00e9 au matin de la 6e \u00e9tape son tout dernier dossard pour un \u00ab\u00a0Last ride\u00a0\u00bb chez lui \u00e0 Cardiff. Profitant de ses derniers coups de p\u00e9dale chez les professionnels et applaudi par une foule acquise \u00e0 sa cause, le natif de Cardiff n&rsquo;a pas pu cacher son \u00e9motion \u00e0 l&rsquo;arriv\u00e9e. Il s&rsquo;est exprim\u00e9 au micro de l&rsquo;organisation.<\/p>\n<p>Vid\u00e9o &#8211; Geraint Thomas, apr\u00e8s la derni\u00e8re course de sa carri\u00e8re Lire la suite de l&rsquo;article&#13;<\/p>\n<p>\u00a0<\/p>\n<p>&#13;<br \/>\n<strong>\u00ab\u00a0Quelle fa\u00e7on de conclure&#8230;\u00a0\u00bb<\/strong>&#13;<\/p>\n<p>\u00ab\u00a0J\u2019\u00e9tais \u00e9mu en franchissant la ligne\u00a0\u00bb, admet le d\u00e9sormais n\u00e9o-retrait\u00e9. \u00ab\u00a0En traversant Birch Grove avec tous les supporters, j\u2019\u00e9tais presque au bord des larmes sur mon v\u00e9lo, ce qui \u00e9tait \u00e9trange. Et puis, oui, franchir la ligne avec Swifty (Ben Swift, ndlr), avec qui je cours depuis que nous avons 12 ans\u2026 tout est ressorti \u00e0 ce moment-l\u00e0. En parlant ensuite \u00e0 S4C (cha\u00eene de t\u00e9l\u00e9vision galloise, ndlr), je n\u2019arrivais m\u00eame plus \u00e0 parler. Mais c\u2019\u00e9tait d\u00e9finitivement \u00e9mouvant, vraiment sp\u00e9cial. Je le dis depuis l\u2019annonce du parcours : finir ici, c\u2019est juste incroyable. Les fans et tout le soutien que j\u2019ai re\u00e7us au fil des ann\u00e9es, c\u2019est exceptionnel\u00a0\u00bb, explique-t-il.<\/p>\n<p>&#13;<\/p>\n<p>\u00ab\u00a0Finir ici, c\u2019est comme boucler la boucle\u00a0\u00bb, d\u00e9clare-t-il. \u00ab\u00a0Et puis passer devant Maindy, l\u00e0 o\u00f9 tout a commenc\u00e9, il n\u2019y a pas de meilleure fa\u00e7on. Oui, l\u2019ambiance \u00e9tait irr\u00e9elle en arrivant, et sur Caerphilly Mountain aussi. En fait, tout au long de ces ann\u00e9es de course, mais particuli\u00e8rement hier et aujourd\u2019hui, c\u2019\u00e9tait fou. Traverser la ville avec autant de monde qui encourageait\u2026 C\u2019est dingue que les gens se soucient autant de mes r\u00e9sultats. \u00c7a a vraiment compt\u00e9 \u00e9norm\u00e9ment pour moi. Et, que dire ? Quelle fa\u00e7on de conclure.\u00a0\u00bb<\/p>\n<p>&#13;<\/p>\n<p>\u00ab\u00a0On a eu de la chance, pour \u00eatre honn\u00eate. La pluie s\u2019est arr\u00eat\u00e9e. Je ne pense pas qu\u2019il ait beaucoup plu pendant la course, il y avait juste les routes mouill\u00e9es. Et puis, bon, il fallait bien qu\u2019il y ait un peu d\u2019humidit\u00e9 \u00e0 un moment ou \u00e0 un autre, non ? Ensuite, je vais passer au ch\u00e2teau, puis \u00e0 Tiny Rebel \u00e0 Cardiff pour f\u00eater \u00e7a avec les copains. Apr\u00e8s, je vais d\u00e9connecter un peu, rentrer, emmener mon fils \u00e0 l\u2019\u00e9cole mardi. Retour \u00e0 la normalit\u00e9, quoi. J\u2019ai aussi l\u2019enterrement de vie de gar\u00e7on de mon fr\u00e8re au Portugal. Donc oui, je vais souffler un peu, vraiment. Faire des choses que je n\u2019ai pas souvent l\u2019occasion de faire. \u00c7a va \u00eatre sympa\u00a0\u00bb, conclut <strong>Geraint Thomas<\/strong>.<\/p>\n<p>Tour de Grande-Bretagne &#8211; Classement de la 6\u00e8 \u00e9tape Tour de Grande-Bretagne &#8211; Classement g\u00e9n\u00e9ral<\/p>\n","protected":false},"excerpt":{"rendered":"L&rsquo;\u00e9pilogue de ce Tour de Grande-Bretagne 2025 se tenait ce dimanche 7 septembre ! Outre la bataille pour&hellip;\n","protected":false},"author":2,"featured_media":375026,"comment_status":"","ping_status":"","sticky":false,"template":"","format":"standard","meta":{"footnotes":""},"categories":[1411],"tags":[1154,207,211,1011,27,209,60,210,50033,212,208,213],"class_list":{"0":"post-375025","1":"post","2":"type-post","3":"status-publish","4":"format-standard","5":"has-post-thumbnail","7":"category-cyclisme","8":"tag-cycling","9":"tag-cyclisme","10":"tag-ffc","11":"tag-fr","12":"tag-france","13":"tag-route","14":"tag-sports","15":"tag-tour-de-france","16":"tag-tour-de-grande-bretagne","17":"tag-uci","18":"tag-velo","19":"tag-world-tour"},"share_on_mastodon":{"url":"https:\/\/pubeurope.com\/@fr\/115168256343005331","error":""},"_links":{"self":[{"href":"https:\/\/www.europesays.com\/fr\/wp-json\/wp\/v2\/posts\/375025","targetHints":{"allow":["GET"]}}],"collection":[{"href":"https:\/\/www.europesays.com\/fr\/wp-json\/wp\/v2\/posts"}],"about":[{"href":"https:\/\/www.europesays.com\/fr\/wp-json\/wp\/v2\/types\/post"}],"author":[{"embeddable":true,"href":"https:\/\/www.europesays.com\/fr\/wp-json\/wp\/v2\/users\/2"}],"replies":[{"embeddable":true,"href":"https:\/\/www.europesays.com\/fr\/wp-json\/wp\/v2\/comments?post=375025"}],"version-history":[{"count":0,"href":"https:\/\/www.europesays.com\/fr\/wp-json\/wp\/v2\/posts\/375025\/revisions"}],"wp:featuredmedia":[{"embeddable":true,"href":"https:\/\/www.europesays.com\/fr\/wp-json\/wp\/v2\/media\/375026"}],"wp:attachment":[{"href":"https:\/\/www.europesays.com\/fr\/wp-json\/wp\/v2\/media?parent=375025"}],"wp:term":[{"taxonomy":"category","embeddable":true,"href":"https:\/\/www.europesays.com\/fr\/wp-json\/wp\/v2\/categories?post=375025"},{"taxonomy":"post_tag","embeddable":true,"href":"https:\/\/www.europesays.com\/fr\/wp-json\/wp\/v2\/tags?post=375025"}],"curies":[{"name":"wp","href":"https:\/\/api.w.org\/{rel}","templated":true}]}}