{"id":375027,"date":"2025-09-08T10:41:11","date_gmt":"2025-09-08T10:41:11","guid":{"rendered":"https:\/\/www.europesays.com\/fr\/375027\/"},"modified":"2025-09-08T10:41:11","modified_gmt":"2025-09-08T10:41:11","slug":"asse-mercato-pistee-par-salzbourg-la-derniere-trouvaille-des-verts-harangue-deja-les-supporters","status":"publish","type":"post","link":"https:\/\/www.europesays.com\/fr\/375027\/","title":{"rendered":"ASSE Mercato : pist\u00e9e par Salzbourg, la derni\u00e8re trouvaille des Verts harangue d\u00e9j\u00e0 les supporters !"},"content":{"rendered":"<p>\u00c0 seulement 18 ans, <strong>Modibo Sissoko<\/strong> bouscule d\u00e9j\u00e0 les codes avec un choix d\u00e9cisif et affirm\u00e9 : rejoindre l\u2019AS Saint-\u00c9tienne pour poursuivre son ascension. Loin d\u2019\u00eatre un simple transfert parmi tant d\u2019autres, la venue du milieu de terrain malien incarne une ambition nouvelle pour le club comme pour le joueur, qui r\u00eave haut et voit grand.<\/p>\n<p><strong>Un \u00e9t\u00e9 d\u00e9cisif : Sissoko choisit le Forez<\/strong><\/p>\n<p>D\u00e8s l\u2019ouverture du mercato, <strong>Modibo Sissoko<\/strong> s\u2019est retrouv\u00e9 au c\u0153ur d\u2019un tourbillon de sollicitations europ\u00e9ennes. Rep\u00e9r\u00e9 notamment par le RB Salzbourg, le jeune international U17 n\u2019a pas c\u00e9d\u00e9 aux sir\u00e8nes autrichiennes ni aux propositions d\u2019autres clubs d\u00e9j\u00e0 s\u00e9duits par son potentiel exceptionnel. Apr\u00e8s une s\u00e9rie d\u2019essais relev\u00e9s \u00e0 l\u2019\u00e9tranger, il tranche et s\u2019engage avec d\u00e9termination dans le projet st\u00e9phanois.<\/p>\n<p>Ce choix fort, il le revendique : poser ses valises dans le Forez, l\u00e0 o\u00f9 l\u2019histoire et la ferveur se conjuguent. Avec son arriv\u00e9e officialis\u00e9e cet \u00e9t\u00e9, Sissoko veut s\u2019imposer dans une \u00e9quipe \u00e0 dimension historique. Pour une <a href=\"https:\/\/www.butfootballclub.fr\/617159-asse-mercato-les-verts-officialisent-une-nouvelle-recrue\/\" target=\"_blank\" rel=\"noopener\">pr\u00e9sentation compl\u00e8te de Modibo Sissoko, nouvelle recrue de l\u2019ASSE<\/a>, la dynamique de son transfert ne laisse planer aucun doute : la page qui s\u2019ouvre sera \u00e9crite avec ambition.<\/p>\n<p><strong>Un parcours prometteur de Bamako \u00e0 Saint-\u00c9tienne<\/strong><\/p>\n<p>N\u00e9 le 17 d\u00e9cembre 2006 \u00e0 Bamako, <strong>Sissoko<\/strong> a gravi les \u00e9chelons d\u2019une fili\u00e8re d\u2019excellence. De la Magic Foot Acad\u00e9mie \u00e0 la c\u00e9l\u00e8bre acad\u00e9mie Jean-Marc Guillou, il forge son jeu dans l\u2019exigence technique et mentale, c\u00f4toyant la rigueur qui a vu \u00e9clore d\u2019autres talents maliens devenus r\u00e9f\u00e9rences.<\/p>\n<p>Le passage au <strong>Guidars FC<\/strong>, club dynamique de la capitale, parach\u00e8ve une formation exigeante. C\u2019est pourtant avec la s\u00e9lection <strong>U17 malienne<\/strong>, lors du mondial 2023, que Sissoko \u00e9clate sur la sc\u00e8ne internationale en contribuant activement \u00e0 la belle troisi\u00e8me place de son pays. Un temp\u00e9rament de comp\u00e9titeur se devine d\u00e9j\u00e0, entre engagement total et faim de victoire, valeurs justement incarn\u00e9es par la maison verte.<\/p>\n<p>Ce n\u2019est d\u2019ailleurs pas la premi\u00e8re fois que l\u2019ASSE s\u2019int\u00e9resse \u00e0 de jeunes joueurs prometteurs du continent africain, comme en t\u00e9moignent le <a href=\"https:\/\/www.butfootballclub.fr\/49797-asse-mercato-les-verts-a-la-lutte-avec-le-losc-pour-une-pepite-du-burkina-459020\/\" target=\"_blank\" rel=\"noopener\">contexte du mercato et concurrence autour des jeunes talents africains<\/a> sur le march\u00e9 actuel.<\/p>\n<p><strong>Un concurrent mentalement pr\u00eat pour le Chaudron<\/strong><\/p>\n<p>Signe des grands, Modibo Sissoko est d\u00e9j\u00e0 familier de la pression et des attentes. \u00c0 18 ans, il ne s\u2019en cache pas : int\u00e9grer <strong>Saint-\u00c9tienne<\/strong>, c\u2019est embrasser une passion, s\u2019immerger dans un environnement aussi exigeant qu\u2019unique. \u00ab Le Chaudron, c\u2019est la chaleur, la ferveur, la pression. Je suis pr\u00eat \u00e0 en faire ma force \u00bb, souffle-t-il, conscient de se retrouver devant un public fid\u00e8le.<\/p>\n<p>Reconnaissant envers l\u2019accueil re\u00e7u, il affiche une motivation sans faille \u00e0 rendre la pareille et \u00e0 s\u2019inscrire dans la tradition des joueurs qui ont marqu\u00e9 les Verts. S\u2019il veut avant tout jouer et progresser, il entend aussi \u00e9crire sa propre histoire et devenir une r\u00e9f\u00e9rence pour les jeunes talents africains.<\/p>\n<p>Son temp\u00e9rament et sa maturit\u00e9 \u00e9tonnent. Les supporters ont d\u00e9j\u00e0 pu le d\u00e9couvrir \u00e0 travers <a href=\"https:\/\/madeinsaint-etienne.ouest-france.fr\/infos\/article-asse-les-premiers-mots-de-modibo-sissoko-nouvelle-recrue-de-l-asse-494231.html\" target=\"_blank\" rel=\"noopener\">les d\u00e9buts et premi\u00e8res d\u00e9clarations de Modibo Sissoko \u00e0 l\u2019ASSE<\/a>, r\u00e9v\u00e9lant un jeune homme ambitieux, lucide et enthousiaste.<\/p>\n<p><strong>Premi\u00e8re \u00e9tape en \u00e9quipe r\u00e9serve avant le grand saut<\/strong><\/p>\n<p>Arriv\u00e9 en pr\u00eat pour une premi\u00e8re p\u00e9riode d\u2019adaptation, <strong>Sissoko<\/strong> d\u00e9couvre le Centre Robert-Herbin avec l\u2019\u00e9quipe r\u00e9serve, en National 3. Cette phase, il la vit non comme un frein mais comme un acc\u00e9l\u00e9rateur : chaque entra\u00eenement, chaque minute sur le terrain devient une opportunit\u00e9 de progresser et d\u2019affiner son jeu, avec la volont\u00e9 affich\u00e9e de s\u2019imposer \u00e0 terme chez les professionnels.<\/p>\n<p>L\u2019option d\u2019achat int\u00e9gr\u00e9e dans son contrat souligne la confiance du club dans son potentiel. Ses premi\u00e8res exp\u00e9riences en Coupe de la conf\u00e9d\u00e9ration CAF d\u00e9montrent que ce jeune milieu sait r\u00e9pondre pr\u00e9sent, tout en gardant l\u2019humilit\u00e9 qui forge les grandes carri\u00e8res. Pour appr\u00e9hender la trajectoire et les ambitions du joueur, consultez l\u2019<a href=\"https:\/\/peuple-vert.fr\/asse-actualite\/modibo-sissoko-signe-asse-itw\/\" target=\"_blank\" rel=\"noopener\">interview exclusive de Modibo Sissoko et ses ambitions \u00e0 Saint\u00e9<\/a> d\u00e9voilant sa d\u00e9termination \u00e0 marquer les esprits en vert.<\/p>\n<p>Ses objectifs sont simples et clairs :<\/p>\n<ul class=\"wp-block-list\">\n<li>Gagner en exp\u00e9rience au sein du groupe r\u00e9serve<\/li>\n<li>Saisir chaque opportunit\u00e9 de montrer son talent<\/li>\n<li>S\u2019inscrire durablement dans le projet sportif de l\u2019ASSE<\/li>\n<\/ul>\n<p>Ce dynamisme ne laisse pas indiff\u00e9rent, \u00e0 l\u2019image du club qui multiplie les initiatives pour miser sur la formation et la jeunesse. Un regard sur <a href=\"https:\/\/sportnewsafrica.com\/breve\/modibo-sissoko-la-pepite-malienne-rejoint-saint-etienne\/\" target=\"_blank\" rel=\"noopener\">le contexte du football malien et l\u2019actualit\u00e9 de Sissoko<\/a> permet de comprendre l\u2019importance de ce recrutement pour le projet st\u00e9phanois.<\/p>\n<p>L\u2019histoire malienne et st\u00e9phanoise de Modibo Sissoko ne fait que commencer. D\u00e9couvrez l\u2019\u00e9volution de ce jeune milieu de terrain prometteur \u00e0 chaque match et dans chaque d\u00e9fi, alors que le Forez retient son souffle devant la possible \u00e9closion d\u2019un futur cadre. Les Verts tiennent peut-\u00eatre l\u00e0 la p\u00e9pite qui saura, avec fra\u00eecheur et ambition, rallumer la flamme du Chaudron.<\/p>\n","protected":false},"excerpt":{"rendered":"\u00c0 seulement 18 ans, Modibo Sissoko bouscule d\u00e9j\u00e0 les codes avec un choix d\u00e9cisif et affirm\u00e9 : rejoindre&hellip;\n","protected":false},"author":2,"featured_media":375028,"comment_status":"","ping_status":"","sticky":false,"template":"","format":"standard","meta":{"footnotes":""},"categories":[1410],"tags":[11,448,63,1011,27,66,3388,12,60,10662],"class_list":{"0":"post-375027","1":"post","2":"type-post","3":"status-publish","4":"format-standard","5":"has-post-thumbnail","7":"category-football","8":"tag-actualites","9":"tag-champions-league","10":"tag-football","11":"tag-fr","12":"tag-france","13":"tag-ligue-1","14":"tag-matchs","15":"tag-news","16":"tag-sports","17":"tag-transferts"},"share_on_mastodon":{"url":"https:\/\/pubeurope.com\/@fr\/115168259826560436","error":""},"_links":{"self":[{"href":"https:\/\/www.europesays.com\/fr\/wp-json\/wp\/v2\/posts\/375027","targetHints":{"allow":["GET"]}}],"collection":[{"href":"https:\/\/www.europesays.com\/fr\/wp-json\/wp\/v2\/posts"}],"about":[{"href":"https:\/\/www.europesays.com\/fr\/wp-json\/wp\/v2\/types\/post"}],"author":[{"embeddable":true,"href":"https:\/\/www.europesays.com\/fr\/wp-json\/wp\/v2\/users\/2"}],"replies":[{"embeddable":true,"href":"https:\/\/www.europesays.com\/fr\/wp-json\/wp\/v2\/comments?post=375027"}],"version-history":[{"count":0,"href":"https:\/\/www.europesays.com\/fr\/wp-json\/wp\/v2\/posts\/375027\/revisions"}],"wp:featuredmedia":[{"embeddable":true,"href":"https:\/\/www.europesays.com\/fr\/wp-json\/wp\/v2\/media\/375028"}],"wp:attachment":[{"href":"https:\/\/www.europesays.com\/fr\/wp-json\/wp\/v2\/media?parent=375027"}],"wp:term":[{"taxonomy":"category","embeddable":true,"href":"https:\/\/www.europesays.com\/fr\/wp-json\/wp\/v2\/categories?post=375027"},{"taxonomy":"post_tag","embeddable":true,"href":"https:\/\/www.europesays.com\/fr\/wp-json\/wp\/v2\/tags?post=375027"}],"curies":[{"name":"wp","href":"https:\/\/api.w.org\/{rel}","templated":true}]}}