{"id":375029,"date":"2025-09-08T10:42:13","date_gmt":"2025-09-08T10:42:13","guid":{"rendered":"https:\/\/www.europesays.com\/fr\/375029\/"},"modified":"2025-09-08T10:42:13","modified_gmt":"2025-09-08T10:42:13","slug":"comment-laura-smet-a-vaincu-sa-peur-de-leau-dans-surface-france-2","status":"publish","type":"post","link":"https:\/\/www.europesays.com\/fr\/375029\/","title":{"rendered":"comment Laura Smet a vaincu sa peur de l\u2019eau dans Surface (France 2)"},"content":{"rendered":"<p>                             Par C\u00e9line Fontana<\/p>\n<p>                Le 8 septembre 2025 \u00e0 08h00<\/p>\n<p>    Laura Smet dans Surface sur France 2.<br \/>\n                Quad Drama.<\/p>\n<p>Lors du tournage de la s\u00e9rie adapt\u00e9e du polar d\u2019Olivier Norek, la com\u00e9dienne a d\u00fb plonger en apn\u00e9e, les yeux ouverts, pendant de longues heures.<\/p>\n<p class=\"fig-paragraph\">Au c\u0153ur de\u00a0<a href=\"https:\/\/tvmag.lefigaro.fr\/programme-tv\/programme\/surface-d154289960\" target=\"_blank\" rel=\"noopener\" data-gtm-custom-categorie=\"navigation\" data-gtm-custom-action=\"crossclick\" data-gtm-custom-label=\"Contextuel\" data-gtm-event=\"customEventSPE\">Surface<\/a> , le roman policier d\u2019Olivier Norek\u00a0? Le parcours d\u2019une femme (incarn\u00e9e par\u00a0<a href=\"https:\/\/www.lefigaro.fr\/tag\/laura-smet\" target=\"_blank\" rel=\"noopener\" data-gtm-custom-categorie=\"navigation\" data-gtm-custom-action=\"crossclick\" data-gtm-custom-label=\"Contextuel\" data-gtm-event=\"customEventSPE\"><strong>Laura Smet<\/strong><\/a> ), capitaine de police, qui a v\u00e9cu un traumatisme dans sa chair et dans son \u00e2me. Mais aussi celui, parall\u00e8le, d\u2019un village englouti suite \u00e0 la cr\u00e9ation d\u2019un barrage et marqu\u00e9 par des disparitions, 23 ans plus. Un jour, des f\u00fbts \u00e9mergent du lac&#8230;<\/p>\n<p class=\"fig-paragraph\">Le village sous l\u2019eau a \u00e9t\u00e9 reconstitu\u00e9 dans les bassins Lites pr\u00e8s de Bruxelles. Un d\u00e9cor immerg\u00e9 \u00e0 10 m\u00e8tres, co\u00fbteux, que la production a souhait\u00e9 rentabiliser, en en faisant la colonne vert\u00e9brale de la s\u00e9rie \u00e0 la diff\u00e9rence de l\u2019ouvrage. \u00ab Claire Corbetta Doll, qui avait g\u00e9r\u00e9 les 15 jours de l\u2019incendie dans\u00a0<a href=\"https:\/\/tvmag.lefigaro.fr\/programme-tv\/programme\/le-bazar-de-la-charite-d415781183\" target=\"_blank\" rel=\"noopener\" data-gtm-custom-categorie=\"navigation\" data-gtm-custom-action=\"crossclick\" data-gtm-custom-label=\"Contextuel\" data-gtm-event=\"customEventSPE\">Le Bazar de la Charit\u00e9<\/a>, est une machine de guerre\u00bb, confie la productrice\u00a0<a href=\"http:\/\/tvmag.lefigaro.fr\/programme-tv\/series\/julie-de-bona-laura-smet-iris-bucher-la-productrice-qui-defigure-ses-heroines-20240703\" target=\"_blank\" data-fig-type=\"Article\" rel=\"noopener\" data-gtm-custom-categorie=\"navigation\" data-gtm-custom-action=\"crossclick\" data-gtm-custom-label=\"Contextuel\" data-gtm-event=\"customEventSPE\" data-fig-domain=\"TVMAG\">Iris Bucher<\/a>\u00a0(Quad Drama) \u00e0 propos de l\u2019assistante r\u00e9alisatrice de Surface. \u00abElle a pr\u00e9par\u00e9 durant quatre mois cette partie du tournage qu\u2019elle a enti\u00e8rement story-board\u00e9e\u00a0\u00bb.<\/p>\n<p class=\"fig-body-link\">\n            \u00c0 lire aussi<br \/>\n        <a class=\"fig-body-link__link\" href=\"http:\/\/www.lefigaro.fr\/cinema\/tomer-sisley-revient-avec-largo-winch-aujourd-hui-je-n-ai-plus-la-crainte-qu-on-me-dise-que-je-ne-fais-que-ca-20240730\" data-fig-type=\"Article\" data-gtm-custom-categorie=\"navigation\" data-gtm-custom-action=\"crossclick\" data-gtm-custom-label=\"Contextuel\" data-gtm-event=\"customEventSPE\" data-fig-domain=\"LEFIGARO\" target=\"_blank\" rel=\"noopener\">Tomer Sisley revient avec Largo Winch\u00a0: \u00abAujourd\u2019hui, je n&rsquo;ai plus la crainte qu\u2019on me dise que je ne fais que \u00e7a\u00bb<br \/>\n    <\/a>\n<\/p>\n<p>                                    <a class=\"fig-a11y-skip a11y-hidden\" href=\"#fig-a11y-skip-main-inarticle\"><br \/>\n        Passer la publicit\u00e9<br \/>\n    <\/a><\/p>\n<p class=\"fig-paragraph\">Dans ces sc\u00e8nes,\u00a0<a href=\"http:\/\/tvmag.lefigaro.fr\/programme-tv\/series\/laura-smet-tomer-sisley-olivier-norek-l-allechant-generique-de-la-serie-surface-en-tournage-pour-france-2-20240722\" data-fig-type=\"Article\" data-gtm-custom-categorie=\"navigation\" data-gtm-custom-action=\"crossclick\" data-gtm-custom-label=\"Contextuel\" data-gtm-event=\"customEventSPE\" data-fig-domain=\"TVMAG\" target=\"_blank\" rel=\"noopener\">Tomer Sisley<\/a>, grand sportif, adepte des challenges, a r\u00e9alis\u00e9 un r\u00eave d\u2019enfant. \u00abHugo, mon personnage, est plongeur \u00e0 la fluviale. \u00c7a a suffi \u00e0 me donner l\u2019envie de jouer ce r\u00f4le, nous confiait-il sur le tournage pr\u00e8s de Castres l\u2019an pass\u00e9. J\u2019ai commenc\u00e9 la plong\u00e9e \u00e0 16 ans mais j\u2019ai un souvenir de moi \u00e0 6-7 ans, allong\u00e9 sur mon lit, imaginant que toute ma chambre \u00e9tait immerg\u00e9e d\u2019eau pour pouvoir m\u2019y balader en 3D. La premi\u00e8re sensation quand on apprend \u00e0 plonger est celle de voler\u00a0!\u00bb<\/p>\n<p>    Tomer Sisley et Laura Smet<br \/>\n                Baptiste Langinier &#8211; Quad Drama &#8211; France T\u00e9l\u00e9visions<\/p>\n<p class=\"fig-paragraph\">Laura Smet, elle, a d\u00fb apprendre l\u2019apn\u00e9e, et plonger sans masque, les yeux ouverts, en regardant dans une direction pr\u00e9cise, pour des s\u00e9quences oniriques pens\u00e9es pour la s\u00e9rie\u2026 \u00abJ\u2019ai d\u2019abord eu peur de l\u2019eau car je croyais que ce serait dans un milieu naturel, explique-t-elle. J\u2019avais d\u00e9j\u00e0 plong\u00e9, mais une exp\u00e9rience avec un requin qui m\u2019avait fait flipper. La piscine et ses 30 degr\u00e9s m\u2019ont rassur\u00e9e\u00a0! Wim Michiels, patron du studio et cadreur, aussi. Il m\u2019a form\u00e9e et m\u2019a film\u00e9e. Je savais que, derri\u00e8re la cam\u00e9ra, il verrait si je n\u2019allais pas bien. Il est capable de d\u00e9tecter un probl\u00e8me dans l\u2019\u0153il. La premi\u00e8re fois que je me suis entra\u00een\u00e9e, j\u2019avais le masque totalement embu\u00e9. Il m\u2019a dit\u00a0: \u201cC\u2019est parce que tu flippes, tu s\u00e9cr\u00e8tes un truc qui embue le masque\u201d. Il m\u2019a mise en confiance, c\u2019est un monsieur extraordinaire, d\u2019un calme olympien.\u00bb<\/p>\n<p class=\"fig-paragraph\">Laura s\u2019est ainsi entra\u00een\u00e9e avec des exercices de m\u00e9ditation active, de respiration coordonn\u00e9e&#8230; \u00abJe pouvais rester trois heures sous l\u2019eau, je n\u2019avais plus la notion du temps tellement j\u2019\u00e9tais concentr\u00e9e. En plus, quand on sort de la journ\u00e9e de tournage, on est compl\u00e8tement zen\u00a0! D\u00e9sormais \u00e0 chaque moment de stress, le visage de Wim appara\u00eet et m\u2019accompagne.\u00bb<\/p>\n","protected":false},"excerpt":{"rendered":"Par C\u00e9line Fontana Le 8 septembre 2025 \u00e0 08h00 Laura Smet dans Surface sur France 2. Quad Drama.&hellip;\n","protected":false},"author":2,"featured_media":375030,"comment_status":"","ping_status":"","sticky":false,"template":"","format":"standard","meta":{"footnotes":""},"categories":[1359],"tags":[58,59,1011,27,594,15910,973,41772],"class_list":{"0":"post-375029","1":"post","2":"type-post","3":"status-publish","4":"format-standard","5":"has-post-thumbnail","7":"category-people","8":"tag-divertissement","9":"tag-entertainment","10":"tag-fr","11":"tag-france","12":"tag-france-2","13":"tag-laura-smet","14":"tag-people","15":"tag-tomer-sisley"},"share_on_mastodon":{"url":"https:\/\/pubeurope.com\/@fr\/115168263803363237","error":""},"_links":{"self":[{"href":"https:\/\/www.europesays.com\/fr\/wp-json\/wp\/v2\/posts\/375029","targetHints":{"allow":["GET"]}}],"collection":[{"href":"https:\/\/www.europesays.com\/fr\/wp-json\/wp\/v2\/posts"}],"about":[{"href":"https:\/\/www.europesays.com\/fr\/wp-json\/wp\/v2\/types\/post"}],"author":[{"embeddable":true,"href":"https:\/\/www.europesays.com\/fr\/wp-json\/wp\/v2\/users\/2"}],"replies":[{"embeddable":true,"href":"https:\/\/www.europesays.com\/fr\/wp-json\/wp\/v2\/comments?post=375029"}],"version-history":[{"count":0,"href":"https:\/\/www.europesays.com\/fr\/wp-json\/wp\/v2\/posts\/375029\/revisions"}],"wp:featuredmedia":[{"embeddable":true,"href":"https:\/\/www.europesays.com\/fr\/wp-json\/wp\/v2\/media\/375030"}],"wp:attachment":[{"href":"https:\/\/www.europesays.com\/fr\/wp-json\/wp\/v2\/media?parent=375029"}],"wp:term":[{"taxonomy":"category","embeddable":true,"href":"https:\/\/www.europesays.com\/fr\/wp-json\/wp\/v2\/categories?post=375029"},{"taxonomy":"post_tag","embeddable":true,"href":"https:\/\/www.europesays.com\/fr\/wp-json\/wp\/v2\/tags?post=375029"}],"curies":[{"name":"wp","href":"https:\/\/api.w.org\/{rel}","templated":true}]}}