{"id":375031,"date":"2025-09-08T10:43:09","date_gmt":"2025-09-08T10:43:09","guid":{"rendered":"https:\/\/www.europesays.com\/fr\/375031\/"},"modified":"2025-09-08T10:43:09","modified_gmt":"2025-09-08T10:43:09","slug":"cest-affligeant-dune-tristesse-infinie-a-nort-sur-erdre-la-sculpture-dun-rond-point-incendiee-volontairement","status":"publish","type":"post","link":"https:\/\/www.europesays.com\/fr\/375031\/","title":{"rendered":"\u00ab\u00a0C&rsquo;est affligeant, d&rsquo;une tristesse infinie\u00a0\u00bb : \u00e0 Nort-sur-Erdre, la sculpture d&rsquo;un rond-point incendi\u00e9e volontairement"},"content":{"rendered":"<p>Dans la nuit de samedi \u00e0 dimanche, \u00ab\u00a0Troll\u00a0\u00bb, sculpture g\u00e9ante du rond-point situ\u00e9 \u00e0 l&rsquo;entr\u00e9e du centre-ville de Nort-sur-Erdre a \u00e9t\u00e9 incendi\u00e9. Install\u00e9e depuis 2021, l&rsquo;\u0153uvre a \u00e9t\u00e9 r\u00e9alis\u00e9e par les services technique de la ville. La mairie annonce porter plainte. <\/p>\n<p>C&rsquo;est une sculpture \u00e0 laquelle beaucoup de Nortais \u00e9taient attach\u00e9s, \u00ab\u00a0l&rsquo;un des symboles de la ville\u00a0\u00bb, dit le maire. Dans la nuit de samedi \u00e0 dimanche 7 septembre, aux alentours de 3h45, le \u00ab\u00a0Troll\u00a0\u00bb de Nort-sur-Erdre a \u00e9t\u00e9 incendi\u00e9. La sculpture, install\u00e9e sur un rond-point \u00e0 l&rsquo;entr\u00e9e du centre-ville, sur la D16, a \u00e9t\u00e9 vis\u00e9e volontairement. <strong>La mairie annonce porter plainte. Une enqu\u00eate de gendarmerie est en cours.<\/strong><\/p>\n<p> \u00ab\u00a0Entre col\u00e8re et tristesse\u00a0\u00bb<\/p>\n<p>\u00ab\u00a0C&rsquo;\u00e9tait l&rsquo;un des symboles de la ville\u00a0\u00bb, souligne le maire de Nort-sur-Erdre, Yves Dauv\u00e9, qui s&rsquo;est rendu sur place constater les d\u00e9g\u00e2ts ce dimanche matin, o\u00f9 tout a \u00e9t\u00e9 r\u00e9duit en cendres. Depuis 2021 pourtant, cette sculpture g\u00e9ante \u00e9tait bien l\u00e0, <strong>repr\u00e9sentant un g\u00e9ant de bois, plus connu sous le nom du Troll<\/strong>. Imagin\u00e9e et b\u00e2tie par les services techniques de la ville, \u00ab\u00a0c&rsquo;\u00e9tait une \u0153uvre particuli\u00e8re de la ville, situ\u00e9e \u00e0 un endroit o\u00f9 il y avait beaucoup de passage. Les gens y \u00e9taient beaucoup attach\u00e9s\u00a0\u00bb, t\u00e9moigne le maire.<\/p>\n<p><img loading=\"lazy\" decoding=\"async\" class=\"VisualPreview svelte-1rldrkz\" src=\"data:image\/jpeg;base64,\/9j\/2wBDACgcHiMeGSgjISMtKygwPGRBPDc3PHtYXUlkkYCZlo+AjIqgtObDoKrarYqMyP\/L2u71\/\/\/\/m8H\/\/\/\/6\/+b9\/\/j\/2wBDASstLTw1PHZBQXb4pYyl+Pj4+Pj4+Pj4+Pj4+Pj4+Pj4+Pj4+Pj4+Pj4+Pj4+Pj4+Pj4+Pj4+Pj4+Pj4+Pj4+Pj\/wAARCAAbACoDASIAAhEBAxEB\/8QAFwABAQEBAAAAAAAAAAAAAAAAAQADAv\/EABgQAQEBAQEAAAAAAAAAAAAAAAASEQEC\/8QAFgEBAQEAAAAAAAAAAAAAAAAAAAEC\/8QAFREBAQAAAAAAAAAAAAAAAAAAABH\/2gAMAwEAAhEDEQA\/ANtGuO+hRRppplSoqNaVMqVA470agy0dOhASkqP\/2Q==\" alt=\"Le fameux Troll de Nort-sur-Erdre avant qu'il ne soit incendi\u00e9\" width=\"600\" height=\"390\"\/>  Le fameux Troll de Nort-sur-Erdre avant qu&rsquo;il ne soit incendi\u00e9  &#8211; Capture d&rsquo;\u00e9cran \/ Google Maps<\/p>\n<p>\u00ab\u00a0Je suis entre la col\u00e8re et la tristesse\u00a0\u00bb, compl\u00e8te-t-il, avant d&rsquo;ajouter. \u00ab\u00a0Quel est l&rsquo;int\u00e9r\u00eat de faire \u00e7a\u00a0? De pouvoir d\u00e9truire pour d\u00e9truire\u00a0? C&rsquo;est d&rsquo;une tristesse infinie, c&rsquo;est affligeant de pouvoir toucher \u00e0 \u00e7a\u00a0\u00bb. Pour le moment, aucun suspect n&rsquo;a \u00e9t\u00e9 identifi\u00e9. Une enqu\u00eate a \u00e9t\u00e9 ouverte par la gendarmerie. <strong>Pour ce qui est de l&rsquo;avenir de ce rond-point, Yves Dauv\u00e9 estime qu&rsquo;il est encore trop t\u00f4t pour savoir<\/strong> par quoi sera remplac\u00e9 le Troll.<\/p>\n<p><img loading=\"lazy\" decoding=\"async\" class=\"VisualPreview svelte-1rldrkz\" src=\"data:image\/jpeg;base64,\/9j\/2wBDACgcHiMeGSgjISMtKygwPGRBPDc3PHtYXUlkkYCZlo+AjIqgtObDoKrarYqMyP\/L2u71\/\/\/\/m8H\/\/\/\/6\/+b9\/\/j\/2wBDASstLTw1PHZBQXb4pYyl+Pj4+Pj4+Pj4+Pj4+Pj4+Pj4+Pj4+Pj4+Pj4+Pj4+Pj4+Pj4+Pj4+Pj4+Pj4+Pj4+Pj\/wAARCAAqABIDASIAAhEBAxEB\/8QAGAAAAwEBAAAAAAAAAAAAAAAAAAECAwT\/xAAYEAEAAwEAAAAAAAAAAAAAAAAAAQISEf\/EABcBAQEBAQAAAAAAAAAAAAAAAAECAwD\/xAAVEQEBAAAAAAAAAAAAAAAAAAAAEf\/aAAwDAQACEQMRAD8A4slNW+UzVlW8YZDXgNEa9KUaKbJiqoI0DBUaGkhST6Ehwf\/Z\" alt=\"Les images de l'incendie, capt\u00e9es par une riveraine\" width=\"600\" height=\"1333\"\/>  Les images de l&rsquo;incendie, capt\u00e9es par une riveraine  &#8211; Floriane Bei (function(w, d) {     if (w.FB &#038;&#038; w.FB.XFBML &#038;&#038; w.FB.XFBML.parse) {         if (&lsquo;undefined&rsquo; == typeof w.__fbTimeout) {             w.__fbTimeout = setTimeout(function() {                 w.FB.XFBML.parse();                 w.__fbTimeout = undefined;             }, 1000);         }     } else if (&lsquo;undefined&rsquo; == typeof w.__fbTimeout) {         if (d.querySelectorAll(&lsquo;#fb-root&rsquo;).length === 0) {             var fbRoot = d.createElement(&lsquo;div&rsquo;);             fbRoot.id = &lsquo;fb-root&rsquo;;             d.querySelector(&lsquo;body&rsquo;).append(fbRoot);         }         if (d.querySelectorAll(&lsquo;#facebook-jssdk&rsquo;).length === 0) {             var fbScript = d.createElement(&lsquo;script&rsquo;);             fbScript.id = &lsquo;facebook-jssdk&rsquo;;             fbScript.src=\u00a0\u00bb\/\/connect.facebook.net\/fr_FR\/sdk.js#xfbml=1&#038;version=v2.8&#038;appId=593991304071705&Prime;;             fbScript.async = 1;             d.querySelector(&lsquo;head&rsquo;).append(fbScript);         }     } })(window, window.document); \\u003C\/script>\\\u00a0\u00bb,\\\u00a0\u00bbprovider\\\u00a0\u00bb:\\\u00a0\u00bbfacebook\\\u00a0\u00bb,\\\u00a0\u00bbdidomiPurposes\\\u00a0\u00bb:\\\u00a0\u00bbPour afficher ce contenu Facebook, vous devez accepter les cookies \\u003Cb>R\u00e9seaux Sociaux\\u003C\/b>.\\u003Cbr>\\u003Cbr>Ces cookies permettent de partager ou r\u00e9agir directement sur les r\u00e9seaux sociaux auxquels vous \u00eates connect\u00e9s ou d&rsquo;int\u00e9grer du contenu initialement post\u00e9 sur ces r\u00e9seaux sociaux. Ils permettent aussi aux r\u00e9seaux sociaux d&rsquo;utiliser vos visites sur nos sites et applications \u00e0 des fins de personnalisation et de ciblage publicitaire.\\\u00a0\u00bb,\\\u00a0\u00bbdidomiVendorId\\\u00a0\u00bb:\\\u00a0\u00bbc:facebookc-rgacRMQm\\\u00a0\u00bb}},{\\\u00a0\u00bbtype\\\u00a0\u00bb:\\\u00a0\u00bbheading\\\u00a0\u00bb,\\\u00a0\u00bblevel\\\u00a0\u00bb:2,\\\u00a0\u00bbvalue\\\u00a0\u00bb:\\\u00a0\u00bb\\\\\\\u00a0\u00bbEntre col\u00e8re et tristesse\\\\\\\u00a0\u00bb\\\u00a0\u00bb},{\\\u00a0\u00bbtype\\\u00a0\u00bb:\\\u00a0\u00bbtext\\\u00a0\u00bb,\\\u00a0\u00bbchildren\\\u00a0\u00bb:[{\\\u00a0\u00bbtype\\\u00a0\u00bb:\\\u00a0\u00bbtext\\\u00a0\u00bb,\\\u00a0\u00bbvalue\\\u00a0\u00bb:\\\u00a0\u00bb\\u003Cem>\\\\\\\u00a0\u00bbC&rsquo;\u00e9tait l&rsquo;un des symboles de la ville\\\\\\\u00a0\u00bb,\\u003C\/em> souligne le maire de Nort-sur-Erdre, Yves Dauv\u00e9, qui s&rsquo;est rendu sur place constater les d\u00e9g\u00e2ts ce dimanche matin, o\u00f9 tout a \u00e9t\u00e9 r\u00e9duit en cendres. Depuis 2021 pourtant, cette sculpture g\u00e9ante \u00e9tait bien l\u00e0, \\u003Cstrong>repr\u00e9sentant un g\u00e9ant de bois, plus connu sous le nom du Troll\\u003C\/strong>. Imagin\u00e9e et b\u00e2tie par les services techniques de la ville, \\u003Cem>\\\\\\\u00a0\u00bbc&rsquo;\u00e9tait une \u0153uvre particuli\u00e8re de la ville, situ\u00e9e \u00e0 un endroit o\u00f9 il y avait beaucoup de passage. Les gens y \u00e9taient beaucoup attach\u00e9s\\\\\\\u00a0\u00bb\\u003C\/em>, t\u00e9moigne le maire.\\\u00a0\u00bb}]},{\\\u00a0\u00bbtype\\\u00a0\u00bb:\\\u00a0\u00bbimage\\\u00a0\u00bb,\\\u00a0\u00bbdata\\\u00a0\u00bb:{\\\u00a0\u00bbimages\\\u00a0\u00bb:[{\\\u00a0\u00bburl\\\u00a0\u00bb:\\\u00a0\u00bbhttps:\/\/www.francebleu.fr\/s3\/cruiser-production-eu3\/2025\/09\/b18cbf07-e263-4e24-9a61-9ce426268925\/600_sc_troll.jpg\\\u00a0\u00bb,\\\u00a0\u00bburlWebp\\\u00a0\u00bb:\\\u00a0\u00bbhttps:\/\/www.francebleu.fr\/s3\/cruiser-production-eu3\/2025\/09\/b18cbf07-e263-4e24-9a61-9ce426268925\/600_sc_troll.webp\\\u00a0\u00bb,\\\u00a0\u00bblegend\\\u00a0\u00bb:\\\u00a0\u00bbLe fameux Troll de Nort-sur-Erdre avant qu&rsquo;il ne soit incendi\u00e9\\\u00a0\u00bb,\\\u00a0\u00bbauthor\\\u00a0\u00bb:\\\u00a0\u00bbCapture d&rsquo;\u00e9cran \/ Google Maps\\\u00a0\u00bb,\\\u00a0\u00bbcopyright\\\u00a0\u00bb:\\\u00a0\u00bbAucun(e)\\\u00a0\u00bb,\\\u00a0\u00bbwidth\\\u00a0\u00bb:600,\\\u00a0\u00bbheight\\\u00a0\u00bb:390,\\\u00a0\u00bbpreview\\\u00a0\u00bb:\\\u00a0\u00bb\/9j\/2wBDACgcHiMeGSgjISMtKygwPGRBPDc3PHtYXUlkkYCZlo+AjIqgtObDoKrarYqMyP\/L2u71\/\/\/\/m8H\/\/\/\/6\/+b9\/\/j\/2wBDASstLTw1PHZBQXb4pYyl+Pj4+Pj4+Pj4+Pj4+Pj4+Pj4+Pj4+Pj4+Pj4+Pj4+Pj4+Pj4+Pj4+Pj4+Pj4+Pj4+Pj\/wAARCAAbACoDASIAAhEBAxEB\/8QAFwABAQEBAAAAAAAAAAAAAAAAAQADAv\/EABgQAQEBAQEAAAAAAAAAAAAAAAASEQEC\/8QAFgEBAQEAAAAAAAAAAAAAAAAAAAEC\/8QAFREBAQAAAAAAAAAAAAAAAAAAABH\/2gAMAwEAAhEDEQA\/ANtGuO+hRRppplSoqNaVMqVA470agy0dOhASkqP\/2Q==\\\u00a0\u00bb,\\\u00a0\u00bbdominant\\\u00a0\u00bb:\\\u00a0\u00bb#b8b8c8\\\u00a0\u00bb}]}},{\\\u00a0\u00bbtype\\\u00a0\u00bb:\\\u00a0\u00bbtext\\\u00a0\u00bb,\\\u00a0\u00bbchildren\\\u00a0\u00bb:[{\\\u00a0\u00bbtype\\\u00a0\u00bb:\\\u00a0\u00bbtext\\\u00a0\u00bb,\\\u00a0\u00bbvalue\\\u00a0\u00bb:\\\u00a0\u00bb\\u003Cem>\\\\\\\u00a0\u00bbJe suis entre la col\u00e8re et la tristesse\\\\\\\u00a0\u00bb\\u003C\/em>, compl\u00e8te-t-il, avant d&rsquo;ajouter. \\u003Cem>\\\\\\\u00a0\u00bbQuel est l&rsquo;int\u00e9r\u00eat de faire \u00e7a\u00a0? De pouvoir d\u00e9truire pour d\u00e9truire\u00a0? C&rsquo;est d&rsquo;une tristesse infinie, c&rsquo;est affligeant de pouvoir toucher \u00e0 \u00e7a\\\\\\\u00a0\u00bb.\\u003C\/em> Pour le moment, aucun suspect n&rsquo;a \u00e9t\u00e9 identifi\u00e9. Une enqu\u00eate a \u00e9t\u00e9 ouverte par la gendarmerie. \\u003Cstrong>Pour ce qui est de l&rsquo;avenir de ce rond-point, Yves Dauv\u00e9 estime qu&rsquo;il est encore trop t\u00f4t pour savoir\\u003C\/strong> par quoi sera remplac\u00e9 le Troll.\\\u00a0\u00bb}]},{\\\u00a0\u00bbtype\\\u00a0\u00bb:\\\u00a0\u00bbimage\\\u00a0\u00bb,\\\u00a0\u00bbdata\\\u00a0\u00bb:{\\\u00a0\u00bbimages\\\u00a0\u00bb:[{\\\u00a0\u00bburl\\\u00a0\u00bb:\\\u00a0\u00bbhttps:\/\/www.francebleu.fr\/s3\/cruiser-production-eu3\/2025\/09\/b5f27abd-a699-4fd6-92b9-b127ac75ad27\/600_sc_fire.jpg\\\u00a0\u00bb,\\\u00a0\u00bburlWebp\\\u00a0\u00bb:\\\u00a0\u00bbhttps:\/\/www.francebleu.fr\/s3\/cruiser-production-eu3\/2025\/09\/b5f27abd-a699-4fd6-92b9-b127ac75ad27\/600_sc_fire.webp\\\u00a0\u00bb,\\\u00a0\u00bblegend\\\u00a0\u00bb:\\\u00a0\u00bbLes images de l&rsquo;incendie, capt\u00e9es par une riveraine\\\u00a0\u00bb,\\\u00a0\u00bbauthor\\\u00a0\u00bb:\\\u00a0\u00bbFloriane Bei\\\u00a0\u00bb,\\\u00a0\u00bbcopyright\\\u00a0\u00bb:\\\u00a0\u00bbAucun(e)\\\u00a0\u00bb,\\\u00a0\u00bbwidth\\\u00a0\u00bb:600,\\\u00a0\u00bbheight\\\u00a0\u00bb:1333,\\\u00a0\u00bbpreview\\\u00a0\u00bb:\\\u00a0\u00bb\/9j\/2wBDACgcHiMeGSgjISMtKygwPGRBPDc3PHtYXUlkkYCZlo+AjIqgtObDoKrarYqMyP\/L2u71\/\/\/\/m8H\/\/\/\/6\/+b9\/\/j\/2wBDASstLTw1PHZBQXb4pYyl+Pj4+Pj4+Pj4+Pj4+Pj4+Pj4+Pj4+Pj4+Pj4+Pj4+Pj4+Pj4+Pj4+Pj4+Pj4+Pj4+Pj\/wAARCAAqABIDASIAAhEBAxEB\/8QAGAAAAwEBAAAAAAAAAAAAAAAAAAECAwT\/xAAYEAEAAwEAAAAAAAAAAAAAAAAAAQISEf\/EABcBAQEBAQAAAAAAAAAAAAAAAAECAwD\/xAAVEQEBAAAAAAAAAAAAAAAAAAAAEf\/aAAwDAQACEQMRAD8A4slNW+UzVlW8YZDXgNEa9KUaKbJiqoI0DBUaGkhST6Ehwf\/Z\\\u00a0\u00bb,\\\u00a0\u00bbdominant\\\u00a0\u00bb:\\\u00a0\u00bb#481818\\\u00a0\u00bb}]}}],\\\u00a0\u00bbauthors\\\u00a0\u00bb:[{\\\u00a0\u00bbname\\\u00a0\u00bb:\\\u00a0\u00bbHugo Deschamps\\\u00a0\u00bb,\\\u00a0\u00bbpath\\\u00a0\u00bb:\\\u00a0\u00bbles-equipes\/hugo-deschamps\\\u00a0\u00bb,\\\u00a0\u00bbvisualsq1x\\\u00a0\u00bb:null,\\\u00a0\u00bbvisualsq2x\\\u00a0\u00bb:null,\\\u00a0\u00bbvisualsq3x\\\u00a0\u00bb:null}],\\\u00a0\u00bbgeopoints\\\u00a0\u00bb:[{\\\u00a0\u00bbcity\\\u00a0\u00bb:\\\u00a0\u00bbNort-sur-Erdre\\\u00a0\u00bb,\\\u00a0\u00bbregion\\\u00a0\u00bb:\\\u00a0\u00bbPays de la Loire\\\u00a0\u00bb,\\\u00a0\u00bbdepartment\\\u00a0\u00bb:\\\u00a0\u00bbLoire-Atlantique\\\u00a0\u00bb}],\\\u00a0\u00bbbody\\\u00a0\u00bb:[{\\\u00a0\u00bbtype\\\u00a0\u00bb:\\\u00a0\u00bbtext\\\u00a0\u00bb,\\\u00a0\u00bbchildren\\\u00a0\u00bb:[{\\\u00a0\u00bbtype\\\u00a0\u00bb:\\\u00a0\u00bbtext\\\u00a0\u00bb,\\\u00a0\u00bbvalue\\\u00a0\u00bb:\\\u00a0\u00bbC&rsquo;est une sculpture \u00e0 laquelle beaucoup de Nortais \u00e9taient attach\u00e9s, \\u003Cem>\\\\\\\u00a0\u00bbl&rsquo;un des symboles de la ville\\\\\\\u00a0\u00bb\\u003C\/em>, dit le maire. Dans la nuit de samedi \u00e0 dimanche 7 septembre, aux alentours de 3h45, le \\\\\\\u00a0\u00bbTroll\\\\\\\u00a0\u00bb de Nort-sur-Erdre a \u00e9t\u00e9 incendi\u00e9. La sculpture, install\u00e9e sur un rond-point \u00e0 l&rsquo;entr\u00e9e du centre-ville, sur la D16, a \u00e9t\u00e9 vis\u00e9e volontairement. \\u003Cstrong>La mairie annonce porter plainte. Une enqu\u00eate de gendarmerie est en cours.\\u003C\/strong>\\\u00a0\u00bb}]},{\\\u00a0\u00bbtype\\\u00a0\u00bb:\\\u00a0\u00bbembed\\\u00a0\u00bb,\\\u00a0\u00bbdata\\\u00a0\u00bb:{\\\u00a0\u00bbhtml\\\u00a0\u00bb:\\\u00a0\u00bb\\\u00a0\u00bb,\\\u00a0\u00bbprovider\\\u00a0\u00bb:\\\u00a0\u00bbinread\\\u00a0\u00bb,\\\u00a0\u00bbforceDisplay\\\u00a0\u00bb:true}},{\\\u00a0\u00bbtype\\\u00a0\u00bb:\\\u00a0\u00bbembed\\\u00a0\u00bb,\\\u00a0\u00bbdata\\\u00a0\u00bb:{\\\u00a0\u00bbhtml\\\u00a0\u00bb:\\\u00a0\u00bb\\u003Cdiv class=\\\\\\\u00a0\u00bbfb-post\\\\\\\u00a0\u00bb data-href=\\\\\\\u00a0\u00bbhttps:\/\/www.facebook.com\/FranceBleuLoireOcean\/videos\/1628280138360876\\\\\\\u00a0\u00bb data-width=\\\\\\\u00a0\u00bb560\\\\\\\u00a0\u00bb data-show-text=\\\\\\\u00a0\u00bbtrue\\\\\\\u00a0\u00bb >\\u003C\/div> \\u003Cscript> (function(w, d) {     if (w.FB &#038;&#038; w.FB.XFBML &#038;&#038; w.FB.XFBML.parse) {         if (&lsquo;undefined&rsquo; == typeof w.__fbTimeout) {             w.__fbTimeout = setTimeout(function() {                 w.FB.XFBML.parse();                 w.__fbTimeout = undefined;             }, 1000);         }     } else if (&lsquo;undefined&rsquo; == typeof w.__fbTimeout) {         if (d.querySelectorAll(&lsquo;#fb-root&rsquo;).length === 0) {             var fbRoot = d.createElement(&lsquo;div&rsquo;);             fbRoot.id = &lsquo;fb-root&rsquo;;             d.querySelector(&lsquo;body&rsquo;).append(fbRoot);         }         if (d.querySelectorAll(&lsquo;#facebook-jssdk&rsquo;).length === 0) {             var fbScript = d.createElement(&lsquo;script&rsquo;);             fbScript.id = &lsquo;facebook-jssdk&rsquo;;             fbScript.src=\u00a0\u00bb\/\/connect.facebook.net\/fr_FR\/sdk.js#xfbml=1&#038;version=v2.8&#038;appId=593991304071705&Prime;;             fbScript.async = 1;             d.querySelector(&lsquo;head&rsquo;).append(fbScript);         }     } })(window, window.document); \\u003C\/script>\\\u00a0\u00bb,\\\u00a0\u00bbprovider\\\u00a0\u00bb:\\\u00a0\u00bbfacebook\\\u00a0\u00bb,\\\u00a0\u00bbdidomiPurposes\\\u00a0\u00bb:\\\u00a0\u00bbPour afficher ce contenu Facebook, vous devez accepter les cookies \\u003Cb>R\u00e9seaux Sociaux\\u003C\/b>.\\u003Cbr>\\u003Cbr>Ces cookies permettent de partager ou r\u00e9agir directement sur les r\u00e9seaux sociaux auxquels vous \u00eates connect\u00e9s ou d&rsquo;int\u00e9grer du contenu initialement post\u00e9 sur ces r\u00e9seaux sociaux. Ils permettent aussi aux r\u00e9seaux sociaux d&rsquo;utiliser vos visites sur nos sites et applications \u00e0 des fins de personnalisation et de ciblage publicitaire.\\\u00a0\u00bb,\\\u00a0\u00bbdidomiVendorId\\\u00a0\u00bb:\\\u00a0\u00bbc:facebookc-rgacRMQm\\\u00a0\u00bb}},{\\\u00a0\u00bbtype\\\u00a0\u00bb:\\\u00a0\u00bbheading\\\u00a0\u00bb,\\\u00a0\u00bblevel\\\u00a0\u00bb:2,\\\u00a0\u00bbvalue\\\u00a0\u00bb:\\\u00a0\u00bb\\\\\\\u00a0\u00bbEntre col\u00e8re et tristesse\\\\\\\u00a0\u00bb\\\u00a0\u00bb},{\\\u00a0\u00bbtype\\\u00a0\u00bb:\\\u00a0\u00bbtext\\\u00a0\u00bb,\\\u00a0\u00bbchildren\\\u00a0\u00bb:[{\\\u00a0\u00bbtype\\\u00a0\u00bb:\\\u00a0\u00bbtext\\\u00a0\u00bb,\\\u00a0\u00bbvalue\\\u00a0\u00bb:\\\u00a0\u00bb\\u003Cem>\\\\\\\u00a0\u00bbC&rsquo;\u00e9tait l&rsquo;un des symboles de la ville\\\\\\\u00a0\u00bb,\\u003C\/em> souligne le maire de Nort-sur-Erdre, Yves Dauv\u00e9, qui s&rsquo;est rendu sur place constater les d\u00e9g\u00e2ts ce dimanche matin, o\u00f9 tout a \u00e9t\u00e9 r\u00e9duit en cendres. Depuis 2021 pourtant, cette sculpture g\u00e9ante \u00e9tait bien l\u00e0, \\u003Cstrong>repr\u00e9sentant un g\u00e9ant de bois, plus connu sous le nom du Troll\\u003C\/strong>. Imagin\u00e9e et b\u00e2tie par les services techniques de la ville, \\u003Cem>\\\\\\\u00a0\u00bbc&rsquo;\u00e9tait une \u0153uvre particuli\u00e8re de la ville, situ\u00e9e \u00e0 un endroit o\u00f9 il y avait beaucoup de passage. Les gens y \u00e9taient beaucoup attach\u00e9s\\\\\\\u00a0\u00bb\\u003C\/em>, t\u00e9moigne le maire.\\\u00a0\u00bb}]},{\\\u00a0\u00bbtype\\\u00a0\u00bb:\\\u00a0\u00bbimage\\\u00a0\u00bb,\\\u00a0\u00bbdata\\\u00a0\u00bb:{\\\u00a0\u00bbimages\\\u00a0\u00bb:[{\\\u00a0\u00bburl\\\u00a0\u00bb:\\\u00a0\u00bbhttps:\/\/www.francebleu.fr\/s3\/cruiser-production-eu3\/2025\/09\/b18cbf07-e263-4e24-9a61-9ce426268925\/600_sc_troll.jpg\\\u00a0\u00bb,\\\u00a0\u00bburlWebp\\\u00a0\u00bb:\\\u00a0\u00bbhttps:\/\/www.francebleu.fr\/s3\/cruiser-production-eu3\/2025\/09\/b18cbf07-e263-4e24-9a61-9ce426268925\/600_sc_troll.webp\\\u00a0\u00bb,\\\u00a0\u00bblegend\\\u00a0\u00bb:\\\u00a0\u00bbLe fameux Troll de Nort-sur-Erdre avant qu&rsquo;il ne soit incendi\u00e9\\\u00a0\u00bb,\\\u00a0\u00bbauthor\\\u00a0\u00bb:\\\u00a0\u00bbCapture d&rsquo;\u00e9cran \/ Google Maps\\\u00a0\u00bb,\\\u00a0\u00bbcopyright\\\u00a0\u00bb:\\\u00a0\u00bbAucun(e)\\\u00a0\u00bb,\\\u00a0\u00bbwidth\\\u00a0\u00bb:600,\\\u00a0\u00bbheight\\\u00a0\u00bb:390,\\\u00a0\u00bbpreview\\\u00a0\u00bb:\\\u00a0\u00bb\/9j\/2wBDACgcHiMeGSgjISMtKygwPGRBPDc3PHtYXUlkkYCZlo+AjIqgtObDoKrarYqMyP\/L2u71\/\/\/\/m8H\/\/\/\/6\/+b9\/\/j\/2wBDASstLTw1PHZBQXb4pYyl+Pj4+Pj4+Pj4+Pj4+Pj4+Pj4+Pj4+Pj4+Pj4+Pj4+Pj4+Pj4+Pj4+Pj4+Pj4+Pj4+Pj\/wAARCAAbACoDASIAAhEBAxEB\/8QAFwABAQEBAAAAAAAAAAAAAAAAAQADAv\/EABgQAQEBAQEAAAAAAAAAAAAAAAASEQEC\/8QAFgEBAQEAAAAAAAAAAAAAAAAAAAEC\/8QAFREBAQAAAAAAAAAAAAAAAAAAABH\/2gAMAwEAAhEDEQA\/ANtGuO+hRRppplSoqNaVMqVA470agy0dOhASkqP\/2Q==\\\u00a0\u00bb,\\\u00a0\u00bbdominant\\\u00a0\u00bb:\\\u00a0\u00bb#b8b8c8\\\u00a0\u00bb}]}},{\\\u00a0\u00bbtype\\\u00a0\u00bb:\\\u00a0\u00bbtext\\\u00a0\u00bb,\\\u00a0\u00bbchildren\\\u00a0\u00bb:[{\\\u00a0\u00bbtype\\\u00a0\u00bb:\\\u00a0\u00bbtext\\\u00a0\u00bb,\\\u00a0\u00bbvalue\\\u00a0\u00bb:\\\u00a0\u00bb\\u003Cem>\\\\\\\u00a0\u00bbJe suis entre la col\u00e8re et la tristesse\\\\\\\u00a0\u00bb\\u003C\/em>, compl\u00e8te-t-il, avant d&rsquo;ajouter. \\u003Cem>\\\\\\\u00a0\u00bbQuel est l&rsquo;int\u00e9r\u00eat de faire \u00e7a\u00a0? De pouvoir d\u00e9truire pour d\u00e9truire\u00a0? C&rsquo;est d&rsquo;une tristesse infinie, c&rsquo;est affligeant de pouvoir toucher \u00e0 \u00e7a\\\\\\\u00a0\u00bb.\\u003C\/em> Pour le moment, aucun suspect n&rsquo;a \u00e9t\u00e9 identifi\u00e9. Une enqu\u00eate a \u00e9t\u00e9 ouverte par la gendarmerie. \\u003Cstrong>Pour ce qui est de l&rsquo;avenir de ce rond-point, Yves Dauv\u00e9 estime qu&rsquo;il est encore trop t\u00f4t pour savoir\\u003C\/strong> par quoi sera remplac\u00e9 le Troll.\\\u00a0\u00bb}]},{\\\u00a0\u00bbtype\\\u00a0\u00bb:\\\u00a0\u00bbimage\\\u00a0\u00bb,\\\u00a0\u00bbdata\\\u00a0\u00bb:{\\\u00a0\u00bbimages\\\u00a0\u00bb:[{\\\u00a0\u00bburl\\\u00a0\u00bb:\\\u00a0\u00bbhttps:\/\/www.francebleu.fr\/s3\/cruiser-production-eu3\/2025\/09\/b5f27abd-a699-4fd6-92b9-b127ac75ad27\/600_sc_fire.jpg\\\u00a0\u00bb,\\\u00a0\u00bburlWebp\\\u00a0\u00bb:\\\u00a0\u00bbhttps:\/\/www.francebleu.fr\/s3\/cruiser-production-eu3\/2025\/09\/b5f27abd-a699-4fd6-92b9-b127ac75ad27\/600_sc_fire.webp\\\u00a0\u00bb,\\\u00a0\u00bblegend\\\u00a0\u00bb:\\\u00a0\u00bbLes images de l&rsquo;incendie, capt\u00e9es par une riveraine\\\u00a0\u00bb,\\\u00a0\u00bbauthor\\\u00a0\u00bb:\\\u00a0\u00bbFloriane Bei\\\u00a0\u00bb,\\\u00a0\u00bbcopyright\\\u00a0\u00bb:\\\u00a0\u00bbAucun(e)\\\u00a0\u00bb,\\\u00a0\u00bbwidth\\\u00a0\u00bb:600,\\\u00a0\u00bbheight\\\u00a0\u00bb:1333,\\\u00a0\u00bbpreview\\\u00a0\u00bb:\\\u00a0\u00bb\/9j\/2wBDACgcHiMeGSgjISMtKygwPGRBPDc3PHtYXUlkkYCZlo+AjIqgtObDoKrarYqMyP\/L2u71\/\/\/\/m8H\/\/\/\/6\/+b9\/\/j\/2wBDASstLTw1PHZBQXb4pYyl+Pj4+Pj4+Pj4+Pj4+Pj4+Pj4+Pj4+Pj4+Pj4+Pj4+Pj4+Pj4+Pj4+Pj4+Pj4+Pj4+Pj\/wAARCAAqABIDASIAAhEBAxEB\/8QAGAAAAwEBAAAAAAAAAAAAAAAAAAECAwT\/xAAYEAEAAwEAAAAAAAAAAAAAAAAAAQISEf\/EABcBAQEBAQAAAAAAAAAAAAAAAAECAwD\/xAAVEQEBAAAAAAAAAAAAAAAAAAAAEf\/aAAwDAQACEQMRAD8A4slNW+UzVlW8YZDXgNEa9KUaKbJiqoI0DBUaGkhST6Ehwf\/Z\\\u00a0\u00bb,\\\u00a0\u00bbdominant\\\u00a0\u00bb:\\\u00a0\u00bb#481818\\\u00a0\u00bb}]}}],\\\u00a0\u00bbgeoInfos\\\u00a0\u00bb:[{\\\u00a0\u00bbregion\\\u00a0\u00bb:{\\\u00a0\u00bbslug\\\u00a0\u00bb:\\\u00a0\u00bbpays-de-la-loire\\\u00a0\u00bb,\\\u00a0\u00bbtitle\\\u00a0\u00bb:\\\u00a0\u00bbPays de la Loire\\\u00a0\u00bb,\\\u00a0\u00bbcities\\\u00a0\u00bb:[{\\\u00a0\u00bbtitle\\\u00a0\u00bb:\\\u00a0\u00bbAngers\\\u00a0\u00bb,\\\u00a0\u00bbpath\\\u00a0\u00bb:\\\u00a0\u00bb\/pays-de-la-loire\/maine-et-loire-49\/angers\\\u00a0\u00bb},{\\\u00a0\u00bbtitle\\\u00a0\u00bb:\\\u00a0\u00bbCholet\\\u00a0\u00bb,\\\u00a0\u00bbpath\\\u00a0\u00bb:\\\u00a0\u00bb\/pays-de-la-loire\/maine-et-loire-49\/cholet\\\u00a0\u00bb},{\\\u00a0\u00bbtitle\\\u00a0\u00bb:\\\u00a0\u00bbLa Roche-sur-Yon\\\u00a0\u00bb,\\\u00a0\u00bbpath\\\u00a0\u00bb:\\\u00a0\u00bb\/pays-de-la-loire\/vendee-85\/roche-sur-yon\\\u00a0\u00bb},{\\\u00a0\u00bbtitle\\\u00a0\u00bb:\\\u00a0\u00bbLaval\\\u00a0\u00bb,\\\u00a0\u00bbpath\\\u00a0\u00bb:\\\u00a0\u00bb\/pays-de-la-loire\/mayenne-53\/laval\\\u00a0\u00bb},{\\\u00a0\u00bbtitle\\\u00a0\u00bb:\\\u00a0\u00bbLe Mans\\\u00a0\u00bb,\\\u00a0\u00bbpath\\\u00a0\u00bb:\\\u00a0\u00bb\/pays-de-la-loire\/sarthe-72\/mans\\\u00a0\u00bb},{\\\u00a0\u00bbtitle\\\u00a0\u00bb:\\\u00a0\u00bbNantes\\\u00a0\u00bb,\\\u00a0\u00bbpath\\\u00a0\u00bb:\\\u00a0\u00bb\/pays-de-la-loire\/loire-atlantique-44\/nantes\\\u00a0\u00bb},{\\\u00a0\u00bbtitle\\\u00a0\u00bb:\\\u00a0\u00bbLes Sables-d\u2019Olonne\\\u00a0\u00bb,\\\u00a0\u00bbpath\\\u00a0\u00bb:\\\u00a0\u00bb\/pays-de-la-loire\/vendee-85\/sables-dolonne\\\u00a0\u00bb},{\\\u00a0\u00bbtitle\\\u00a0\u00bb:\\\u00a0\u00bbSaint-Herblain\\\u00a0\u00bb,\\\u00a0\u00bbpath\\\u00a0\u00bb:\\\u00a0\u00bb\/pays-de-la-loire\/loire-atlantique-44\/saint-herblain\\\u00a0\u00bb},{\\\u00a0\u00bbtitle\\\u00a0\u00bb:\\\u00a0\u00bbSaint-Nazaire\\\u00a0\u00bb,\\\u00a0\u00bbpath\\\u00a0\u00bb:\\\u00a0\u00bb\/pays-de-la-loire\/loire-atlantique-44\/saint-nazaire\\\u00a0\u00bb},{\\\u00a0\u00bbtitle\\\u00a0\u00bb:\\\u00a0\u00bbRez\u00e9\\\u00a0\u00bb,\\\u00a0\u00bbpath\\\u00a0\u00bb:\\\u00a0\u00bb\/pays-de-la-loire\/loire-atlantique-44\/reze\\\u00a0\u00bb}],\\\u00a0\u00bbdepartments\\\u00a0\u00bb:[{\\\u00a0\u00bbslug\\\u00a0\u00bb:\\\u00a0\u00bbloire-atlantique-44\\\u00a0\u00bb,\\\u00a0\u00bbtitle\\\u00a0\u00bb:\\\u00a0\u00bbLoire-Atlantique\\\u00a0\u00bb,\\\u00a0\u00bbtitleArticle\\\u00a0\u00bb:\\\u00a0\u00bbde \\\u00a0\u00bb,\\\u00a0\u00bblocale\\\u00a0\u00bb:{\\\u00a0\u00bbmain\\\u00a0\u00bb:\\\u00a0\u00bbloire-ocean\\\u00a0\u00bb,\\\u00a0\u00bbnearest\\\u00a0\u00bb:[\\\u00a0\u00bbarmorique\\\u00a0\u00bb]},\\\u00a0\u00bbnearestDepartment\\\u00a0\u00bb:[\\\u00a0\u00bbmorbihan-56\\\u00a0\u00bb,\\\u00a0\u00bbille-et-vilaine-35\\\u00a0\u00bb,\\\u00a0\u00bbmayenne-53\\\u00a0\u00bb,\\\u00a0\u00bbmaine-et-loire-49\\\u00a0\u00bb,\\\u00a0\u00bbvendee-85\\\u00a0\u00bb],\\\u00a0\u00bbcities\\\u00a0\u00bb:[{\\\u00a0\u00bbpath\\\u00a0\u00bb:\\\u00a0\u00bb\/pays-de-la-loire\/loire-atlantique-44\/carquefou\\\u00a0\u00bb,\\\u00a0\u00bbtitle\\\u00a0\u00bb:\\\u00a0\u00bbCarquefou\\\u00a0\u00bb},{\\\u00a0\u00bbpath\\\u00a0\u00bb:\\\u00a0\u00bb\/pays-de-la-loire\/loire-atlantique-44\/coueron\\\u00a0\u00bb,\\\u00a0\u00bbtitle\\\u00a0\u00bb:\\\u00a0\u00bbCou\u00ebron\\\u00a0\u00bb},{\\\u00a0\u00bbpath\\\u00a0\u00bb:\\\u00a0\u00bb\/pays-de-la-loire\/loire-atlantique-44\/nantes\\\u00a0\u00bb,\\\u00a0\u00bbtitle\\\u00a0\u00bb:\\\u00a0\u00bbNantes\\\u00a0\u00bb},{\\\u00a0\u00bbpath\\\u00a0\u00bb:\\\u00a0\u00bb\/pays-de-la-loire\/loire-atlantique-44\/orvault\\\u00a0\u00bb,\\\u00a0\u00bbtitle\\\u00a0\u00bb:\\\u00a0\u00bbOrvault\\\u00a0\u00bb},{\\\u00a0\u00bbpath\\\u00a0\u00bb:\\\u00a0\u00bb\/pays-de-la-loire\/loire-atlantique-44\/reze\\\u00a0\u00bb,\\\u00a0\u00bbtitle\\\u00a0\u00bb:\\\u00a0\u00bbRez\u00e9\\\u00a0\u00bb},{\\\u00a0\u00bbpath\\\u00a0\u00bb:\\\u00a0\u00bb\/pays-de-la-loire\/loire-atlantique-44\/saint-herblain\\\u00a0\u00bb,\\\u00a0\u00bbtitle\\\u00a0\u00bb:\\\u00a0\u00bbSaint-Herblain\\\u00a0\u00bb},{\\\u00a0\u00bbpath\\\u00a0\u00bb:\\\u00a0\u00bb\/pays-de-la-loire\/loire-atlantique-44\/saint-nazaire\\\u00a0\u00bb,\\\u00a0\u00bbtitle\\\u00a0\u00bb:\\\u00a0\u00bbSaint-Nazaire\\\u00a0\u00bb},{\\\u00a0\u00bbpath\\\u00a0\u00bb:\\\u00a0\u00bb\/pays-de-la-loire\/loire-atlantique-44\/saint-sebastien-sur-loire\\\u00a0\u00bb,\\\u00a0\u00bbtitle\\\u00a0\u00bb:\\\u00a0\u00bbSaint-S\u00e9bastien-sur-Loire\\\u00a0\u00bb},{\\\u00a0\u00bbpath\\\u00a0\u00bb:\\\u00a0\u00bb\/pays-de-la-loire\/loire-atlantique-44\/vertou\\\u00a0\u00bb,\\\u00a0\u00bbtitle\\\u00a0\u00bb:\\\u00a0\u00bbVertou\\\u00a0\u00bb},{\\\u00a0\u00bbpath\\\u00a0\u00bb:\\\u00a0\u00bb\/pays-de-la-loire\/loire-atlantique-44\/chapelle-sur-erdre\\\u00a0\u00bb,\\\u00a0\u00bbtitle\\\u00a0\u00bb:\\\u00a0\u00bbLa Chapelle-sur-Erdre\\\u00a0\u00bb}]},{\\\u00a0\u00bbslug\\\u00a0\u00bb:\\\u00a0\u00bbmaine-et-loire-49\\\u00a0\u00bb,\\\u00a0\u00bbtitle\\\u00a0\u00bb:\\\u00a0\u00bbMaine-et-Loire\\\u00a0\u00bb,\\\u00a0\u00bbtitleArticle\\\u00a0\u00bb:\\\u00a0\u00bbdu \\\u00a0\u00bb,\\\u00a0\u00bblocale\\\u00a0\u00bb:{\\\u00a0\u00bbnearest\\\u00a0\u00bb:[\\\u00a0\u00bbloire-ocean\\\u00a0\u00bb]},\\\u00a0\u00bbnearestDepartment\\\u00a0\u00bb:[\\\u00a0\u00bbloire-atlantique-44\\\u00a0\u00bb,\\\u00a0\u00bbille-et-vilaine-35\\\u00a0\u00bb,\\\u00a0\u00bbmayenne-53\\\u00a0\u00bb,\\\u00a0\u00bbsarthe-72\\\u00a0\u00bb,\\\u00a0\u00bbindre-et-loire-37\\\u00a0\u00bb,\\\u00a0\u00bbvienne-86\\\u00a0\u00bb,\\\u00a0\u00bbdeux-sevres-79\\\u00a0\u00bb,\\\u00a0\u00bbvendee-85\\\u00a0\u00bb],\\\u00a0\u00bbcities\\\u00a0\u00bb:[{\\\u00a0\u00bbpath\\\u00a0\u00bb:\\\u00a0\u00bb\/pays-de-la-loire\/maine-et-loire-49\/angers\\\u00a0\u00bb,\\\u00a0\u00bbtitle\\\u00a0\u00bb:\\\u00a0\u00bbAngers\\\u00a0\u00bb},{\\\u00a0\u00bbpath\\\u00a0\u00bb:\\\u00a0\u00bb\/pays-de-la-loire\/maine-et-loire-49\/beaupreau-en-mauges\\\u00a0\u00bb,\\\u00a0\u00bbtitle\\\u00a0\u00bb:\\\u00a0\u00bbBeaupr\u00e9au-en-Mauges\\\u00a0\u00bb},{\\\u00a0\u00bbpath\\\u00a0\u00bb:\\\u00a0\u00bb\/pays-de-la-loire\/maine-et-loire-49\/chemille-en-anjou\\\u00a0\u00bb,\\\u00a0\u00bbtitle\\\u00a0\u00bb:\\\u00a0\u00bbChemill\u00e9-en-Anjou\\\u00a0\u00bb},{\\\u00a0\u00bbpath\\\u00a0\u00bb:\\\u00a0\u00bb\/pays-de-la-loire\/maine-et-loire-49\/cholet\\\u00a0\u00bb,\\\u00a0\u00bbtitle\\\u00a0\u00bb:\\\u00a0\u00bbCholet\\\u00a0\u00bb},{\\\u00a0\u00bbpath\\\u00a0\u00bb:\\\u00a0\u00bb\/pays-de-la-loire\/maine-et-loire-49\/mauges-sur-loire\\\u00a0\u00bb,\\\u00a0\u00bbtitle\\\u00a0\u00bb:\\\u00a0\u00bbMauges-sur-Loire\\\u00a0\u00bb},{\\\u00a0\u00bbpath\\\u00a0\u00bb:\\\u00a0\u00bb\/pays-de-la-loire\/maine-et-loire-49\/oree-d-anjou\\\u00a0\u00bb,\\\u00a0\u00bbtitle\\\u00a0\u00bb:\\\u00a0\u00bbOr\u00e9e d&rsquo;Anjou\\\u00a0\u00bb},{\\\u00a0\u00bbpath\\\u00a0\u00bb:\\\u00a0\u00bb\/pays-de-la-loire\/maine-et-loire-49\/saumur\\\u00a0\u00bb,\\\u00a0\u00bbtitle\\\u00a0\u00bb:\\\u00a0\u00bbSaumur\\\u00a0\u00bb},{\\\u00a0\u00bbpath\\\u00a0\u00bb:\\\u00a0\u00bb\/pays-de-la-loire\/maine-et-loire-49\/segre-en-anjou-bleu\\\u00a0\u00bb,\\\u00a0\u00bbtitle\\\u00a0\u00bb:\\\u00a0\u00bbSegr\u00e9-en-Anjou Bleu\\\u00a0\u00bb},{\\\u00a0\u00bbpath\\\u00a0\u00bb:\\\u00a0\u00bb\/pays-de-la-loire\/maine-et-loire-49\/sevremoine\\\u00a0\u00bb,\\\u00a0\u00bbtitle\\\u00a0\u00bb:\\\u00a0\u00bbS\u00e8vremoine\\\u00a0\u00bb},{\\\u00a0\u00bbpath\\\u00a0\u00bb:\\\u00a0\u00bb\/pays-de-la-loire\/maine-et-loire-49\/montrevault-sur-evre\\\u00a0\u00bb,\\\u00a0\u00bbtitle\\\u00a0\u00bb:\\\u00a0\u00bbMontrevault-sur-\u00c8vre\\\u00a0\u00bb}]},{\\\u00a0\u00bbslug\\\u00a0\u00bb:\\\u00a0\u00bbmayenne-53\\\u00a0\u00bb,\\\u00a0\u00bbtitle\\\u00a0\u00bb:\\\u00a0\u00bbMayenne\\\u00a0\u00bb,\\\u00a0\u00bbtitleArticle\\\u00a0\u00bb:\\\u00a0\u00bbde \\\u00a0\u00bb,\\\u00a0\u00bblocale\\\u00a0\u00bb:{\\\u00a0\u00bbmain\\\u00a0\u00bb:\\\u00a0\u00bbmayenne\\\u00a0\u00bb,\\\u00a0\u00bbnearest\\\u00a0\u00bb:[\\\u00a0\u00bbarmorique\\\u00a0\u00bb,\\\u00a0\u00bbmaine\\\u00a0\u00bb]},\\\u00a0\u00bbnearestDepartment\\\u00a0\u00bb:[\\\u00a0\u00bbille-et-vilaine-35\\\u00a0\u00bb,\\\u00a0\u00bbmanche-50\\\u00a0\u00bb,\\\u00a0\u00bborne-61\\\u00a0\u00bb,\\\u00a0\u00bbsarthe-72\\\u00a0\u00bb,\\\u00a0\u00bbmaine-et-loire-49\\\u00a0\u00bb,\\\u00a0\u00bbloire-atlantique-44\\\u00a0\u00bb],\\\u00a0\u00bbcities\\\u00a0\u00bb:[{\\\u00a0\u00bbpath\\\u00a0\u00bb:\\\u00a0\u00bb\/pays-de-la-loire\/mayenne-53\/bonchamp-les-laval\\\u00a0\u00bb,\\\u00a0\u00bbtitle\\\u00a0\u00bb:\\\u00a0\u00bbBonchamp-l\u00e8s-Laval\\\u00a0\u00bb},{\\\u00a0\u00bbpath\\\u00a0\u00bb:\\\u00a0\u00bb\/pays-de-la-loire\/mayenne-53\/change\\\u00a0\u00bb,\\\u00a0\u00bbtitle\\\u00a0\u00bb:\\\u00a0\u00bbChang\u00e9\\\u00a0\u00bb},{\\\u00a0\u00bbpath\\\u00a0\u00bb:\\\u00a0\u00bb\/pays-de-la-loire\/mayenne-53\/chateau-gontier-sur-mayenne\\\u00a0\u00bb,\\\u00a0\u00bbtitle\\\u00a0\u00bb:\\\u00a0\u00bbCh\u00e2teau-Gontier-sur-Mayenne\\\u00a0\u00bb},{\\\u00a0\u00bbpath\\\u00a0\u00bb:\\\u00a0\u00bb\/pays-de-la-loire\/mayenne-53\/craon\\\u00a0\u00bb,\\\u00a0\u00bbtitle\\\u00a0\u00bb:\\\u00a0\u00bbCraon\\\u00a0\u00bb},{\\\u00a0\u00bbpath\\\u00a0\u00bb:\\\u00a0\u00bb\/pays-de-la-loire\/mayenne-53\/ernee\\\u00a0\u00bb,\\\u00a0\u00bbtitle\\\u00a0\u00bb:\\\u00a0\u00bbErn\u00e9e\\\u00a0\u00bb},{\\\u00a0\u00bbpath\\\u00a0\u00bb:\\\u00a0\u00bb\/pays-de-la-loire\/mayenne-53\/laval\\\u00a0\u00bb,\\\u00a0\u00bbtitle\\\u00a0\u00bb:\\\u00a0\u00bbLaval\\\u00a0\u00bb},{\\\u00a0\u00bbpath\\\u00a0\u00bb:\\\u00a0\u00bb\/pays-de-la-loire\/mayenne-53\/mayenne\\\u00a0\u00bb,\\\u00a0\u00bbtitle\\\u00a0\u00bb:\\\u00a0\u00bbMayenne\\\u00a0\u00bb},{\\\u00a0\u00bbpath\\\u00a0\u00bb:\\\u00a0\u00bb\/pays-de-la-loire\/mayenne-53\/saint-berthevin\\\u00a0\u00bb,\\\u00a0\u00bbtitle\\\u00a0\u00bb:\\\u00a0\u00bbSaint-Berthevin\\\u00a0\u00bb},{\\\u00a0\u00bbpath\\\u00a0\u00bb:\\\u00a0\u00bb\/pays-de-la-loire\/mayenne-53\/evron\\\u00a0\u00bb,\\\u00a0\u00bbtitle\\\u00a0\u00bb:\\\u00a0\u00bb\u00c9vron\\\u00a0\u00bb},{\\\u00a0\u00bbpath\\\u00a0\u00bb:\\\u00a0\u00bb\/pays-de-la-loire\/mayenne-53\/huisserie\\\u00a0\u00bb,\\\u00a0\u00bbtitle\\\u00a0\u00bb:\\\u00a0\u00bbL&rsquo;Huisserie\\\u00a0\u00bb}]},{\\\u00a0\u00bbslug\\\u00a0\u00bb:\\\u00a0\u00bbsarthe-72\\\u00a0\u00bb,\\\u00a0\u00bbtitle\\\u00a0\u00bb:\\\u00a0\u00bbSarthe\\\u00a0\u00bb,\\\u00a0\u00bbtitleArticle\\\u00a0\u00bb:\\\u00a0\u00bbde \\\u00a0\u00bb,\\\u00a0\u00bblocale\\\u00a0\u00bb:{\\\u00a0\u00bbmain\\\u00a0\u00bb:\\\u00a0\u00bbmaine\\\u00a0\u00bb,\\\u00a0\u00bbnearest\\\u00a0\u00bb:[\\\u00a0\u00bbmayenne\\\u00a0\u00bb]},\\\u00a0\u00bbnearestDepartment\\\u00a0\u00bb:[\\\u00a0\u00bbmayenne-53\\\u00a0\u00bb,\\\u00a0\u00bborne-61\\\u00a0\u00bb,\\\u00a0\u00bbeure-et-loir-28\\\u00a0\u00bb,\\\u00a0\u00bbloir-et-cher-41\\\u00a0\u00bb,\\\u00a0\u00bbindre-et-loire-37\\\u00a0\u00bb,\\\u00a0\u00bbmaine-et-loire-49\\\u00a0\u00bb],\\\u00a0\u00bbcities\\\u00a0\u00bb:[{\\\u00a0\u00bbpath\\\u00a0\u00bb:\\\u00a0\u00bb\/pays-de-la-loire\/sarthe-72\/allonnes\\\u00a0\u00bb,\\\u00a0\u00bbtitle\\\u00a0\u00bb:\\\u00a0\u00bbAllonnes\\\u00a0\u00bb},{\\\u00a0\u00bbpath\\\u00a0\u00bb:\\\u00a0\u00bb\/pays-de-la-loire\/sarthe-72\/change\\\u00a0\u00bb,\\\u00a0\u00bbtitle\\\u00a0\u00bb:\\\u00a0\u00bbChang\u00e9\\\u00a0\u00bb},{\\\u00a0\u00bbpath\\\u00a0\u00bb:\\\u00a0\u00bb\/pays-de-la-loire\/sarthe-72\/coulaines\\\u00a0\u00bb,\\\u00a0\u00bbtitle\\\u00a0\u00bb:\\\u00a0\u00bbCoulaines\\\u00a0\u00bb},{\\\u00a0\u00bbpath\\\u00a0\u00bb:\\\u00a0\u00bb\/pays-de-la-loire\/sarthe-72\/mamers\\\u00a0\u00bb,\\\u00a0\u00bbtitle\\\u00a0\u00bb:\\\u00a0\u00bbMamers\\\u00a0\u00bb},{\\\u00a0\u00bbpath\\\u00a0\u00bb:\\\u00a0\u00bb\/pays-de-la-loire\/sarthe-72\/montval-sur-loir\\\u00a0\u00bb,\\\u00a0\u00bbtitle\\\u00a0\u00bb:\\\u00a0\u00bbMontval-sur-Loir\\\u00a0\u00bb},{\\\u00a0\u00bbpath\\\u00a0\u00bb:\\\u00a0\u00bb\/pays-de-la-loire\/sarthe-72\/sable-sur-sarthe\\\u00a0\u00bb,\\\u00a0\u00bbtitle\\\u00a0\u00bb:\\\u00a0\u00bbSabl\u00e9-sur-Sarthe\\\u00a0\u00bb},{\\\u00a0\u00bbpath\\\u00a0\u00bb:\\\u00a0\u00bb\/pays-de-la-loire\/sarthe-72\/arnage\\\u00a0\u00bb,\\\u00a0\u00bbtitle\\\u00a0\u00bb:\\\u00a0\u00bbArnage\\\u00a0\u00bb},{\\\u00a0\u00bbpath\\\u00a0\u00bb:\\\u00a0\u00bb\/pays-de-la-loire\/sarthe-72\/ferte-bernard\\\u00a0\u00bb,\\\u00a0\u00bbtitle\\\u00a0\u00bb:\\\u00a0\u00bbLa Fert\u00e9-Bernard\\\u00a0\u00bb},{\\\u00a0\u00bbpath\\\u00a0\u00bb:\\\u00a0\u00bb\/pays-de-la-loire\/sarthe-72\/fleche\\\u00a0\u00bb,\\\u00a0\u00bbtitle\\\u00a0\u00bb:\\\u00a0\u00bbLa Fl\u00e8che\\\u00a0\u00bb},{\\\u00a0\u00bbpath\\\u00a0\u00bb:\\\u00a0\u00bb\/pays-de-la-loire\/sarthe-72\/mans\\\u00a0\u00bb,\\\u00a0\u00bbtitle\\\u00a0\u00bb:\\\u00a0\u00bbLe Mans\\\u00a0\u00bb}]},{\\\u00a0\u00bbslug\\\u00a0\u00bb:\\\u00a0\u00bbvendee-85\\\u00a0\u00bb,\\\u00a0\u00bbtitle\\\u00a0\u00bb:\\\u00a0\u00bbVend\u00e9e\\\u00a0\u00bb,\\\u00a0\u00bbtitleArticle\\\u00a0\u00bb:\\\u00a0\u00bbde \\\u00a0\u00bb,\\\u00a0\u00bblocale\\\u00a0\u00bb:{\\\u00a0\u00bbnearest\\\u00a0\u00bb:[\\\u00a0\u00bbloire-ocean\\\u00a0\u00bb]},\\\u00a0\u00bbnearestDepartment\\\u00a0\u00bb:[\\\u00a0\u00bbloire-atlantique-44\\\u00a0\u00bb,\\\u00a0\u00bbmaine-et-loire-49\\\u00a0\u00bb,\\\u00a0\u00bbdeux-sevres-79\\\u00a0\u00bb,\\\u00a0\u00bbcharente-maritime-17\\\u00a0\u00bb],\\\u00a0\u00bbcities\\\u00a0\u00bb:[{\\\u00a0\u00bbpath\\\u00a0\u00bb:\\\u00a0\u00bb\/pays-de-la-loire\/vendee-85\/aizenay\\\u00a0\u00bb,\\\u00a0\u00bbtitle\\\u00a0\u00bb:\\\u00a0\u00bbAizenay\\\u00a0\u00bb},{\\\u00a0\u00bbpath\\\u00a0\u00bb:\\\u00a0\u00bb\/pays-de-la-loire\/vendee-85\/challans\\\u00a0\u00bb,\\\u00a0\u00bbtitle\\\u00a0\u00bb:\\\u00a0\u00bbChallans\\\u00a0\u00bb},{\\\u00a0\u00bbpath\\\u00a0\u00bb:\\\u00a0\u00bb\/pays-de-la-loire\/vendee-85\/fontenay-le-comte\\\u00a0\u00bb,\\\u00a0\u00bbtitle\\\u00a0\u00bb:\\\u00a0\u00bbFontenay-le-Comte\\\u00a0\u00bb},{\\\u00a0\u00bbpath\\\u00a0\u00bb:\\\u00a0\u00bb\/pays-de-la-loire\/vendee-85\/lucon\\\u00a0\u00bb,\\\u00a0\u00bbtitle\\\u00a0\u00bb:\\\u00a0\u00bbLu\u00e7on\\\u00a0\u00bb},{\\\u00a0\u00bbpath\\\u00a0\u00bb:\\\u00a0\u00bb\/pays-de-la-loire\/vendee-85\/montaigu-vendee\\\u00a0\u00bb,\\\u00a0\u00bbtitle\\\u00a0\u00bb:\\\u00a0\u00bbMontaigu-Vend\u00e9e\\\u00a0\u00bb},{\\\u00a0\u00bbpath\\\u00a0\u00bb:\\\u00a0\u00bb\/pays-de-la-loire\/vendee-85\/saint-hilaire-de-riez\\\u00a0\u00bb,\\\u00a0\u00bbtitle\\\u00a0\u00bb:\\\u00a0\u00bbSaint-Hilaire-de-Riez\\\u00a0\u00bb},{\\\u00a0\u00bbpath\\\u00a0\u00bb:\\\u00a0\u00bb\/pays-de-la-loire\/vendee-85\/essarts-en-bocage\\\u00a0\u00bb,\\\u00a0\u00bbtitle\\\u00a0\u00bb:\\\u00a0\u00bbEssarts en Bocage\\\u00a0\u00bb},{\\\u00a0\u00bbpath\\\u00a0\u00bb:\\\u00a0\u00bb\/pays-de-la-loire\/vendee-85\/roche-sur-yon\\\u00a0\u00bb,\\\u00a0\u00bbtitle\\\u00a0\u00bb:\\\u00a0\u00bbLa Roche-sur-Yon\\\u00a0\u00bb},{\\\u00a0\u00bbpath\\\u00a0\u00bb:\\\u00a0\u00bb\/pays-de-la-loire\/vendee-85\/herbiers\\\u00a0\u00bb,\\\u00a0\u00bbtitle\\\u00a0\u00bb:\\\u00a0\u00bbLes Herbiers\\\u00a0\u00bb},{\\\u00a0\u00bbpath\\\u00a0\u00bb:\\\u00a0\u00bb\/pays-de-la-loire\/vendee-85\/sables-dolonne\\\u00a0\u00bb,\\\u00a0\u00bbtitle\\\u00a0\u00bb:\\\u00a0\u00bbLes Sables-d&rsquo;Olonne\\\u00a0\u00bb}]}],\\\u00a0\u00bbtitleArticle\\\u00a0\u00bb:\\\u00a0\u00bbdes \\\u00a0\u00bb,\\\u00a0\u00bbtitleHtml\\\u00a0\u00bb:\\\u00a0\u00bbPays de\u00a0la\u00a0Loire\\\u00a0\u00bb,\\\u00a0\u00bbnearestRegion\\\u00a0\u00bb:[\\\u00a0\u00bbbretagne\\\u00a0\u00bb,\\\u00a0\u00bbnormandie\\\u00a0\u00bb,\\\u00a0\u00bbcentre-val-de-loire\\\u00a0\u00bb,\\\u00a0\u00bbnouvelle-aquitaine\\\u00a0\u00bb],\\\u00a0\u00bbnearestLocales\\\u00a0\u00bb:[\\\u00a0\u00bbloire-ocean\\\u00a0\u00bb,\\\u00a0\u00bbmayenne\\\u00a0\u00bb,\\\u00a0\u00bbmaine\\\u00a0\u00bb]},\\\u00a0\u00bbdepartment\\\u00a0\u00bb:{\\\u00a0\u00bbslug\\\u00a0\u00bb:\\\u00a0\u00bbloire-atlantique-44\\\u00a0\u00bb,\\\u00a0\u00bbtitle\\\u00a0\u00bb:\\\u00a0\u00bbLoire-Atlantique\\\u00a0\u00bb,\\\u00a0\u00bbtitleArticle\\\u00a0\u00bb:\\\u00a0\u00bbde \\\u00a0\u00bb,\\\u00a0\u00bblocale\\\u00a0\u00bb:{\\\u00a0\u00bbmain\\\u00a0\u00bb:\\\u00a0\u00bbloire-ocean\\\u00a0\u00bb,\\\u00a0\u00bbnearest\\\u00a0\u00bb:[\\\u00a0\u00bbarmorique\\\u00a0\u00bb]},\\\u00a0\u00bbnearestDepartment\\\u00a0\u00bb:[\\\u00a0\u00bbmorbihan-56\\\u00a0\u00bb,\\\u00a0\u00bbille-et-vilaine-35\\\u00a0\u00bb,\\\u00a0\u00bbmayenne-53\\\u00a0\u00bb,\\\u00a0\u00bbmaine-et-loire-49\\\u00a0\u00bb,\\\u00a0\u00bbvendee-85\\\u00a0\u00bb],\\\u00a0\u00bbcities\\\u00a0\u00bb:[{\\\u00a0\u00bbpath\\\u00a0\u00bb:\\\u00a0\u00bb\/pays-de-la-loire\/loire-atlantique-44\/carquefou\\\u00a0\u00bb,\\\u00a0\u00bbtitle\\\u00a0\u00bb:\\\u00a0\u00bbCarquefou\\\u00a0\u00bb},{\\\u00a0\u00bbpath\\\u00a0\u00bb:\\\u00a0\u00bb\/pays-de-la-loire\/loire-atlantique-44\/coueron\\\u00a0\u00bb,\\\u00a0\u00bbtitle\\\u00a0\u00bb:\\\u00a0\u00bbCou\u00ebron\\\u00a0\u00bb},{\\\u00a0\u00bbpath\\\u00a0\u00bb:\\\u00a0\u00bb\/pays-de-la-loire\/loire-atlantique-44\/nantes\\\u00a0\u00bb,\\\u00a0\u00bbtitle\\\u00a0\u00bb:\\\u00a0\u00bbNantes\\\u00a0\u00bb},{\\\u00a0\u00bbpath\\\u00a0\u00bb:\\\u00a0\u00bb\/pays-de-la-loire\/loire-atlantique-44\/orvault\\\u00a0\u00bb,\\\u00a0\u00bbtitle\\\u00a0\u00bb:\\\u00a0\u00bbOrvault\\\u00a0\u00bb},{\\\u00a0\u00bbpath\\\u00a0\u00bb:\\\u00a0\u00bb\/pays-de-la-loire\/loire-atlantique-44\/reze\\\u00a0\u00bb,\\\u00a0\u00bbtitle\\\u00a0\u00bb:\\\u00a0\u00bbRez\u00e9\\\u00a0\u00bb},{\\\u00a0\u00bbpath\\\u00a0\u00bb:\\\u00a0\u00bb\/pays-de-la-loire\/loire-atlantique-44\/saint-herblain\\\u00a0\u00bb,\\\u00a0\u00bbtitle\\\u00a0\u00bb:\\\u00a0\u00bbSaint-Herblain\\\u00a0\u00bb},{\\\u00a0\u00bbpath\\\u00a0\u00bb:\\\u00a0\u00bb\/pays-de-la-loire\/loire-atlantique-44\/saint-nazaire\\\u00a0\u00bb,\\\u00a0\u00bbtitle\\\u00a0\u00bb:\\\u00a0\u00bbSaint-Nazaire\\\u00a0\u00bb},{\\\u00a0\u00bbpath\\\u00a0\u00bb:\\\u00a0\u00bb\/pays-de-la-loire\/loire-atlantique-44\/saint-sebastien-sur-loire\\\u00a0\u00bb,\\\u00a0\u00bbtitle\\\u00a0\u00bb:\\\u00a0\u00bbSaint-S\u00e9bastien-sur-Loire\\\u00a0\u00bb},{\\\u00a0\u00bbpath\\\u00a0\u00bb:\\\u00a0\u00bb\/pays-de-la-loire\/loire-atlantique-44\/vertou\\\u00a0\u00bb,\\\u00a0\u00bbtitle\\\u00a0\u00bb:\\\u00a0\u00bbVertou\\\u00a0\u00bb},{\\\u00a0\u00bbpath\\\u00a0\u00bb:\\\u00a0\u00bb\/pays-de-la-loire\/loire-atlantique-44\/chapelle-sur-erdre\\\u00a0\u00bb,\\\u00a0\u00bbtitle\\\u00a0\u00bb:\\\u00a0\u00bbLa Chapelle-sur-Erdre\\\u00a0\u00bb}],\\\u00a0\u00bbregionSlug\\\u00a0\u00bb:\\\u00a0\u00bbpays-de-la-loire\\\u00a0\u00bb},\\\u00a0\u00bbcity\\\u00a0\u00bb:{\\\u00a0\u00bbtitle\\\u00a0\u00bb:\\\u00a0\u00bbNort-sur-Erdre\\\u00a0\u00bb,\\\u00a0\u00bbslug\\\u00a0\u00bb:\\\u00a0\u00bbnort-sur-erdre\\\u00a0\u00bb,\\\u00a0\u00bbinseeCode\\\u00a0\u00bb:\\\u00a0\u00bb44110\\\u00a0\u00bb}}],\\\u00a0\u00bbeditorialInfo\\\u00a0\u00bb:{\\\u00a0\u00bbstrPublishedDate\\\u00a0\u00bb:\\\u00a0\u00bbdimanche 7 septembre 2025 \u00e0 18:15\\\u00a0\u00bb,\\\u00a0\u00bbpublishedDateISOString\\\u00a0\u00bb:\\\u00a0\u00bb2025-09-07T16:15:59.000Z\\\u00a0\u00bb,\\\u00a0\u00bbstrManualUpdate\\\u00a0\u00bb:null,\\\u00a0\u00bbmanualUpdateISOString\\\u00a0\u00bb:null,\\\u00a0\u00bbauthors\\\u00a0\u00bb:[{\\\u00a0\u00bbtitle\\\u00a0\u00bb:\\\u00a0\u00bbHugo Deschamps\\\u00a0\u00bb,\\\u00a0\u00bbpath\\\u00a0\u00bb:\\\u00a0\u00bbles-equipes\/hugo-deschamps\\\u00a0\u00bb,\\\u00a0\u00bbvisual\\\u00a0\u00bb:null}]},\\\u00a0\u00bbvisual\\\u00a0\u00bb:{\\\u00a0\u00bbsquare\\\u00a0\u00bb:{\\\u00a0\u00bbjpg\\\u00a0\u00bb:[],\\\u00a0\u00bbwebp\\\u00a0\u00bb:[]},\\\u00a0\u00bbnormal\\\u00a0\u00bb:{\\\u00a0\u00bbjpg\\\u00a0\u00bb:[{\\\u00a0\u00bbw\\\u00a0\u00bb:320,\\\u00a0\u00bburl\\\u00a0\u00bb:\\\u00a0\u00bbhttps:\/\/www.francebleu.fr\/s3\/cruiser-production-eu3\/2025\/09\/8c81cd2e-97c4-4b99-8c25-1acef4925ca0\/320x170_sc_whatsapp-image-2025-09-07-at-17-51-29.jpg\\\u00a0\u00bb},{\\\u00a0\u00bbw\\\u00a0\u00bb:560,\\\u00a0\u00bburl\\\u00a0\u00bb:\\\u00a0\u00bbhttps:\/\/www.francebleu.fr\/s3\/cruiser-production-eu3\/2025\/09\/8c81cd2e-97c4-4b99-8c25-1acef4925ca0\/560x315_sc_whatsapp-image-2025-09-07-at-17-51-29.jpg\\\u00a0\u00bb},{\\\u00a0\u00bbw\\\u00a0\u00bb:1200,\\\u00a0\u00bburl\\\u00a0\u00bb:\\\u00a0\u00bbhttps:\/\/www.francebleu.fr\/s3\/cruiser-production-eu3\/2025\/09\/8c81cd2e-97c4-4b99-8c25-1acef4925ca0\/1200x680_sc_whatsapp-image-2025-09-07-at-17-51-29.jpg\\\u00a0\u00bb}],\\\u00a0\u00bbwebp\\\u00a0\u00bb:[{\\\u00a0\u00bbw\\\u00a0\u00bb:320,\\\u00a0\u00bburl\\\u00a0\u00bb:\\\u00a0\u00bbhttps:\/\/www.francebleu.fr\/s3\/cruiser-production-eu3\/2025\/09\/8c81cd2e-97c4-4b99-8c25-1acef4925ca0\/320x170_sc_whatsapp-image-2025-09-07-at-17-51-29.webp\\\u00a0\u00bb},{\\\u00a0\u00bbw\\\u00a0\u00bb:560,\\\u00a0\u00bburl\\\u00a0\u00bb:\\\u00a0\u00bbhttps:\/\/www.francebleu.fr\/s3\/cruiser-production-eu3\/2025\/09\/8c81cd2e-97c4-4b99-8c25-1acef4925ca0\/560x315_sc_whatsapp-image-2025-09-07-at-17-51-29.webp\\\u00a0\u00bb},{\\\u00a0\u00bbw\\\u00a0\u00bb:1200,\\\u00a0\u00bburl\\\u00a0\u00bb:\\\u00a0\u00bbhttps:\/\/www.francebleu.fr\/s3\/cruiser-production-eu3\/2025\/09\/8c81cd2e-97c4-4b99-8c25-1acef4925ca0\/1200x680_sc_whatsapp-image-2025-09-07-at-17-51-29.webp\\\u00a0\u00bb}]},\\\u00a0\u00bbpreview\\\u00a0\u00bb:\\\u00a0\u00bbdata:image\/jpeg;base64,\/9j\/2wBDACgcHiMeGSgjISMtKygwPGRBPDc3PHtYXUlkkYCZlo+AjIqgtObDoKrarYqMyP\/L2u71\/\/\/\/m8H\/\/\/\/6\/+b9\/\/j\/2wBDASstLTw1PHZBQXb4pYyl+Pj4+Pj4+Pj4+Pj4+Pj4+Pj4+Pj4+Pj4+Pj4+Pj4+Pj4+Pj4+Pj4+Pj4+Pj4+Pj4+Pj\/wAARCAAXACoDASIAAhEBAxEB\/8QAGAAAAwEBAAAAAAAAAAAAAAAAAAEDAgT\/xAAZEAEBAQEBAQAAAAAAAAAAAAAAAQISAxH\/xAAVAQEBAAAAAAAAAAAAAAAAAAAAAf\/EABQRAQAAAAAAAAAAAAAAAAAAAAD\/2gAMAwEAAhEDEQA\/AJStzSQ+oOjO1J6OSabmgdPY7Qmj6BGwgAJqAA1DAB\/\/2Q==\\\u00a0\u00bb,\\\u00a0\u00bblegend\\\u00a0\u00bb:\\\u00a0\u00bbCe qu&rsquo;il restait de la sculpture, ce dimanche matin\\\u00a0\u00bb,\\\u00a0\u00bbcopyright\\\u00a0\u00bb:false,\\\u00a0\u00bbauthor\\\u00a0\u00bb:\\\u00a0\u00bbYves Dauv\u00e9\\\u00a0\u00bb}}},\\\u00a0\u00bbdisplay\\\u00a0\u00bb:{\\\u00a0\u00bbnewsFlash\\\u00a0\u00bb:[],\\\u00a0\u00bbhighBanner\\\u00a0\u00bb:true}}\u00a0\u00bb}<\/p>\n","protected":false},"excerpt":{"rendered":"Dans la nuit de samedi \u00e0 dimanche, \u00ab\u00a0Troll\u00a0\u00bb, sculpture g\u00e9ante du rond-point situ\u00e9 \u00e0 l&rsquo;entr\u00e9e du centre-ville de&hellip;\n","protected":false},"author":2,"featured_media":375032,"comment_status":"","ping_status":"","sticky":false,"template":"","format":"standard","meta":{"footnotes":""},"categories":[1358],"tags":[1348,1384,1385,1386,58,59,1011,27],"class_list":{"0":"post-375031","1":"post","2":"type-post","3":"status-publish","4":"format-standard","5":"has-post-thumbnail","7":"category-arts-et-design","8":"tag-arts","9":"tag-arts-and-design","10":"tag-arts-et-design","11":"tag-design","12":"tag-divertissement","13":"tag-entertainment","14":"tag-fr","15":"tag-france"},"share_on_mastodon":{"url":"https:\/\/pubeurope.com\/@fr\/115168267854672307","error":""},"_links":{"self":[{"href":"https:\/\/www.europesays.com\/fr\/wp-json\/wp\/v2\/posts\/375031","targetHints":{"allow":["GET"]}}],"collection":[{"href":"https:\/\/www.europesays.com\/fr\/wp-json\/wp\/v2\/posts"}],"about":[{"href":"https:\/\/www.europesays.com\/fr\/wp-json\/wp\/v2\/types\/post"}],"author":[{"embeddable":true,"href":"https:\/\/www.europesays.com\/fr\/wp-json\/wp\/v2\/users\/2"}],"replies":[{"embeddable":true,"href":"https:\/\/www.europesays.com\/fr\/wp-json\/wp\/v2\/comments?post=375031"}],"version-history":[{"count":0,"href":"https:\/\/www.europesays.com\/fr\/wp-json\/wp\/v2\/posts\/375031\/revisions"}],"wp:featuredmedia":[{"embeddable":true,"href":"https:\/\/www.europesays.com\/fr\/wp-json\/wp\/v2\/media\/375032"}],"wp:attachment":[{"href":"https:\/\/www.europesays.com\/fr\/wp-json\/wp\/v2\/media?parent=375031"}],"wp:term":[{"taxonomy":"category","embeddable":true,"href":"https:\/\/www.europesays.com\/fr\/wp-json\/wp\/v2\/categories?post=375031"},{"taxonomy":"post_tag","embeddable":true,"href":"https:\/\/www.europesays.com\/fr\/wp-json\/wp\/v2\/tags?post=375031"}],"curies":[{"name":"wp","href":"https:\/\/api.w.org\/{rel}","templated":true}]}}